{"id":1027,"date":"2018-10-15T14:12:23","date_gmt":"2018-10-15T14:12:23","guid":{"rendered":"https:\/\/www.rentila.es\/blog\/?p=1027"},"modified":"2021-01-20T17:52:02","modified_gmt":"2021-01-20T17:52:02","slug":"puntos-a-cumplir-antes-de-alquilar-una-propiedad","status":"publish","type":"post","link":"https:\/\/www.rentila.es\/blog\/puntos-a-cumplir-antes-de-alquilar-una-propiedad\/","title":{"rendered":"Puntos a cumplir antes de alquilar una propiedad"},"content":{"rendered":"<div><img decoding=\"async\" class=\"alignleft size-full wp-image-516\" title=\"newspaper\" src=\"https:\/\/www.rentila.es\/assets\/img\/blog\/furniture_1400.png\" alt=\"Puntos a cumplir antes de alquilar una propiedad\" width=\"100%\" height=\"\"><\/div>\n<div class=\"sommaire\">\n<div class=\"phase-content__flag phase-1\">Resumen<\/div>\n<ul>\n<li><a href=\"#1\">Conservar la vivienda en condiciones de habitabilidad<\/a><\/li>\n<li><a href=\"#2\">Respetar la duraci\u00f3n pactada<\/a><\/li>\n<li><a href=\"#3\">Devoluci\u00f3n de la fianza legal<\/a><\/li>\n<li><a href=\"#4\">Permitir que el inquilino ceda el contrato a otras personas en determinados casos<\/a><\/li>\n<li><a href=\"#5\">Hacer reformas en caso de discapacidad propia o del c\u00f3nyuge<\/a><\/li>\n<li><a href=\"#6\">Mantener el contrato de alquiler pese al cambio de propietario<\/a><\/li>\n<\/ul>\n<\/div>\n<p class=\"lead\">\u00bfQuiere alquilar una propiedad? Antes de comenzar a alquilar debe tener en cuenta algunos puntos a cumplir. Debe procurar mantenerse dentro del marco legal que enmarca los alquileres inmobiliarios y as\u00ed evitar problemas futuros.<\/p>\n<p><!--more--><br \/>\nCuando se firma un contrato de alquiler con un inquilino, legalmente, este contrato lo une a \u00e9l y define los derechos y obligaciones de cada uno. Las obligaciones b\u00e1sicas del propietario aparecen en diversos art\u00edculos de la Ley de Arrendamientos Urbanos y se pueden resumir en las siguientes:<\/p>\n<h2 id=\"1\">Conservar la vivienda en condiciones de habitabilidad<\/h2>\n<p>Para alquilar una propiedad esta debe cumplir una serie de criterios: garantizar la seguridad, tranquilidad y salud de los inquilinos, y tambi\u00e9n, mediante criterios de superficie y volumen, una comodidad m\u00ednima.<\/p>\n<p>Esta es la principal obligaci\u00f3n de todo propietario y supone realizar todas las reparaciones necesarias para que la vivienda sea habitable, sin derecho a subir la renta. Por ejemplo, si se estropea la calefacci\u00f3n, salvo que sea por negligencia del inquilino, el arreglo corresponde al propietario.<\/p>\n<h2 id=\"2\">Respetar la duraci\u00f3n pactada<\/h2>\n<p>El propietario no puede terminar el contrato en cualquier momento salvo que exista un incumplimiento del inquilino o se de alguno de los casos legalmente previstos. El alquiler tendr\u00e1 que alcanzar una duraci\u00f3n m\u00ednima de 3 a\u00f1os.<\/p>\n<h2 id=\"3\">Devoluci\u00f3n de la fianza legal<\/h2>\n<p>En el caso en que el alquiler finalice y no existan incumplimientos del inquilino (no deba ning\u00fan mes de renta, suministros, u otros gastos y la vivienda est\u00e9 en buen estado), el propietario deber\u00e1 devolver la fianza legal de un mes de renta que entreg\u00f3 el inquilino en el momento de la firma del contrato.<\/p>\n<h2 id=\"4\">Permitir que el inquilino ceda el contrato a otras personas en determinados casos<\/h2>\n<p>El propietario tiene obligaci\u00f3n de permitir que contin\u00fae el alquiler de la vivienda, aunque en ella no viva el inquilino sino su c\u00f3nyuge no separado legalmente o de hecho o sus hijos. Adem\u00e1s, en caso de nulidad, separaci\u00f3n o divorcio el c\u00f3nyuge del inquilino puede pasar a ser titular del alquiler si as\u00ed lo decide un juzgado.<\/p>\n<h2 id=\"5\">Hacer reformas en caso de discapacidad propia o del c\u00f3nyuge<\/h2>\n<p>El propietario tiene la obligaci\u00f3n de permitir obras de adaptabilidad en el interior de la vivienda si el inquilino, su c\u00f3nyuge o las personas o familiares que conviven de forma permanente en la vivienda tienen alguna discapacidad o m\u00e1s de 70 a\u00f1os. Eso s\u00ed, estas no deben afectar a elementos o servicios comunes del edificio, ni a la estabilidad o seguridad de este, y, finalizado el contrato, el propietario puede exigir que el inmueble quede tal y como estaba al principio.<\/p>\n<h2 id=\"6\">Mantener el contrato de alquiler pese al cambio de propietario<\/h2>\n<p>Si se ha comprado una vivienda con inquilinos y se encuentra inscrita en el Registro de la Propiedad, se tiene la obligaci\u00f3n de mantener el contrato de alquiler a estos, sus c\u00f3nyuges no separados legalmente o de hecho, o sus hijos dependientes con los mismos derechos y obligaciones que ten\u00edan hasta ese momento.<\/p>\n<p>En caso que el inquilino quiera hacer uso de la vivienda puede continuar durante tres meses. Deber\u00e1 pagar\u00e1 la renta y otras cantidades que se devenguen, y podr\u00e1 reclamar al vendedor una indemnizaci\u00f3n por da\u00f1os y perjuicios.<\/p>\n<h2>Pago de impuestos y tasas municipales<\/h2>\n<p>El propietario tendr\u00e1 obligaci\u00f3n de pagar los impuestos que se refieran a la vivienda como el Impuesto sobre Bienes Inmuebles o la Tasa de Basuras, aunque podr\u00e1 repercutir el pago al inquilino.<\/p>\n<p>Es importante tener en cuenta que como propietario en el caso en que incumpla sus obligaciones, el inquilino tiene derecho a reclamar el cumplimiento y la resoluci\u00f3n del contrato, adem\u00e1s de una indemnizaci\u00f3n si se han producido da\u00f1os y perjuicios.<\/p>\n<div class=\"rpbt_shortcode\">\n<h3>Art\u00edculos Relacionados<\/h3>\n<ul>\n\t\t\t\t\t\n\t\t\t<li>\n\t\t\t\t<a href=\"https:\/\/www.rentila.es\/blog\/cuanto-es-realmente-su-inversion-inmobiliaria-de-alquiler\/\">\u00bfCu\u00e1l es realmente la rentabilidad de su inversi\u00f3n inmobiliaria de alquiler?<\/a>\n\t\t\t<\/li>\n\t\t\t\t\t\n\t\t\t<li>\n\t\t\t\t<a href=\"https:\/\/www.rentila.es\/blog\/alquiler-de-habitaciones-a-varios-inquilinos\/\">Alquiler de habitaciones a varios inquilinos<\/a>\n\t\t\t<\/li>\n\t\t\t\t\t\n\t\t\t<li>\n\t\t\t\t<a href=\"https:\/\/www.rentila.es\/blog\/gestionar-el-alquiler-de-una-propiedad\/\">Alquiler de bienes inmuebles: gestionar el alquiler de una propiedad<\/a>\n\t\t\t<\/li>\n\t\t\t<\/ul>\n<\/div>\n","protected":false},"excerpt":{"rendered":"<p>Resumen Conservar la vivienda en condiciones de habitabilidad Respetar la duraci\u00f3n pactada Devoluci\u00f3n de la fianza legal Permitir que el inquilino ceda el contrato a otras personas en determinados casos Hacer reformas en caso de discapacidad propia o del c\u00f3nyuge Mantener el contrato de alquiler pese al cambio de propietario \u00bfQuiere alquilar una propiedad? Antes [&hellip;]<\/p>\n","protected":false},"author":5,"featured_media":0,"comment_status":"closed","ping_status":"closed","sticky":false,"template":"","format":"standard","meta":{"footnotes":""},"categories":[3,2],"tags":[89],"class_list":["post-1027","post","type-post","status-publish","format-standard","hentry","category-advise","category-basics","tag-alquiler"],"yoast_head":"<!-- This site is optimized with the Yoast SEO plugin v27.4 - https:\/\/yoast.com\/product\/yoast-seo-wordpress\/ -->\n<title>Puntos a cumplir antes de alquilar una propiedad<\/title>\n<meta name=\"description\" content=\"Antes de comenzar a alquilar, debe tener en cuenta algunos puntos para mantenerse dentro del marco legal y evitar problemas futuros.\" \/>\n<meta name=\"robots\" content=\"index, follow, max-snippet:-1, max-image-preview:large, max-video-preview:-1\" \/>\n<link rel=\"canonical\" href=\"https:\/\/www.rentila.es\/blog\/puntos-a-cumplir-antes-de-alquilar-una-propiedad\/\" \/>\n<meta property=\"og:locale\" content=\"es_ES\" \/>\n<meta property=\"og:type\" content=\"article\" \/>\n<meta property=\"og:title\" content=\"Puntos a cumplir antes de alquilar una propiedad\" \/>\n<meta property=\"og:description\" content=\"Antes de comenzar a alquilar, debe tener en cuenta algunos puntos para mantenerse dentro del marco legal y evitar problemas futuros.\" \/>\n<meta property=\"og:url\" content=\"https:\/\/www.rentila.es\/blog\/puntos-a-cumplir-antes-de-alquilar-una-propiedad\/\" \/>\n<meta property=\"og:site_name\" content=\"Blog de administraci\u00f3n de propiedades para propietarios - Rentila\" \/>\n<meta property=\"article:publisher\" content=\"https:\/\/www.facebook.com\/Rentila-Espa%c3%b1a-234200993854422\/\" \/>\n<meta property=\"article:published_time\" content=\"2018-10-15T14:12:23+00:00\" \/>\n<meta property=\"article:modified_time\" content=\"2021-01-20T17:52:02+00:00\" \/>\n<meta property=\"og:image\" content=\"https:\/\/www.rentila.es\/assets\/img\/blog\/furniture_1400.png\" \/>\n<meta name=\"author\" content=\"Victoria Ferrando\" \/>\n<meta name=\"twitter:card\" content=\"summary_large_image\" \/>\n<meta name=\"twitter:label1\" content=\"Escrito por\" \/>\n\t<meta name=\"twitter:data1\" content=\"Victoria Ferrando\" \/>\n\t<meta name=\"twitter:label2\" content=\"Tiempo de lectura\" \/>\n\t<meta name=\"twitter:data2\" content=\"3 minutos\" \/>\n<script type=\"application\/ld+json\" class=\"yoast-schema-graph\">{\"@context\":\"https:\\\/\\\/schema.org\",\"@graph\":[{\"@type\":\"Article\",\"@id\":\"https:\\\/\\\/www.rentila.es\\\/blog\\\/puntos-a-cumplir-antes-de-alquilar-una-propiedad\\\/#article\",\"isPartOf\":{\"@id\":\"https:\\\/\\\/www.rentila.es\\\/blog\\\/puntos-a-cumplir-antes-de-alquilar-una-propiedad\\\/\"},\"author\":{\"name\":\"Victoria Ferrando\",\"@id\":\"https:\\\/\\\/www.rentila.es\\\/blog\\\/#\\\/schema\\\/person\\\/0735e643ae469143cfe029568a0e6466\"},\"headline\":\"Puntos a cumplir antes de alquilar una propiedad\",\"datePublished\":\"2018-10-15T14:12:23+00:00\",\"dateModified\":\"2021-01-20T17:52:02+00:00\",\"mainEntityOfPage\":{\"@id\":\"https:\\\/\\\/www.rentila.es\\\/blog\\\/puntos-a-cumplir-antes-de-alquilar-una-propiedad\\\/\"},\"wordCount\":705,\"image\":{\"@id\":\"https:\\\/\\\/www.rentila.es\\\/blog\\\/puntos-a-cumplir-antes-de-alquilar-una-propiedad\\\/#primaryimage\"},\"thumbnailUrl\":\"https:\\\/\\\/www.rentila.es\\\/assets\\\/img\\\/blog\\\/furniture_1400.png\",\"keywords\":[\"Alquiler\"],\"articleSection\":[\"Asesoramiento\",\"Los basicos\"],\"inLanguage\":\"es\"},{\"@type\":\"WebPage\",\"@id\":\"https:\\\/\\\/www.rentila.es\\\/blog\\\/puntos-a-cumplir-antes-de-alquilar-una-propiedad\\\/\",\"url\":\"https:\\\/\\\/www.rentila.es\\\/blog\\\/puntos-a-cumplir-antes-de-alquilar-una-propiedad\\\/\",\"name\":\"Puntos a cumplir antes de alquilar una propiedad\",\"isPartOf\":{\"@id\":\"https:\\\/\\\/www.rentila.es\\\/blog\\\/#website\"},\"primaryImageOfPage\":{\"@id\":\"https:\\\/\\\/www.rentila.es\\\/blog\\\/puntos-a-cumplir-antes-de-alquilar-una-propiedad\\\/#primaryimage\"},\"image\":{\"@id\":\"https:\\\/\\\/www.rentila.es\\\/blog\\\/puntos-a-cumplir-antes-de-alquilar-una-propiedad\\\/#primaryimage\"},\"thumbnailUrl\":\"https:\\\/\\\/www.rentila.es\\\/assets\\\/img\\\/blog\\\/furniture_1400.png\",\"datePublished\":\"2018-10-15T14:12:23+00:00\",\"dateModified\":\"2021-01-20T17:52:02+00:00\",\"author\":{\"@id\":\"https:\\\/\\\/www.rentila.es\\\/blog\\\/#\\\/schema\\\/person\\\/0735e643ae469143cfe029568a0e6466\"},\"description\":\"Antes de comenzar a alquilar, debe tener en cuenta algunos puntos para mantenerse dentro del marco legal y evitar problemas futuros.\",\"breadcrumb\":{\"@id\":\"https:\\\/\\\/www.rentila.es\\\/blog\\\/puntos-a-cumplir-antes-de-alquilar-una-propiedad\\\/#breadcrumb\"},\"inLanguage\":\"es\",\"potentialAction\":[{\"@type\":\"ReadAction\",\"target\":[\"https:\\\/\\\/www.rentila.es\\\/blog\\\/puntos-a-cumplir-antes-de-alquilar-una-propiedad\\\/\"]}]},{\"@type\":\"ImageObject\",\"inLanguage\":\"es\",\"@id\":\"https:\\\/\\\/www.rentila.es\\\/blog\\\/puntos-a-cumplir-antes-de-alquilar-una-propiedad\\\/#primaryimage\",\"url\":\"https:\\\/\\\/www.rentila.es\\\/assets\\\/img\\\/blog\\\/furniture_1400.png\",\"contentUrl\":\"https:\\\/\\\/www.rentila.es\\\/assets\\\/img\\\/blog\\\/furniture_1400.png\"},{\"@type\":\"BreadcrumbList\",\"@id\":\"https:\\\/\\\/www.rentila.es\\\/blog\\\/puntos-a-cumplir-antes-de-alquilar-una-propiedad\\\/#breadcrumb\",\"itemListElement\":[{\"@type\":\"ListItem\",\"position\":1,\"name\":\"Home\",\"item\":\"https:\\\/\\\/www.rentila.es\\\/blog\\\/\"},{\"@type\":\"ListItem\",\"position\":2,\"name\":\"Puntos a cumplir antes de alquilar una propiedad\"}]},{\"@type\":\"WebSite\",\"@id\":\"https:\\\/\\\/www.rentila.es\\\/blog\\\/#website\",\"url\":\"https:\\\/\\\/www.rentila.es\\\/blog\\\/\",\"name\":\"Blog de administraci\u00f3n de propiedades para propietarios - Rentila\",\"description\":\"Consejos pr\u00e1cticos, noticias inmobiliarias\",\"potentialAction\":[{\"@type\":\"SearchAction\",\"target\":{\"@type\":\"EntryPoint\",\"urlTemplate\":\"https:\\\/\\\/www.rentila.es\\\/blog\\\/?s={search_term_string}\"},\"query-input\":{\"@type\":\"PropertyValueSpecification\",\"valueRequired\":true,\"valueName\":\"search_term_string\"}}],\"inLanguage\":\"es\"},{\"@type\":\"Person\",\"@id\":\"https:\\\/\\\/www.rentila.es\\\/blog\\\/#\\\/schema\\\/person\\\/0735e643ae469143cfe029568a0e6466\",\"name\":\"Victoria Ferrando\",\"image\":{\"@type\":\"ImageObject\",\"inLanguage\":\"es\",\"@id\":\"https:\\\/\\\/secure.gravatar.com\\\/avatar\\\/6bea5648856c2e0ce46d3edb303b49edcd633cf390d13984f0744ec934a9292f?s=96&d=mm&r=g\",\"url\":\"https:\\\/\\\/secure.gravatar.com\\\/avatar\\\/6bea5648856c2e0ce46d3edb303b49edcd633cf390d13984f0744ec934a9292f?s=96&d=mm&r=g\",\"contentUrl\":\"https:\\\/\\\/secure.gravatar.com\\\/avatar\\\/6bea5648856c2e0ce46d3edb303b49edcd633cf390d13984f0744ec934a9292f?s=96&d=mm&r=g\",\"caption\":\"Victoria Ferrando\"},\"sameAs\":[\"https:\\\/\\\/www.linkedin.com\\\/in\\\/victoria-ferrando\\\/\"],\"url\":\"https:\\\/\\\/www.rentila.es\\\/blog\\\/author\\\/victoria\\\/\"}]}<\/script>\n<!-- \/ Yoast SEO plugin. -->","yoast_head_json":{"title":"Puntos a cumplir antes de alquilar una propiedad","description":"Antes de comenzar a alquilar, debe tener en cuenta algunos puntos para mantenerse dentro del marco legal y evitar problemas futuros.","robots":{"index":"index","follow":"follow","max-snippet":"max-snippet:-1","max-image-preview":"max-image-preview:large","max-video-preview":"max-video-preview:-1"},"canonical":"https:\/\/www.rentila.es\/blog\/puntos-a-cumplir-antes-de-alquilar-una-propiedad\/","og_locale":"es_ES","og_type":"article","og_title":"Puntos a cumplir antes de alquilar una propiedad","og_description":"Antes de comenzar a alquilar, debe tener en cuenta algunos puntos para mantenerse dentro del marco legal y evitar problemas futuros.","og_url":"https:\/\/www.rentila.es\/blog\/puntos-a-cumplir-antes-de-alquilar-una-propiedad\/","og_site_name":"Blog de administraci\u00f3n de propiedades para propietarios - Rentila","article_publisher":"https:\/\/www.facebook.com\/Rentila-Espa%c3%b1a-234200993854422\/","article_published_time":"2018-10-15T14:12:23+00:00","article_modified_time":"2021-01-20T17:52:02+00:00","og_image":[{"url":"https:\/\/www.rentila.es\/assets\/img\/blog\/furniture_1400.png","type":"","width":"","height":""}],"author":"Victoria Ferrando","twitter_card":"summary_large_image","twitter_misc":{"Escrito por":"Victoria Ferrando","Tiempo de lectura":"3 minutos"},"schema":{"@context":"https:\/\/schema.org","@graph":[{"@type":"Article","@id":"https:\/\/www.rentila.es\/blog\/puntos-a-cumplir-antes-de-alquilar-una-propiedad\/#article","isPartOf":{"@id":"https:\/\/www.rentila.es\/blog\/puntos-a-cumplir-antes-de-alquilar-una-propiedad\/"},"author":{"name":"Victoria Ferrando","@id":"https:\/\/www.rentila.es\/blog\/#\/schema\/person\/0735e643ae469143cfe029568a0e6466"},"headline":"Puntos a cumplir antes de alquilar una propiedad","datePublished":"2018-10-15T14:12:23+00:00","dateModified":"2021-01-20T17:52:02+00:00","mainEntityOfPage":{"@id":"https:\/\/www.rentila.es\/blog\/puntos-a-cumplir-antes-de-alquilar-una-propiedad\/"},"wordCount":705,"image":{"@id":"https:\/\/www.rentila.es\/blog\/puntos-a-cumplir-antes-de-alquilar-una-propiedad\/#primaryimage"},"thumbnailUrl":"https:\/\/www.rentila.es\/assets\/img\/blog\/furniture_1400.png","keywords":["Alquiler"],"articleSection":["Asesoramiento","Los basicos"],"inLanguage":"es"},{"@type":"WebPage","@id":"https:\/\/www.rentila.es\/blog\/puntos-a-cumplir-antes-de-alquilar-una-propiedad\/","url":"https:\/\/www.rentila.es\/blog\/puntos-a-cumplir-antes-de-alquilar-una-propiedad\/","name":"Puntos a cumplir antes de alquilar una propiedad","isPartOf":{"@id":"https:\/\/www.rentila.es\/blog\/#website"},"primaryImageOfPage":{"@id":"https:\/\/www.rentila.es\/blog\/puntos-a-cumplir-antes-de-alquilar-una-propiedad\/#primaryimage"},"image":{"@id":"https:\/\/www.rentila.es\/blog\/puntos-a-cumplir-antes-de-alquilar-una-propiedad\/#primaryimage"},"thumbnailUrl":"https:\/\/www.rentila.es\/assets\/img\/blog\/furniture_1400.png","datePublished":"2018-10-15T14:12:23+00:00","dateModified":"2021-01-20T17:52:02+00:00","author":{"@id":"https:\/\/www.rentila.es\/blog\/#\/schema\/person\/0735e643ae469143cfe029568a0e6466"},"description":"Antes de comenzar a alquilar, debe tener en cuenta algunos puntos para mantenerse dentro del marco legal y evitar problemas futuros.","breadcrumb":{"@id":"https:\/\/www.rentila.es\/blog\/puntos-a-cumplir-antes-de-alquilar-una-propiedad\/#breadcrumb"},"inLanguage":"es","potentialAction":[{"@type":"ReadAction","target":["https:\/\/www.rentila.es\/blog\/puntos-a-cumplir-antes-de-alquilar-una-propiedad\/"]}]},{"@type":"ImageObject","inLanguage":"es","@id":"https:\/\/www.rentila.es\/blog\/puntos-a-cumplir-antes-de-alquilar-una-propiedad\/#primaryimage","url":"https:\/\/www.rentila.es\/assets\/img\/blog\/furniture_1400.png","contentUrl":"https:\/\/www.rentila.es\/assets\/img\/blog\/furniture_1400.png"},{"@type":"BreadcrumbList","@id":"https:\/\/www.rentila.es\/blog\/puntos-a-cumplir-antes-de-alquilar-una-propiedad\/#breadcrumb","itemListElement":[{"@type":"ListItem","position":1,"name":"Home","item":"https:\/\/www.rentila.es\/blog\/"},{"@type":"ListItem","position":2,"name":"Puntos a cumplir antes de alquilar una propiedad"}]},{"@type":"WebSite","@id":"https:\/\/www.rentila.es\/blog\/#website","url":"https:\/\/www.rentila.es\/blog\/","name":"Blog de administraci\u00f3n de propiedades para propietarios - Rentila","description":"Consejos pr\u00e1cticos, noticias inmobiliarias","potentialAction":[{"@type":"SearchAction","target":{"@type":"EntryPoint","urlTemplate":"https:\/\/www.rentila.es\/blog\/?s={search_term_string}"},"query-input":{"@type":"PropertyValueSpecification","valueRequired":true,"valueName":"search_term_string"}}],"inLanguage":"es"},{"@type":"Person","@id":"https:\/\/www.rentila.es\/blog\/#\/schema\/person\/0735e643ae469143cfe029568a0e6466","name":"Victoria Ferrando","image":{"@type":"ImageObject","inLanguage":"es","@id":"https:\/\/secure.gravatar.com\/avatar\/6bea5648856c2e0ce46d3edb303b49edcd633cf390d13984f0744ec934a9292f?s=96&d=mm&r=g","url":"https:\/\/secure.gravatar.com\/avatar\/6bea5648856c2e0ce46d3edb303b49edcd633cf390d13984f0744ec934a9292f?s=96&d=mm&r=g","contentUrl":"https:\/\/secure.gravatar.com\/avatar\/6bea5648856c2e0ce46d3edb303b49edcd633cf390d13984f0744ec934a9292f?s=96&d=mm&r=g","caption":"Victoria Ferrando"},"sameAs":["https:\/\/www.linkedin.com\/in\/victoria-ferrando\/"],"url":"https:\/\/www.rentila.es\/blog\/author\/victoria\/"}]}},"_links":{"self":[{"href":"https:\/\/www.rentila.es\/blog\/wp-json\/wp\/v2\/posts\/1027","targetHints":{"allow":["GET"]}}],"collection":[{"href":"https:\/\/www.rentila.es\/blog\/wp-json\/wp\/v2\/posts"}],"about":[{"href":"https:\/\/www.rentila.es\/blog\/wp-json\/wp\/v2\/types\/post"}],"author":[{"embeddable":true,"href":"https:\/\/www.rentila.es\/blog\/wp-json\/wp\/v2\/users\/5"}],"replies":[{"embeddable":true,"href":"https:\/\/www.rentila.es\/blog\/wp-json\/wp\/v2\/comments?post=1027"}],"version-history":[{"count":8,"href":"https:\/\/www.rentila.es\/blog\/wp-json\/wp\/v2\/posts\/1027\/revisions"}],"predecessor-version":[{"id":2281,"href":"https:\/\/www.rentila.es\/blog\/wp-json\/wp\/v2\/posts\/1027\/revisions\/2281"}],"wp:attachment":[{"href":"https:\/\/www.rentila.es\/blog\/wp-json\/wp\/v2\/media?parent=1027"}],"wp:term":[{"taxonomy":"category","embeddable":true,"href":"https:\/\/www.rentila.es\/blog\/wp-json\/wp\/v2\/categories?post=1027"},{"taxonomy":"post_tag","embeddable":true,"href":"https:\/\/www.rentila.es\/blog\/wp-json\/wp\/v2\/tags?post=1027"}],"curies":[{"name":"wp","href":"https:\/\/api.w.org\/{rel}","templated":true}]}}