{"id":1129,"date":"2018-12-29T13:36:18","date_gmt":"2018-12-29T13:36:18","guid":{"rendered":"https:\/\/www.rentila.es\/blog\/?p=1129"},"modified":"2021-01-20T18:03:40","modified_gmt":"2021-01-20T18:03:40","slug":"principales-novedades-de-la-reforma-de-la-ley-de-arrendamientos-urbanos","status":"publish","type":"post","link":"https:\/\/www.rentila.es\/blog\/principales-novedades-de-la-reforma-de-la-ley-de-arrendamientos-urbanos\/","title":{"rendered":"Principales novedades de la reforma de la Ley de Arrendamientos Urbanos"},"content":{"rendered":"<div><img decoding=\"async\" class=\"alignleft size-full wp-image-516\" title=\"newspaper\" src=\"https:\/\/www.rentila.es\/assets\/img\/blog\/furniture_1400.png\" alt=\"Principales novedades de la reforma de la Ley de Arrendamientos Urbanos\" width=\"100%\" height=\"\"><\/div>\n<div class=\"sommaire\">\n<div class=\"phase-content__flag phase-1\">Resumen<\/div>\n<ol>\n<li><a href=\"#1\">\u00c1mbito de la ley<\/a><\/li>\n<li><a href=\"#2\">Duraci\u00f3n del contrato<\/a><\/li>\n<li><a href=\"#3\">Renta<\/a><\/li>\n<li><a href=\"#4\">Derechos de las partes<\/a><\/li>\n<li><a href=\"#5\">Fianza<\/a><\/li>\n<\/ol>\n<\/div>\n<p class=\"lead\">Aprobada y entrada en vigor en diciembre de 2018, se modifica sustancialmente la Ley de Arrendamientos Urbanos vigente, concretamente los art\u00edculos que mencionamos a continuaci\u00f3n:<\/p>\n<p><!--more--><\/p>\n<h2 id=\"1\">\u00c1mbito de la ley<\/h2>\n<p>Art. 4.2. Se mantiene la aplicaci\u00f3n obligada de la propia LAU y, en su caso, de forma complementaria, el C\u00f3digo Civil. Sin embargo, se hace una excepci\u00f3n en los arrendamientos de vivienda con superficie superior a 300 m2, donde prima la voluntad de las partes y, en su defecto, la Ley y el mismo C\u00f3digo Civil.<br \/>\nArt. 5. Se excluyen expresamente los alquileres de temporada del \u00e1mbito de la LAU.<\/p>\n<h2 id=\"2\">Duraci\u00f3n del contrato<\/h2>\n<p>Art. 9.1. Vuelve a la duraci\u00f3n m\u00ednima de cinco a\u00f1os cuando el arrendador sea persona f\u00edsica, con la novedad de que ser\u00e1n siete si es persona jur\u00eddica. Las renovaciones ser\u00e1n anuales y siempre hasta dicho plazo, salvo que el arrendatario manifieste su voluntad de no renovar. El plazo comenzar\u00e1 a contar desde la puesta a disposici\u00f3n de la vivienda al arrendatario.<br \/>\nArt. 9.3. Para que el arrendador pueda pedir la vivienda por necesidades propias o familiares, hay que comunicarlo con dos meses de antelaci\u00f3n. Si hay desalojo y en el plazo de tres meses no tiene lugar la ocupaci\u00f3n, se repondr\u00e1 al anterior arrendatario por un nuevo per\u00edodo de cinco a\u00f1os, o siete a\u00f1os, con indemnizaci\u00f3n por los da\u00f1os causados o una mensualidad por cada a\u00f1o que quedara de cumplir, aunque el precepto no aclara qui\u00e9n decide un sistema u otro. Tambi\u00e9n tiene derecho el arrendador que es persona jur\u00eddica, que obviamente no puede destinar la misma a vivienda permanente.<br \/>\nArt. 10.1. La renovaci\u00f3n del contrato por falta de notificaci\u00f3n con una antelaci\u00f3n m\u00ednima por el arrendador de 30 d\u00edas ser\u00e1 por tres a\u00f1os m\u00e1s.<br \/>\nArt. 16.4. Si el arrendamiento es superior a cinco o siete a\u00f1os, dependiendo de qui\u00e9n sea el arrendador, persona f\u00edsica o jur\u00eddica, se podr\u00e1 pactar que, en caso de fallecimiento del arrendatario, la subrogaci\u00f3n sea solo por dicho plazo m\u00ednimo, pues, en otro caso, tendr\u00e1 lugar por el per\u00edodo del arrendamiento que hayan fijado las partes, siempre que este sea superior, naturalmente por el plazo que quede para su terminaci\u00f3n.<\/p>\n<h2 id=\"3\">Renta<\/h2>\n<p>Art.17. La renta sigue siendo libre, salvo que tenga una cantidad establecida en viviendas de car\u00e1cter oficial.<br \/>\nArt. 18.1. La revisi\u00f3n de la renta ser\u00e1 la que establezcan las partes, que puede no existir. En caso de que se diga que hay revisi\u00f3n, pero no se aclare la forma habr\u00e1 que aplicar el \u00cdndice de Garant\u00eda de Competitividad. Pero, en ning\u00fan caso la revisi\u00f3n puede ser m\u00e1s alta que el IPC para los contratos de renta reducida.<br \/>\nArt. 19.1. No hay elevaci\u00f3n de renta por obras de mejora en los primeros cinco o siete a\u00f1os. Solamente en el caso de que el contrato sea de plazo mayor se podr\u00e1 incrementar en la cuant\u00eda que resulte de aplicar el capital invertido al inter\u00e9s legal, aumentado en tres puntos, pero sin superar el 20% de la renta.<br \/>\nArt. 19.2. Si la mejora afecta a elementos comunes de edificios en r\u00e9gimen de propiedad horizontal, solo se puede repercutir lo que le corresponda al propietario. En otro caso, a tenor de la superficie, pero siempre una vez transcurridos los plazos legales m\u00ednimos.<br \/>\nArt. 19.3. La repercusi\u00f3n tendr\u00e1 lugar desde el mes siguiente que se notifique por el arrendador, con detalle y aportando documentos.<br \/>\nArt. 19.4. Sin perjuicio de las obligaciones del arrendador de los arts. 21 y 22, se establece que puede haber obras de mejora y con posibilidad de aumento de renta, siempre con el acuerdo de las partes.<br \/>\nArt. 20.1 y 2. Las partes podr\u00e1n pactar que los gastos generales del inmueble, incluso en fincas en r\u00e9gimen de propiedad horizontal, sean por cuenta del arrendatario. En todo caso, nunca podr\u00e1n subir anualmente el doble del \u00edndice de revisi\u00f3n o del IPC, a excepci\u00f3n de los tributos, de los que estar\u00e1 exenta la Administraci\u00f3n cuando sea arrendataria. Y los gastos de gesti\u00f3n inmobiliaria y formalizaci\u00f3n del contrato ser\u00e1n siempre a cuenta del arrendador si este es persona jur\u00eddica, salvo que el arrendamiento lo sea por iniciativa directa del arrendatario.<\/p>\n<h2 id=\"4\">Derechos de las partes<\/h2>\n<p>Art. 25.7. Se crea la capacidad de ejercer el derecho de adquisici\u00f3n preferente de las administraciones p\u00fablicas en los casos de venta total de la vivienda .<\/p>\n<h2 id=\"5\">Fianza<\/h2>\n<p>Art. 36.1. Se mantiene el derecho de exigir una mensualidad de fianza en arrendamiento de vivienda y dos en uso distinto.<br \/>\nArt. 36.2. Durante la duraci\u00f3n obligada del contrato, de cinco o siete a\u00f1os (dependiendo si el arrendador es persona f\u00edsica o jur\u00eddica), no habr\u00e1 actualizaci\u00f3n de la fianza, pero s\u00ed en los supuestos de pr\u00f3rroga en el caso de que haya pacto entre las partes.<br \/>\nArt. 36.3. Cuando el arrendamiento exceda de cinco o siete a\u00f1os, la revisi\u00f3n de la fianza se regir\u00e1 por lo estipulado por las partes al respecto. En caso falta de pacto, en la misma proporci\u00f3n que la actualizaci\u00f3n de la renta.<br \/>\nArt. 36.4 La fianza ser\u00e1 devuelta en el plazo m\u00e1ximo de un mes desde la entrega de llaves; en otro caso, devengar\u00e1 el inter\u00e9s legal.<br \/>\nArt. 36.5. Se permite cualquier garant\u00eda complementaria que no sea en met\u00e1lico. En los arrendamientos de vivienda de cinco o siete a\u00f1os de duraci\u00f3n, el valor no podr\u00e1 exceder de dos mensualidades de renta.<\/p>\n<h3>Disposici\u00f3n Transitoria Primera del RDL<\/h3>\n<p>Los contratos de arrendamiento anteriores a la entrada en vigor de este Real Decreto contin\u00faan rigi\u00e9ndose por lo establecido en el r\u00e9gimen jur\u00eddico que le era de aplicaci\u00f3n<br \/>\n<div class=\"rpbt_shortcode\">\n<h3>Art\u00edculos Relacionados<\/h3>\n<ul>\n\t\t\t\t\t\n\t\t\t<li>\n\t\t\t\t<a href=\"https:\/\/www.rentila.es\/blog\/necesita-su-propiedad-en-alquiler-una-licencia-o-registro-antes-de-publicarla\/\">\u00bfNecesita su propiedad en alquiler una licencia o registro antes de publicarla?<\/a>\n\t\t\t<\/li>\n\t\t\t\t\t\n\t\t\t<li>\n\t\t\t\t<a href=\"https:\/\/www.rentila.es\/blog\/certificados-requeridos-a-los-propietarios-al-alquilar\/\">Certificados requeridos a los propietarios al alquilar<\/a>\n\t\t\t<\/li>\n\t\t\t\t\t\n\t\t\t<li>\n\t\t\t\t<a href=\"https:\/\/www.rentila.es\/blog\/que-puede-deducir-el-arrendador-de-la-fianza\/\">\u00bfQu\u00e9 puede deducir el arrendador de la fianza?<\/a>\n\t\t\t<\/li>\n\t\t\t<\/ul>\n<\/div><\/p>\n","protected":false},"excerpt":{"rendered":"<p>Resumen \u00c1mbito de la ley Duraci\u00f3n del contrato Renta Derechos de las partes Fianza Aprobada y entrada en vigor en diciembre de 2018, se modifica sustancialmente la Ley de Arrendamientos Urbanos vigente, concretamente los art\u00edculos que mencionamos a continuaci\u00f3n:<\/p>\n","protected":false},"author":5,"featured_media":0,"comment_status":"closed","ping_status":"closed","sticky":false,"template":"","format":"standard","meta":{"footnotes":""},"categories":[4],"tags":[],"class_list":["post-1129","post","type-post","status-publish","format-standard","hentry","category-legal"],"yoast_head":"<!-- This site is optimized with the Yoast SEO plugin v27.5 - https:\/\/yoast.com\/product\/yoast-seo-wordpress\/ -->\n<title>Principales novedades de la reforma de la Ley de Arrendamientos Urbanos<\/title>\n<meta name=\"description\" content=\"Aprobada y entrada en vigor en diciembre de 2018, se modifica sustancialmente la Ley de Arrendamientos Urbanos vigente.\" \/>\n<meta name=\"robots\" content=\"index, follow, max-snippet:-1, max-image-preview:large, max-video-preview:-1\" \/>\n<link rel=\"canonical\" href=\"https:\/\/www.rentila.es\/blog\/principales-novedades-de-la-reforma-de-la-ley-de-arrendamientos-urbanos\/\" \/>\n<meta property=\"og:locale\" content=\"es_ES\" \/>\n<meta property=\"og:type\" content=\"article\" \/>\n<meta property=\"og:title\" content=\"Principales novedades de la reforma de la Ley de Arrendamientos Urbanos\" \/>\n<meta property=\"og:description\" content=\"Aprobada y entrada en vigor en diciembre de 2018, se modifica sustancialmente la Ley de Arrendamientos Urbanos vigente.\" \/>\n<meta property=\"og:url\" content=\"https:\/\/www.rentila.es\/blog\/principales-novedades-de-la-reforma-de-la-ley-de-arrendamientos-urbanos\/\" \/>\n<meta property=\"og:site_name\" content=\"Blog de administraci\u00f3n de propiedades para propietarios - Rentila\" \/>\n<meta property=\"article:publisher\" content=\"https:\/\/www.facebook.com\/Rentila-Espa%c3%b1a-234200993854422\/\" \/>\n<meta property=\"article:published_time\" content=\"2018-12-29T13:36:18+00:00\" \/>\n<meta property=\"article:modified_time\" content=\"2021-01-20T18:03:40+00:00\" \/>\n<meta property=\"og:image\" content=\"https:\/\/www.rentila.es\/assets\/img\/blog\/furniture_1400.png\" \/>\n<meta name=\"author\" content=\"Victoria Ferrando\" \/>\n<meta name=\"twitter:card\" content=\"summary_large_image\" \/>\n<meta name=\"twitter:label1\" content=\"Escrito por\" \/>\n\t<meta name=\"twitter:data1\" content=\"Victoria Ferrando\" \/>\n\t<meta name=\"twitter:label2\" content=\"Tiempo de lectura\" \/>\n\t<meta name=\"twitter:data2\" content=\"5 minutos\" \/>\n<script type=\"application\/ld+json\" class=\"yoast-schema-graph\">{\"@context\":\"https:\\\/\\\/schema.org\",\"@graph\":[{\"@type\":\"Article\",\"@id\":\"https:\\\/\\\/www.rentila.es\\\/blog\\\/principales-novedades-de-la-reforma-de-la-ley-de-arrendamientos-urbanos\\\/#article\",\"isPartOf\":{\"@id\":\"https:\\\/\\\/www.rentila.es\\\/blog\\\/principales-novedades-de-la-reforma-de-la-ley-de-arrendamientos-urbanos\\\/\"},\"author\":{\"name\":\"Victoria Ferrando\",\"@id\":\"https:\\\/\\\/www.rentila.es\\\/blog\\\/#\\\/schema\\\/person\\\/0735e643ae469143cfe029568a0e6466\"},\"headline\":\"Principales novedades de la reforma de la Ley de Arrendamientos Urbanos\",\"datePublished\":\"2018-12-29T13:36:18+00:00\",\"dateModified\":\"2021-01-20T18:03:40+00:00\",\"mainEntityOfPage\":{\"@id\":\"https:\\\/\\\/www.rentila.es\\\/blog\\\/principales-novedades-de-la-reforma-de-la-ley-de-arrendamientos-urbanos\\\/\"},\"wordCount\":1011,\"image\":{\"@id\":\"https:\\\/\\\/www.rentila.es\\\/blog\\\/principales-novedades-de-la-reforma-de-la-ley-de-arrendamientos-urbanos\\\/#primaryimage\"},\"thumbnailUrl\":\"https:\\\/\\\/www.rentila.es\\\/assets\\\/img\\\/blog\\\/furniture_1400.png\",\"articleSection\":[\"Legal\"],\"inLanguage\":\"es\"},{\"@type\":\"WebPage\",\"@id\":\"https:\\\/\\\/www.rentila.es\\\/blog\\\/principales-novedades-de-la-reforma-de-la-ley-de-arrendamientos-urbanos\\\/\",\"url\":\"https:\\\/\\\/www.rentila.es\\\/blog\\\/principales-novedades-de-la-reforma-de-la-ley-de-arrendamientos-urbanos\\\/\",\"name\":\"Principales novedades de la reforma de la Ley de Arrendamientos Urbanos\",\"isPartOf\":{\"@id\":\"https:\\\/\\\/www.rentila.es\\\/blog\\\/#website\"},\"primaryImageOfPage\":{\"@id\":\"https:\\\/\\\/www.rentila.es\\\/blog\\\/principales-novedades-de-la-reforma-de-la-ley-de-arrendamientos-urbanos\\\/#primaryimage\"},\"image\":{\"@id\":\"https:\\\/\\\/www.rentila.es\\\/blog\\\/principales-novedades-de-la-reforma-de-la-ley-de-arrendamientos-urbanos\\\/#primaryimage\"},\"thumbnailUrl\":\"https:\\\/\\\/www.rentila.es\\\/assets\\\/img\\\/blog\\\/furniture_1400.png\",\"datePublished\":\"2018-12-29T13:36:18+00:00\",\"dateModified\":\"2021-01-20T18:03:40+00:00\",\"author\":{\"@id\":\"https:\\\/\\\/www.rentila.es\\\/blog\\\/#\\\/schema\\\/person\\\/0735e643ae469143cfe029568a0e6466\"},\"description\":\"Aprobada y entrada en vigor en diciembre de 2018, se modifica sustancialmente la Ley de Arrendamientos Urbanos vigente.\",\"breadcrumb\":{\"@id\":\"https:\\\/\\\/www.rentila.es\\\/blog\\\/principales-novedades-de-la-reforma-de-la-ley-de-arrendamientos-urbanos\\\/#breadcrumb\"},\"inLanguage\":\"es\",\"potentialAction\":[{\"@type\":\"ReadAction\",\"target\":[\"https:\\\/\\\/www.rentila.es\\\/blog\\\/principales-novedades-de-la-reforma-de-la-ley-de-arrendamientos-urbanos\\\/\"]}]},{\"@type\":\"ImageObject\",\"inLanguage\":\"es\",\"@id\":\"https:\\\/\\\/www.rentila.es\\\/blog\\\/principales-novedades-de-la-reforma-de-la-ley-de-arrendamientos-urbanos\\\/#primaryimage\",\"url\":\"https:\\\/\\\/www.rentila.es\\\/assets\\\/img\\\/blog\\\/furniture_1400.png\",\"contentUrl\":\"https:\\\/\\\/www.rentila.es\\\/assets\\\/img\\\/blog\\\/furniture_1400.png\"},{\"@type\":\"BreadcrumbList\",\"@id\":\"https:\\\/\\\/www.rentila.es\\\/blog\\\/principales-novedades-de-la-reforma-de-la-ley-de-arrendamientos-urbanos\\\/#breadcrumb\",\"itemListElement\":[{\"@type\":\"ListItem\",\"position\":1,\"name\":\"Home\",\"item\":\"https:\\\/\\\/www.rentila.es\\\/blog\\\/\"},{\"@type\":\"ListItem\",\"position\":2,\"name\":\"Principales novedades de la reforma de la Ley de Arrendamientos Urbanos\"}]},{\"@type\":\"WebSite\",\"@id\":\"https:\\\/\\\/www.rentila.es\\\/blog\\\/#website\",\"url\":\"https:\\\/\\\/www.rentila.es\\\/blog\\\/\",\"name\":\"Blog de administraci\u00f3n de propiedades para propietarios - Rentila\",\"description\":\"Consejos pr\u00e1cticos, noticias inmobiliarias\",\"potentialAction\":[{\"@type\":\"SearchAction\",\"target\":{\"@type\":\"EntryPoint\",\"urlTemplate\":\"https:\\\/\\\/www.rentila.es\\\/blog\\\/?s={search_term_string}\"},\"query-input\":{\"@type\":\"PropertyValueSpecification\",\"valueRequired\":true,\"valueName\":\"search_term_string\"}}],\"inLanguage\":\"es\"},{\"@type\":\"Person\",\"@id\":\"https:\\\/\\\/www.rentila.es\\\/blog\\\/#\\\/schema\\\/person\\\/0735e643ae469143cfe029568a0e6466\",\"name\":\"Victoria Ferrando\",\"image\":{\"@type\":\"ImageObject\",\"inLanguage\":\"es\",\"@id\":\"https:\\\/\\\/secure.gravatar.com\\\/avatar\\\/6bea5648856c2e0ce46d3edb303b49edcd633cf390d13984f0744ec934a9292f?s=96&d=mm&r=g\",\"url\":\"https:\\\/\\\/secure.gravatar.com\\\/avatar\\\/6bea5648856c2e0ce46d3edb303b49edcd633cf390d13984f0744ec934a9292f?s=96&d=mm&r=g\",\"contentUrl\":\"https:\\\/\\\/secure.gravatar.com\\\/avatar\\\/6bea5648856c2e0ce46d3edb303b49edcd633cf390d13984f0744ec934a9292f?s=96&d=mm&r=g\",\"caption\":\"Victoria Ferrando\"},\"sameAs\":[\"https:\\\/\\\/www.linkedin.com\\\/in\\\/victoria-ferrando\\\/\"],\"url\":\"https:\\\/\\\/www.rentila.es\\\/blog\\\/author\\\/victoria\\\/\"}]}<\/script>\n<!-- \/ Yoast SEO plugin. -->","yoast_head_json":{"title":"Principales novedades de la reforma de la Ley de Arrendamientos Urbanos","description":"Aprobada y entrada en vigor en diciembre de 2018, se modifica sustancialmente la Ley de Arrendamientos Urbanos vigente.","robots":{"index":"index","follow":"follow","max-snippet":"max-snippet:-1","max-image-preview":"max-image-preview:large","max-video-preview":"max-video-preview:-1"},"canonical":"https:\/\/www.rentila.es\/blog\/principales-novedades-de-la-reforma-de-la-ley-de-arrendamientos-urbanos\/","og_locale":"es_ES","og_type":"article","og_title":"Principales novedades de la reforma de la Ley de Arrendamientos Urbanos","og_description":"Aprobada y entrada en vigor en diciembre de 2018, se modifica sustancialmente la Ley de Arrendamientos Urbanos vigente.","og_url":"https:\/\/www.rentila.es\/blog\/principales-novedades-de-la-reforma-de-la-ley-de-arrendamientos-urbanos\/","og_site_name":"Blog de administraci\u00f3n de propiedades para propietarios - Rentila","article_publisher":"https:\/\/www.facebook.com\/Rentila-Espa%c3%b1a-234200993854422\/","article_published_time":"2018-12-29T13:36:18+00:00","article_modified_time":"2021-01-20T18:03:40+00:00","og_image":[{"url":"https:\/\/www.rentila.es\/assets\/img\/blog\/furniture_1400.png","type":"","width":"","height":""}],"author":"Victoria Ferrando","twitter_card":"summary_large_image","twitter_misc":{"Escrito por":"Victoria Ferrando","Tiempo de lectura":"5 minutos"},"schema":{"@context":"https:\/\/schema.org","@graph":[{"@type":"Article","@id":"https:\/\/www.rentila.es\/blog\/principales-novedades-de-la-reforma-de-la-ley-de-arrendamientos-urbanos\/#article","isPartOf":{"@id":"https:\/\/www.rentila.es\/blog\/principales-novedades-de-la-reforma-de-la-ley-de-arrendamientos-urbanos\/"},"author":{"name":"Victoria Ferrando","@id":"https:\/\/www.rentila.es\/blog\/#\/schema\/person\/0735e643ae469143cfe029568a0e6466"},"headline":"Principales novedades de la reforma de la Ley de Arrendamientos Urbanos","datePublished":"2018-12-29T13:36:18+00:00","dateModified":"2021-01-20T18:03:40+00:00","mainEntityOfPage":{"@id":"https:\/\/www.rentila.es\/blog\/principales-novedades-de-la-reforma-de-la-ley-de-arrendamientos-urbanos\/"},"wordCount":1011,"image":{"@id":"https:\/\/www.rentila.es\/blog\/principales-novedades-de-la-reforma-de-la-ley-de-arrendamientos-urbanos\/#primaryimage"},"thumbnailUrl":"https:\/\/www.rentila.es\/assets\/img\/blog\/furniture_1400.png","articleSection":["Legal"],"inLanguage":"es"},{"@type":"WebPage","@id":"https:\/\/www.rentila.es\/blog\/principales-novedades-de-la-reforma-de-la-ley-de-arrendamientos-urbanos\/","url":"https:\/\/www.rentila.es\/blog\/principales-novedades-de-la-reforma-de-la-ley-de-arrendamientos-urbanos\/","name":"Principales novedades de la reforma de la Ley de Arrendamientos Urbanos","isPartOf":{"@id":"https:\/\/www.rentila.es\/blog\/#website"},"primaryImageOfPage":{"@id":"https:\/\/www.rentila.es\/blog\/principales-novedades-de-la-reforma-de-la-ley-de-arrendamientos-urbanos\/#primaryimage"},"image":{"@id":"https:\/\/www.rentila.es\/blog\/principales-novedades-de-la-reforma-de-la-ley-de-arrendamientos-urbanos\/#primaryimage"},"thumbnailUrl":"https:\/\/www.rentila.es\/assets\/img\/blog\/furniture_1400.png","datePublished":"2018-12-29T13:36:18+00:00","dateModified":"2021-01-20T18:03:40+00:00","author":{"@id":"https:\/\/www.rentila.es\/blog\/#\/schema\/person\/0735e643ae469143cfe029568a0e6466"},"description":"Aprobada y entrada en vigor en diciembre de 2018, se modifica sustancialmente la Ley de Arrendamientos Urbanos vigente.","breadcrumb":{"@id":"https:\/\/www.rentila.es\/blog\/principales-novedades-de-la-reforma-de-la-ley-de-arrendamientos-urbanos\/#breadcrumb"},"inLanguage":"es","potentialAction":[{"@type":"ReadAction","target":["https:\/\/www.rentila.es\/blog\/principales-novedades-de-la-reforma-de-la-ley-de-arrendamientos-urbanos\/"]}]},{"@type":"ImageObject","inLanguage":"es","@id":"https:\/\/www.rentila.es\/blog\/principales-novedades-de-la-reforma-de-la-ley-de-arrendamientos-urbanos\/#primaryimage","url":"https:\/\/www.rentila.es\/assets\/img\/blog\/furniture_1400.png","contentUrl":"https:\/\/www.rentila.es\/assets\/img\/blog\/furniture_1400.png"},{"@type":"BreadcrumbList","@id":"https:\/\/www.rentila.es\/blog\/principales-novedades-de-la-reforma-de-la-ley-de-arrendamientos-urbanos\/#breadcrumb","itemListElement":[{"@type":"ListItem","position":1,"name":"Home","item":"https:\/\/www.rentila.es\/blog\/"},{"@type":"ListItem","position":2,"name":"Principales novedades de la reforma de la Ley de Arrendamientos Urbanos"}]},{"@type":"WebSite","@id":"https:\/\/www.rentila.es\/blog\/#website","url":"https:\/\/www.rentila.es\/blog\/","name":"Blog de administraci\u00f3n de propiedades para propietarios - Rentila","description":"Consejos pr\u00e1cticos, noticias inmobiliarias","potentialAction":[{"@type":"SearchAction","target":{"@type":"EntryPoint","urlTemplate":"https:\/\/www.rentila.es\/blog\/?s={search_term_string}"},"query-input":{"@type":"PropertyValueSpecification","valueRequired":true,"valueName":"search_term_string"}}],"inLanguage":"es"},{"@type":"Person","@id":"https:\/\/www.rentila.es\/blog\/#\/schema\/person\/0735e643ae469143cfe029568a0e6466","name":"Victoria Ferrando","image":{"@type":"ImageObject","inLanguage":"es","@id":"https:\/\/secure.gravatar.com\/avatar\/6bea5648856c2e0ce46d3edb303b49edcd633cf390d13984f0744ec934a9292f?s=96&d=mm&r=g","url":"https:\/\/secure.gravatar.com\/avatar\/6bea5648856c2e0ce46d3edb303b49edcd633cf390d13984f0744ec934a9292f?s=96&d=mm&r=g","contentUrl":"https:\/\/secure.gravatar.com\/avatar\/6bea5648856c2e0ce46d3edb303b49edcd633cf390d13984f0744ec934a9292f?s=96&d=mm&r=g","caption":"Victoria Ferrando"},"sameAs":["https:\/\/www.linkedin.com\/in\/victoria-ferrando\/"],"url":"https:\/\/www.rentila.es\/blog\/author\/victoria\/"}]}},"_links":{"self":[{"href":"https:\/\/www.rentila.es\/blog\/wp-json\/wp\/v2\/posts\/1129","targetHints":{"allow":["GET"]}}],"collection":[{"href":"https:\/\/www.rentila.es\/blog\/wp-json\/wp\/v2\/posts"}],"about":[{"href":"https:\/\/www.rentila.es\/blog\/wp-json\/wp\/v2\/types\/post"}],"author":[{"embeddable":true,"href":"https:\/\/www.rentila.es\/blog\/wp-json\/wp\/v2\/users\/5"}],"replies":[{"embeddable":true,"href":"https:\/\/www.rentila.es\/blog\/wp-json\/wp\/v2\/comments?post=1129"}],"version-history":[{"count":14,"href":"https:\/\/www.rentila.es\/blog\/wp-json\/wp\/v2\/posts\/1129\/revisions"}],"predecessor-version":[{"id":2295,"href":"https:\/\/www.rentila.es\/blog\/wp-json\/wp\/v2\/posts\/1129\/revisions\/2295"}],"wp:attachment":[{"href":"https:\/\/www.rentila.es\/blog\/wp-json\/wp\/v2\/media?parent=1129"}],"wp:term":[{"taxonomy":"category","embeddable":true,"href":"https:\/\/www.rentila.es\/blog\/wp-json\/wp\/v2\/categories?post=1129"},{"taxonomy":"post_tag","embeddable":true,"href":"https:\/\/www.rentila.es\/blog\/wp-json\/wp\/v2\/tags?post=1129"}],"curies":[{"name":"wp","href":"https:\/\/api.w.org\/{rel}","templated":true}]}}