{"id":1174,"date":"2019-01-28T20:09:26","date_gmt":"2019-01-28T20:09:26","guid":{"rendered":"https:\/\/www.rentila.es\/blog\/?p=1174"},"modified":"2021-01-20T18:09:05","modified_gmt":"2021-01-20T18:09:05","slug":"como-recuperar-la-vivienda-alquilada","status":"publish","type":"post","link":"https:\/\/www.rentila.es\/blog\/como-recuperar-la-vivienda-alquilada\/","title":{"rendered":"\u00bfC\u00f3mo recuperar la vivienda alquilada?"},"content":{"rendered":"<div><img decoding=\"async\" class=\"alignleft size-full wp-image-516\" title=\"newspaper\" src=\"https:\/\/www.rentila.es\/assets\/img\/blog\/conseil_1400.png\" alt=\"\u00bfC\u00f3mo recuperar la vivienda alquilada?\" width=\"100%\" height=\"\"><\/div>\n<div class=\"sommaire\">\n<div class=\"phase-content__flag phase-1\">Resumen<\/div>\n<ol>\n<li><a href=\"#1\">Recuperar para vivienda permanente<\/a><\/li>\n<li><a href=\"#2\">Recuperar por incumplimientos legales<\/a><\/li>\n<li><a href=\"#3\">C\u00f3mo reclamar el pago a un inquilino moroso<\/a><\/li>\n<\/ol>\n<\/div>\n<p class=\"lead\">Hay varias razones que justifican la recuperaci\u00f3n de una vivienda por parte de su propietario. Esta recuperaci\u00f3n puede ser justificada por razones personales y \/ o leg\u00edtimas. Sin embargo, la recuperaci\u00f3n de una vivienda por parte de su propietario puede ser una verdadera carrera de obst\u00e1culos. Por lo tanto, es esencial que el propietario cumpla con las regulaciones y fechas l\u00edmite actuales para recuperar su propiedad legalmente. Entonces, \u00bfc\u00f3mo recuperar la vivienda alquilada?<\/p>\n<p><!--more--><\/p>\n<h2 id=\"1\">Recuperar para vivienda permanente<\/h2>\n<p>El propietario puede recuperar la vivienda alquilada, \u00fanicamente, en caso de necesitarla para \u00e9l o un familiar en primer grado de consanguinidad o por adopci\u00f3n, o para su c\u00f3nyuge en los supuestos de sentencia firme de separaci\u00f3n, divorcio o nulidad matrimonial.<\/p>\n<p>La recuperaci\u00f3n de la vivienda no podr\u00e1 solicitarse hasta tanto no haya transcurrido el PRIMER A\u00d1O del contrato.<\/p>\n<p>Debe comunicarle la decisi\u00f3n al inquilino al menos con DOS MESES de antelaci\u00f3n a la fecha en la que la vivienda se vaya a necesitar y el inquilino estar\u00e1 obligado a entregar la finca arrendada en dicho plazo si las partes no llegan a un acuerdo distinto.<\/p>\n<p>No basta solo la mera comunicaci\u00f3n, sino que la causa deber\u00e1 ser cierta y acreditada, por EJEMPLO: copia de la sentencia de divorcio donde se atribuya la vivienda alquilada a uno de los c\u00f3nyuges. Acreditar que uno de los hijos no tiene vivienda donde residir, etc.<\/p>\n<p>El plazo que tiene el propietario o familiares para ocupar la vivienda recuperada es de TRES MESES. Si no se ocupase en dicho plazo, el inquilino podr\u00e1 nuevamente pedir en el plazo de TREINTA DIAS retornar a la vivienda y volver al alquiler por una duraci\u00f3n de tres a\u00f1os.<\/p>\n<div class=\"letter-text m-t-20 m-b-20\">\n<p>Estimado\/a Sr\/a.<\/p>\n<p>En calidad de arrendador del contrato de alquiler suscrito entre ambas partes el d\u00eda (fecha a especificar), de la vivienda ubicada en (direcci\u00f3n completa a especificar), me dirijo a Usted, por medio de la presente, para comunicarle mi deseo de recuperar el citado inmueble para destinarlo a vivienda permanente, a partir del d\u00eda (fecha a especificar).<\/p>\n<p>Que, dicha notificaci\u00f3n se realiza dos meses antes de la fecha en que se va a necesitar la vivienda, conforme a lo dispuesto en el art\u00edculo 9.3 de la LAU 29\/1994, reformada por Ley 4\/2013, interrumpiendo cualquier clase de pr\u00f3rroga del presente contrato.<\/p>\n<p>Por lo tanto, y de acuerdo con la legislaci\u00f3n vigente se\u00f1alada, le comunico en tiempo y forma mi decisi\u00f3n de recuperar el inmueble arrendado para destinarlo a vivienda permanente de quien suscribe y de mi familia.<\/p>\n<p>Quedo a su disposici\u00f3n para concertar una cita para proceder con la entrega de las llaves y hacer un inventario de los muebles.<\/p>\n<p>Un cordial saludo.<\/p>\n<p>(Su Nombre)<\/p>\n<\/div>\n<p>En el caso mencionado, el inquilino podr\u00e1 pedir una indemnizaci\u00f3n por los gastos que el desalojo le hubiese supuesto (mudanza, otro alquiler, etc.).<\/p>\n<h2 id=\"2\">Recuperar por incumplimientos legales<\/h2>\n<p>El propietario puede reclamar su vivienda por diversas razones graves y leg\u00edtimas. Los casos mas comunes son:<\/p>\n<ol>\n<li>Dejar de pagar el alquiler. La Ley de Arrendamientos Urbanos (LAU) recoge la obligaci\u00f3n del pago de las rentas en el T\u00edtulo III, el cual se aplicar\u00e1 supletoriamente a la voluntad de las partes. Esto se traduce en que las partes pueden pactar libremente el n\u00famero de mensualidades impagadas que motiven la resoluci\u00f3n del contrato.<\/li>\n<li>Falta de pago de la fianza o de su actualizaci\u00f3n. El pago de la fianza se constituye como una obligaci\u00f3n imperativa puesto que viene regulado en el T\u00edtulo IV. Es decir, el impago de la fianza as\u00ed como de sus actualizaciones ser\u00e1n motivo para resolver el contrato\u00bb.<\/li>\n<li>Subarrendar la vivienda. Para poder subarrendar una vivienda, ya sea entera o por habitaciones, debe constar por escrito en el contrato de arrendamiento. La Ley de Arrendamientos Urbanos (LAU) especifica que la cesi\u00f3n o subarriendo del inmueble sin consentimiento es motivo para rescindir el contrato de alquiler. En caso de tener permiso expreso para subarrendar, si las cantidades percibidas superan el precio de la renta, el propietario tambi\u00e9n podr\u00e1 rescindir el contrato.<\/li>\n<li>Da\u00f1os causados por el inquilino en la vivienda o realizar obras no consentidas por el propietario: Si en el contrato se especifica que el inquilino no puede hacer reformas y las realiza sin preguntar o el propietario le niega el permiso para hacer una obra, es motivo de resoluci\u00f3n contractual.<\/li>\n<li>Llevar a cabo actividades molestas, insalubres, nocivas, peligrosas o il\u00edcitas dentro de la vivienda. Si se llevan a cabo actividades que re\u00fanan cualquiera de estas caracter\u00edsticas, ser\u00e1n motivo para resolver el contrato.<\/li>\n<li>Alquilar un inmueble para vivir en \u00e9l y luego utilizarlo para uso diferente de vivienda, como una actividad empresarial, es tambi\u00e9n un incumplimiento con el contrato de alquiler.<\/li>\n<\/ol>\n<h2 id=\"3\">C\u00f3mo reclamar el pago a un inquilino moroso<\/h2>\n<ol>\n<li>Llamar la atenci\u00f3n<br \/>\nPrimero se debe intentar resolver amigablemente. Es decir, contactar por tel\u00e9fono o escrito y recordar la deuda que el inquilino tiene pendiente.<\/li>\n<li>Reclamar por v\u00eda legal<br \/>\nSi igualmente, el inquilino no hace caso, el propietario deber\u00e1 volver a reclamar la deuda a trav\u00e9s de una prueba legal como pueden ser un burofax, un conducto notarial o un acto de conciliaci\u00f3n judicial.<\/li>\n<li>Ir a juicio<br \/>\nPero si ni as\u00ed el moroso reacciona, ha llegado la hora de ir por proceso judicial. Aqu\u00ed se puede elegir o reclamar la deuda, o resolver el contrato y solicitar el desahucio, o las dos cosas a la vez.<\/li>\n<\/ol>\n<div class=\"alert alert-info m-b-20 m-t-20\">\n<h3 class=\"lead\">Medidas preventivas<\/h3>\n<p>Para que pueda alquilar su inmueble sin pasar por estos escollos, la mejor medida es la prevenci\u00f3n. Antes de firmar el contrato compruebe la identidad y solvencia del inquilino pidiendo la copia de dos n\u00f3minas, su n\u00famero de seguridad social y uno o dos meses de fianza. As\u00ed como tambi\u00e9n puede contratar un seguro de impago.<\/p>\n<\/div>\n<div class=\"rpbt_shortcode\">\n<h3>Art\u00edculos Relacionados<\/h3>\n<ul>\n\t\t\t\t\t\n\t\t\t<li>\n\t\t\t\t<a href=\"https:\/\/www.rentila.es\/blog\/que-puede-deducir-el-arrendador-de-la-fianza\/\">\u00bfQu\u00e9 puede deducir el arrendador de la fianza?<\/a>\n\t\t\t<\/li>\n\t\t\t\t\t\n\t\t\t<li>\n\t\t\t\t<a href=\"https:\/\/www.rentila.es\/blog\/el-rgpd-y-el-sector-inmobiliario\/\">El RGPD y el sector inmobiliario<\/a>\n\t\t\t<\/li>\n\t\t\t\t\t\n\t\t\t<li>\n\t\t\t\t<a href=\"https:\/\/www.rentila.es\/blog\/que-hacer-en-caso-de-separacion-o-divorcio-de-los-inquilinos\/\">\u00bfQu\u00e9 hacer en caso de separaci\u00f3n o divorcio de los inquilinos?<\/a>\n\t\t\t<\/li>\n\t\t\t<\/ul>\n<\/div>\n","protected":false},"excerpt":{"rendered":"<p>Resumen Recuperar para vivienda permanente Recuperar por incumplimientos legales C\u00f3mo reclamar el pago a un inquilino moroso Hay varias razones que justifican la recuperaci\u00f3n de una vivienda por parte de su propietario. Esta recuperaci\u00f3n puede ser justificada por razones personales y \/ o leg\u00edtimas. Sin embargo, la recuperaci\u00f3n de una vivienda por parte de su [&hellip;]<\/p>\n","protected":false},"author":5,"featured_media":0,"comment_status":"closed","ping_status":"closed","sticky":false,"template":"","format":"standard","meta":{"footnotes":""},"categories":[3,4],"tags":[],"class_list":["post-1174","post","type-post","status-publish","format-standard","hentry","category-advise","category-legal"],"yoast_head":"<!-- This site is optimized with the Yoast SEO plugin v27.5 - https:\/\/yoast.com\/product\/yoast-seo-wordpress\/ -->\n<title>\u00bfC\u00f3mo recuperar la vivienda alquilada?<\/title>\n<meta name=\"description\" content=\"Hay varias razones que justifican la recuperaci\u00f3n de una vivienda por parte de su propietario, pueden ser razones personales y \/ o leg\u00edtimas.\" \/>\n<meta name=\"robots\" content=\"index, follow, max-snippet:-1, max-image-preview:large, max-video-preview:-1\" \/>\n<link rel=\"canonical\" href=\"https:\/\/www.rentila.es\/blog\/como-recuperar-la-vivienda-alquilada\/\" \/>\n<meta property=\"og:locale\" content=\"es_ES\" \/>\n<meta property=\"og:type\" content=\"article\" \/>\n<meta property=\"og:title\" content=\"\u00bfC\u00f3mo recuperar la vivienda alquilada?\" \/>\n<meta property=\"og:description\" content=\"Hay varias razones que justifican la recuperaci\u00f3n de una vivienda por parte de su propietario, pueden ser razones personales y \/ o leg\u00edtimas.\" \/>\n<meta property=\"og:url\" content=\"https:\/\/www.rentila.es\/blog\/como-recuperar-la-vivienda-alquilada\/\" \/>\n<meta property=\"og:site_name\" content=\"Blog de administraci\u00f3n de propiedades para propietarios - Rentila\" \/>\n<meta property=\"article:publisher\" content=\"https:\/\/www.facebook.com\/Rentila-Espa%c3%b1a-234200993854422\/\" \/>\n<meta property=\"article:published_time\" content=\"2019-01-28T20:09:26+00:00\" \/>\n<meta property=\"article:modified_time\" content=\"2021-01-20T18:09:05+00:00\" \/>\n<meta property=\"og:image\" content=\"https:\/\/www.rentila.es\/assets\/img\/blog\/conseil_1400.png\" \/>\n<meta name=\"author\" content=\"Victoria Ferrando\" \/>\n<meta name=\"twitter:card\" content=\"summary_large_image\" \/>\n<meta name=\"twitter:label1\" content=\"Escrito por\" \/>\n\t<meta name=\"twitter:data1\" content=\"Victoria Ferrando\" \/>\n\t<meta name=\"twitter:label2\" content=\"Tiempo de lectura\" \/>\n\t<meta name=\"twitter:data2\" content=\"5 minutos\" \/>\n<script type=\"application\/ld+json\" class=\"yoast-schema-graph\">{\"@context\":\"https:\\\/\\\/schema.org\",\"@graph\":[{\"@type\":\"Article\",\"@id\":\"https:\\\/\\\/www.rentila.es\\\/blog\\\/como-recuperar-la-vivienda-alquilada\\\/#article\",\"isPartOf\":{\"@id\":\"https:\\\/\\\/www.rentila.es\\\/blog\\\/como-recuperar-la-vivienda-alquilada\\\/\"},\"author\":{\"name\":\"Victoria Ferrando\",\"@id\":\"https:\\\/\\\/www.rentila.es\\\/blog\\\/#\\\/schema\\\/person\\\/0735e643ae469143cfe029568a0e6466\"},\"headline\":\"\u00bfC\u00f3mo recuperar la vivienda alquilada?\",\"datePublished\":\"2019-01-28T20:09:26+00:00\",\"dateModified\":\"2021-01-20T18:09:05+00:00\",\"mainEntityOfPage\":{\"@id\":\"https:\\\/\\\/www.rentila.es\\\/blog\\\/como-recuperar-la-vivienda-alquilada\\\/\"},\"wordCount\":1029,\"image\":{\"@id\":\"https:\\\/\\\/www.rentila.es\\\/blog\\\/como-recuperar-la-vivienda-alquilada\\\/#primaryimage\"},\"thumbnailUrl\":\"https:\\\/\\\/www.rentila.es\\\/assets\\\/img\\\/blog\\\/conseil_1400.png\",\"articleSection\":[\"Asesoramiento\",\"Legal\"],\"inLanguage\":\"es\"},{\"@type\":\"WebPage\",\"@id\":\"https:\\\/\\\/www.rentila.es\\\/blog\\\/como-recuperar-la-vivienda-alquilada\\\/\",\"url\":\"https:\\\/\\\/www.rentila.es\\\/blog\\\/como-recuperar-la-vivienda-alquilada\\\/\",\"name\":\"\u00bfC\u00f3mo recuperar la vivienda alquilada?\",\"isPartOf\":{\"@id\":\"https:\\\/\\\/www.rentila.es\\\/blog\\\/#website\"},\"primaryImageOfPage\":{\"@id\":\"https:\\\/\\\/www.rentila.es\\\/blog\\\/como-recuperar-la-vivienda-alquilada\\\/#primaryimage\"},\"image\":{\"@id\":\"https:\\\/\\\/www.rentila.es\\\/blog\\\/como-recuperar-la-vivienda-alquilada\\\/#primaryimage\"},\"thumbnailUrl\":\"https:\\\/\\\/www.rentila.es\\\/assets\\\/img\\\/blog\\\/conseil_1400.png\",\"datePublished\":\"2019-01-28T20:09:26+00:00\",\"dateModified\":\"2021-01-20T18:09:05+00:00\",\"author\":{\"@id\":\"https:\\\/\\\/www.rentila.es\\\/blog\\\/#\\\/schema\\\/person\\\/0735e643ae469143cfe029568a0e6466\"},\"description\":\"Hay varias razones que justifican la recuperaci\u00f3n de una vivienda por parte de su propietario, pueden ser razones personales y \\\/ o leg\u00edtimas.\",\"breadcrumb\":{\"@id\":\"https:\\\/\\\/www.rentila.es\\\/blog\\\/como-recuperar-la-vivienda-alquilada\\\/#breadcrumb\"},\"inLanguage\":\"es\",\"potentialAction\":[{\"@type\":\"ReadAction\",\"target\":[\"https:\\\/\\\/www.rentila.es\\\/blog\\\/como-recuperar-la-vivienda-alquilada\\\/\"]}]},{\"@type\":\"ImageObject\",\"inLanguage\":\"es\",\"@id\":\"https:\\\/\\\/www.rentila.es\\\/blog\\\/como-recuperar-la-vivienda-alquilada\\\/#primaryimage\",\"url\":\"https:\\\/\\\/www.rentila.es\\\/assets\\\/img\\\/blog\\\/conseil_1400.png\",\"contentUrl\":\"https:\\\/\\\/www.rentila.es\\\/assets\\\/img\\\/blog\\\/conseil_1400.png\"},{\"@type\":\"BreadcrumbList\",\"@id\":\"https:\\\/\\\/www.rentila.es\\\/blog\\\/como-recuperar-la-vivienda-alquilada\\\/#breadcrumb\",\"itemListElement\":[{\"@type\":\"ListItem\",\"position\":1,\"name\":\"Home\",\"item\":\"https:\\\/\\\/www.rentila.es\\\/blog\\\/\"},{\"@type\":\"ListItem\",\"position\":2,\"name\":\"\u00bfC\u00f3mo recuperar la vivienda alquilada?\"}]},{\"@type\":\"WebSite\",\"@id\":\"https:\\\/\\\/www.rentila.es\\\/blog\\\/#website\",\"url\":\"https:\\\/\\\/www.rentila.es\\\/blog\\\/\",\"name\":\"Blog de administraci\u00f3n de propiedades para propietarios - Rentila\",\"description\":\"Consejos pr\u00e1cticos, noticias inmobiliarias\",\"potentialAction\":[{\"@type\":\"SearchAction\",\"target\":{\"@type\":\"EntryPoint\",\"urlTemplate\":\"https:\\\/\\\/www.rentila.es\\\/blog\\\/?s={search_term_string}\"},\"query-input\":{\"@type\":\"PropertyValueSpecification\",\"valueRequired\":true,\"valueName\":\"search_term_string\"}}],\"inLanguage\":\"es\"},{\"@type\":\"Person\",\"@id\":\"https:\\\/\\\/www.rentila.es\\\/blog\\\/#\\\/schema\\\/person\\\/0735e643ae469143cfe029568a0e6466\",\"name\":\"Victoria Ferrando\",\"image\":{\"@type\":\"ImageObject\",\"inLanguage\":\"es\",\"@id\":\"https:\\\/\\\/secure.gravatar.com\\\/avatar\\\/6bea5648856c2e0ce46d3edb303b49edcd633cf390d13984f0744ec934a9292f?s=96&d=mm&r=g\",\"url\":\"https:\\\/\\\/secure.gravatar.com\\\/avatar\\\/6bea5648856c2e0ce46d3edb303b49edcd633cf390d13984f0744ec934a9292f?s=96&d=mm&r=g\",\"contentUrl\":\"https:\\\/\\\/secure.gravatar.com\\\/avatar\\\/6bea5648856c2e0ce46d3edb303b49edcd633cf390d13984f0744ec934a9292f?s=96&d=mm&r=g\",\"caption\":\"Victoria Ferrando\"},\"sameAs\":[\"https:\\\/\\\/www.linkedin.com\\\/in\\\/victoria-ferrando\\\/\"],\"url\":\"https:\\\/\\\/www.rentila.es\\\/blog\\\/author\\\/victoria\\\/\"}]}<\/script>\n<!-- \/ Yoast SEO plugin. -->","yoast_head_json":{"title":"\u00bfC\u00f3mo recuperar la vivienda alquilada?","description":"Hay varias razones que justifican la recuperaci\u00f3n de una vivienda por parte de su propietario, pueden ser razones personales y \/ o leg\u00edtimas.","robots":{"index":"index","follow":"follow","max-snippet":"max-snippet:-1","max-image-preview":"max-image-preview:large","max-video-preview":"max-video-preview:-1"},"canonical":"https:\/\/www.rentila.es\/blog\/como-recuperar-la-vivienda-alquilada\/","og_locale":"es_ES","og_type":"article","og_title":"\u00bfC\u00f3mo recuperar la vivienda alquilada?","og_description":"Hay varias razones que justifican la recuperaci\u00f3n de una vivienda por parte de su propietario, pueden ser razones personales y \/ o leg\u00edtimas.","og_url":"https:\/\/www.rentila.es\/blog\/como-recuperar-la-vivienda-alquilada\/","og_site_name":"Blog de administraci\u00f3n de propiedades para propietarios - Rentila","article_publisher":"https:\/\/www.facebook.com\/Rentila-Espa%c3%b1a-234200993854422\/","article_published_time":"2019-01-28T20:09:26+00:00","article_modified_time":"2021-01-20T18:09:05+00:00","og_image":[{"url":"https:\/\/www.rentila.es\/assets\/img\/blog\/conseil_1400.png","type":"","width":"","height":""}],"author":"Victoria Ferrando","twitter_card":"summary_large_image","twitter_misc":{"Escrito por":"Victoria Ferrando","Tiempo de lectura":"5 minutos"},"schema":{"@context":"https:\/\/schema.org","@graph":[{"@type":"Article","@id":"https:\/\/www.rentila.es\/blog\/como-recuperar-la-vivienda-alquilada\/#article","isPartOf":{"@id":"https:\/\/www.rentila.es\/blog\/como-recuperar-la-vivienda-alquilada\/"},"author":{"name":"Victoria Ferrando","@id":"https:\/\/www.rentila.es\/blog\/#\/schema\/person\/0735e643ae469143cfe029568a0e6466"},"headline":"\u00bfC\u00f3mo recuperar la vivienda alquilada?","datePublished":"2019-01-28T20:09:26+00:00","dateModified":"2021-01-20T18:09:05+00:00","mainEntityOfPage":{"@id":"https:\/\/www.rentila.es\/blog\/como-recuperar-la-vivienda-alquilada\/"},"wordCount":1029,"image":{"@id":"https:\/\/www.rentila.es\/blog\/como-recuperar-la-vivienda-alquilada\/#primaryimage"},"thumbnailUrl":"https:\/\/www.rentila.es\/assets\/img\/blog\/conseil_1400.png","articleSection":["Asesoramiento","Legal"],"inLanguage":"es"},{"@type":"WebPage","@id":"https:\/\/www.rentila.es\/blog\/como-recuperar-la-vivienda-alquilada\/","url":"https:\/\/www.rentila.es\/blog\/como-recuperar-la-vivienda-alquilada\/","name":"\u00bfC\u00f3mo recuperar la vivienda alquilada?","isPartOf":{"@id":"https:\/\/www.rentila.es\/blog\/#website"},"primaryImageOfPage":{"@id":"https:\/\/www.rentila.es\/blog\/como-recuperar-la-vivienda-alquilada\/#primaryimage"},"image":{"@id":"https:\/\/www.rentila.es\/blog\/como-recuperar-la-vivienda-alquilada\/#primaryimage"},"thumbnailUrl":"https:\/\/www.rentila.es\/assets\/img\/blog\/conseil_1400.png","datePublished":"2019-01-28T20:09:26+00:00","dateModified":"2021-01-20T18:09:05+00:00","author":{"@id":"https:\/\/www.rentila.es\/blog\/#\/schema\/person\/0735e643ae469143cfe029568a0e6466"},"description":"Hay varias razones que justifican la recuperaci\u00f3n de una vivienda por parte de su propietario, pueden ser razones personales y \/ o leg\u00edtimas.","breadcrumb":{"@id":"https:\/\/www.rentila.es\/blog\/como-recuperar-la-vivienda-alquilada\/#breadcrumb"},"inLanguage":"es","potentialAction":[{"@type":"ReadAction","target":["https:\/\/www.rentila.es\/blog\/como-recuperar-la-vivienda-alquilada\/"]}]},{"@type":"ImageObject","inLanguage":"es","@id":"https:\/\/www.rentila.es\/blog\/como-recuperar-la-vivienda-alquilada\/#primaryimage","url":"https:\/\/www.rentila.es\/assets\/img\/blog\/conseil_1400.png","contentUrl":"https:\/\/www.rentila.es\/assets\/img\/blog\/conseil_1400.png"},{"@type":"BreadcrumbList","@id":"https:\/\/www.rentila.es\/blog\/como-recuperar-la-vivienda-alquilada\/#breadcrumb","itemListElement":[{"@type":"ListItem","position":1,"name":"Home","item":"https:\/\/www.rentila.es\/blog\/"},{"@type":"ListItem","position":2,"name":"\u00bfC\u00f3mo recuperar la vivienda alquilada?"}]},{"@type":"WebSite","@id":"https:\/\/www.rentila.es\/blog\/#website","url":"https:\/\/www.rentila.es\/blog\/","name":"Blog de administraci\u00f3n de propiedades para propietarios - Rentila","description":"Consejos pr\u00e1cticos, noticias inmobiliarias","potentialAction":[{"@type":"SearchAction","target":{"@type":"EntryPoint","urlTemplate":"https:\/\/www.rentila.es\/blog\/?s={search_term_string}"},"query-input":{"@type":"PropertyValueSpecification","valueRequired":true,"valueName":"search_term_string"}}],"inLanguage":"es"},{"@type":"Person","@id":"https:\/\/www.rentila.es\/blog\/#\/schema\/person\/0735e643ae469143cfe029568a0e6466","name":"Victoria Ferrando","image":{"@type":"ImageObject","inLanguage":"es","@id":"https:\/\/secure.gravatar.com\/avatar\/6bea5648856c2e0ce46d3edb303b49edcd633cf390d13984f0744ec934a9292f?s=96&d=mm&r=g","url":"https:\/\/secure.gravatar.com\/avatar\/6bea5648856c2e0ce46d3edb303b49edcd633cf390d13984f0744ec934a9292f?s=96&d=mm&r=g","contentUrl":"https:\/\/secure.gravatar.com\/avatar\/6bea5648856c2e0ce46d3edb303b49edcd633cf390d13984f0744ec934a9292f?s=96&d=mm&r=g","caption":"Victoria Ferrando"},"sameAs":["https:\/\/www.linkedin.com\/in\/victoria-ferrando\/"],"url":"https:\/\/www.rentila.es\/blog\/author\/victoria\/"}]}},"_links":{"self":[{"href":"https:\/\/www.rentila.es\/blog\/wp-json\/wp\/v2\/posts\/1174","targetHints":{"allow":["GET"]}}],"collection":[{"href":"https:\/\/www.rentila.es\/blog\/wp-json\/wp\/v2\/posts"}],"about":[{"href":"https:\/\/www.rentila.es\/blog\/wp-json\/wp\/v2\/types\/post"}],"author":[{"embeddable":true,"href":"https:\/\/www.rentila.es\/blog\/wp-json\/wp\/v2\/users\/5"}],"replies":[{"embeddable":true,"href":"https:\/\/www.rentila.es\/blog\/wp-json\/wp\/v2\/comments?post=1174"}],"version-history":[{"count":13,"href":"https:\/\/www.rentila.es\/blog\/wp-json\/wp\/v2\/posts\/1174\/revisions"}],"predecessor-version":[{"id":2303,"href":"https:\/\/www.rentila.es\/blog\/wp-json\/wp\/v2\/posts\/1174\/revisions\/2303"}],"wp:attachment":[{"href":"https:\/\/www.rentila.es\/blog\/wp-json\/wp\/v2\/media?parent=1174"}],"wp:term":[{"taxonomy":"category","embeddable":true,"href":"https:\/\/www.rentila.es\/blog\/wp-json\/wp\/v2\/categories?post=1174"},{"taxonomy":"post_tag","embeddable":true,"href":"https:\/\/www.rentila.es\/blog\/wp-json\/wp\/v2\/tags?post=1174"}],"curies":[{"name":"wp","href":"https:\/\/api.w.org\/{rel}","templated":true}]}}