{"id":4101,"date":"2023-12-12T14:11:37","date_gmt":"2023-12-12T14:11:37","guid":{"rendered":"https:\/\/www.rentila.es\/blog\/?p=4101"},"modified":"2025-10-20T16:52:20","modified_gmt":"2025-10-20T16:52:20","slug":"como-fijar-el-precio-de-alquiler-correcto-para-su-propiedad","status":"publish","type":"post","link":"https:\/\/www.rentila.es\/blog\/como-fijar-el-precio-de-alquiler-correcto-para-su-propiedad\/","title":{"rendered":"C\u00f3mo fijar el precio de alquiler correcto para su propiedad de alquiler"},"content":{"rendered":"<div><img decoding=\"async\" class=\"alignleft size-full wp-image-516\" title=\"newspaper\" src=\"https:\/\/www.rentila.com\/assets\/img\/blog\/blog_advice_1.png\" alt=\"C\u00f3mo fijar el precio de alquiler correcto para tu propiedad de alquiler\" \/><\/div>\n<div class=\"sommaire\">\n<div class=\"phase-content__flag phase-1\">Resumen<\/div>\n<ol>\n<li><a href=\"#1\">Factores a tener en cuenta a la hora de fijar el precio de alquiler<\/a><\/li>\n<li><a href=\"#2\">C\u00f3mo establecer un precio de alquiler razonable<\/a><\/li>\n<li><a href=\"#3\">Errores m\u00e1s comunes que cometen los propietarios a la hora de fijar el precio del alquiler<\/a><\/li>\n<li><a href=\"#4\">Preguntas frecuentes<\/a><\/li>\n<li><a href=\"#5\">Cosas a recordar<\/a><\/li>\n<\/ol>\n<\/div>\n<p class=\"lead\">Ya sea que tenga un alquiler tradicional o vacacional, fijar el precio de alquiler correcto para una propiedad de alquiler es un proceso mas complejo de lo que parece. Sin embargo, establecer un precio de alquiler razonable es una de las tareas m\u00e1s importantes para los propietarios.<\/p>\n<p class=\"lead\">Por un lado, obviamente no desea poner un precio demasiado bajo a la propiedad, ya que recibir\u00e1 poca o incluso ninguna ganancia. Por otro lado, hacer que el precio sea demasiado alto puede repeler el inter\u00e9s de un inquilino en la propiedad.<\/p>\n<p class=\"lead\">A continuaci\u00f3n exploraremos los pasos b\u00e1sicos para establecer el precio adecuado para su propiedad de alquiler. Es crucial comprender que hay muchos factores que intervienen en la fijaci\u00f3n del precio, por lo que es dif\u00edcil determinar el valor exacto de mercado.<\/p>\n<p><!--more--><\/p>\n<h2 id=\"1\">Factores a tener en cuenta a la hora de fijar el precio de alquiler<\/h2>\n<p>Como arrendador, usted debe considerar una serie de factores clave al fijar el precio de alquiler de su propiedad. Estos incluyen:<\/p>\n<ul>\n<li>La ubicaci\u00f3n del inmueble: La proximidad a servicios, transporte p\u00fablico y la seguridad del \u00e1rea son elementos esenciales.<\/li>\n<li>La calidad del barrio: Barrios con buenas escuelas, zonas verdes y servicios tienden a ser m\u00e1s atractivos para los inquilinos.<\/li>\n<li>El mercado de alquiler en tu zona: La oferta y la demanda en su \u00e1rea pueden influir en el precio que puede cobrar.<\/li>\n<li>El tipo de inmueble: Apartamentos, casas unifamiliares y propiedades comerciales tienen din\u00e1micas de precios diferentes.<\/li>\n<li>La demanda de este tipo de inmuebles: Conocer la demanda en su \u00e1rea le ayudar\u00e1 a establecer un precio competitivo.<\/li>\n<li>El estado del inmueble: Propiedades bien mantenidas pueden justificar precios m\u00e1s altos.<\/li>\n<li>El tama\u00f1o de la propiedad: La cantidad de dormitorios y ba\u00f1os afecta directamente el precio.<\/li>\n<li>La calidad de la propiedad: Caracter\u00edsticas como electrodom\u00e9sticos de alta gama o acabados de lujo pueden justificar un precio m\u00e1s alto.<\/li>\n<li>Las comodidades que ofrece la propiedad: Piscinas, gimnasios y estacionamientos pueden aumentar el valor percibido.<\/li>\n<li>Las mejoras realizadas en la propiedad: Renovaciones y mejoras pueden justificar un alquiler m\u00e1s alto.<\/li>\n<li>Sus gastos mensuales: Incluyendo hipoteca, seguro, impuestos, servicios p\u00fablicos y costos de mantenimiento.<\/li>\n<li>Cu\u00e1nto dinero espera ganar alquilando: Debe definir si busca un porcentaje de sus gastos mensuales o una tarifa fija.<\/li>\n<li>Expectativas sobre el tipo de inquilinos: Debe tener claro el perfil de inquilino que desea atraer.<\/li>\n<li>Costo de vida en el \u00e1rea: Considere la capacidad de pago de los potenciales inquilinos.<\/li>\n<li>Si la propiedad est\u00e1 amueblada o no: Las propiedades amuebladas pueden justificar un alquiler m\u00e1s alto.<\/li>\n<li>Duraci\u00f3n del contrato de arrendamiento: Contratos m\u00e1s largos requieren mayor flexibilidad en el precio de parte del arrendador.<\/li>\n<\/ul>\n<h2 id=\"2\">C\u00f3mo establecer un precio de alquiler razonable<\/h2>\n<p>Una vez que decida alquilar su propiedad, lo que sigue es determinar el precio mensual del alquiler que va a cobrar.<\/p>\n<p>Hay varios m\u00e9todos para determinar el precio mensual del alquiler, entre ellos est\u00e1n los siguientes:<\/p>\n<ol>\n<li>El primer m\u00e9todo es investigar propiedades comparables en su \u00e1rea y establecer el precio de alquiler en o por debajo del promedio. Este es un buen punto de partida, pero tenga en cuenta que es posible que tenga que ajustar el precio hacia arriba o hacia abajo en funci\u00f3n de los servicios que ofrezca su propiedad en comparaci\u00f3n con otras.<\/li>\n<li>Tambi\u00e9n puede utilizar una calculadora de alquiler en l\u00ednea, que puede darle una estimaci\u00f3n m\u00e1s personalizada basada en factores como los metros cuadrados, la ubicaci\u00f3n y el n\u00famero de dormitorios y ba\u00f1os. Aseg\u00farese de ingresar la mayor cantidad de informaci\u00f3n posible para obtener los resultados m\u00e1s precisos.<\/li>\n<li>Por \u00faltimo, puede pedir a un agente inmobiliario local o a una empresa de gesti\u00f3n inmobiliaria su opini\u00f3n profesional sobre lo que creen que vale su propiedad. Si bien es probable que esta opci\u00f3n le cueste algo de dinero por adelantado, puede valer la pena a largo plazo si puede alquilar con \u00e9xito su propiedad por un precio alto.<\/li>\n<\/ol>\n<h2 id=\"3\">Errores m\u00e1s comunes que cometen los propietarios a la hora de fijar el precio del alquiler<\/h2>\n<p>Cuando se trata de establecer el precio correcto, los propietarios, especialmente los primerizos, a menudo cometen errores. Algunos de los m\u00e1s comunes son:<\/p>\n<ul>\n<li>Alquilar a un precio demasiado bajo: Los propietarios que hacen esto pueden tener problemas para cubrir sus costos o, lo que es peor, es posible que no puedan cubrir sus costos y a\u00fan as\u00ed mantener la propiedad.<\/li>\n<li>Establecer alquileres demasiado altos: Esto es especialmente cierto en mercados saturados donde la demanda supera la oferta y la competencia es feroz. En esta situaci\u00f3n, el apartamento puede permanecer vac\u00edo durante meses y no se generan ingresos.<\/li>\n<li>Establecer alquileres demasiado bajos: Esto tambi\u00e9n es un error porque puede llevar a inquilinos que no se preocupan por la propiedad o hacen esfuerzos m\u00ednimos para mantenerla.<\/li>\n<li>No establecer un precio fijo: Si opta por el modelo de precios de \u00ablo que pueda pagar\u00bb, es dif\u00edcil para los inquilinos potenciales saber qu\u00e9 deben ofrecer. Esta falta de claridad conduce a una p\u00e9rdida de tiempo en ambos lados del proceso de alquiler.<\/li>\n<\/ul>\n<p>Otros errores comunes incluyen:<\/p>\n<ul>\n<li>No considerar factores importantes como la ubicaci\u00f3n, el tama\u00f1o, las comodidades y otras caracter\u00edsticas de una propiedad de alquiler.<\/li>\n<li>No proporcionar suficiente informaci\u00f3n sobre su propiedad de alquiler.<\/li>\n<li>No ser flexible con los precios.<\/li>\n<li>No subir o bajar los precios de forma adecuada cuando la competencia o las situaciones econ\u00f3micas especiales lo requieran.<\/li>\n<li>Arrendar al perfil equivocado de inquilino.<\/li>\n<li>No mantenerse al d\u00eda con las tendencias del mercado.<\/li>\n<\/ul>\n<h2 id=\"4\">Preguntas frecuentes<\/h2>\n<h3>\u00bfQu\u00e9 tan importante es la duraci\u00f3n del contrato de arrendamiento al fijar el precio?<\/h3>\n<p>La duraci\u00f3n del contrato puede afectar la flexibilidad en el precio. Contratos m\u00e1s largos pueden requerir tarifas m\u00e1s flexibles de parte del arrendador.<\/p>\n<h3>\u00bfC\u00f3mo puedo evitar fijar un precio demasiado bajo?<\/h3>\n<p>Investigue el mercado local y aseg\u00farese de considerar todos los costos asociados con la propiedad.<\/p>\n<h3>\u00bfCu\u00e1l es la importancia de mantenerse actualizado con las tendencias del mercado?<\/h3>\n<p>Las tendencias del mercado pueden indicar cambios en la demanda y ayudarte a ajustar el precio en consecuencia.<\/p>\n<h2 id=\"5\">C\u00f3mo fijar el precio de alquiler correcto para su propiedad de alquiler: cosas a recordar<\/h2>\n<p>Si est\u00e1 pensando en alquilar su propiedad, es crucial tomarse el tiempo necesario para fijar el precio de alquiler adecuado.<\/p>\n<ul>\n<li>Considere el mercado local, la condici\u00f3n y el tama\u00f1o de su propiedad, y cualquier caracter\u00edstica especial o servicio que ofrezca.<\/li>\n<li>Tambi\u00e9n es importante que tenga en cuenta la normativa vigente, ya que en Espa\u00f1a la <a href=\"https:\/\/www.boe.es\/buscar\/doc.php?id=BOE-A-2023-12203\">Ley de Vivienda<\/a> del 2023 puede limitarle el precio de alquiler en funci\u00f3n de las caracter\u00edsticas de su vivienda, entre otras consideraciones.<\/li>\n<p>Pero con investigaci\u00f3n y esfuerzo, puede asegurarse de obtener el mejor precio por su propiedad de alquiler y disfrutar tranquilamente de su renta.<\/p>\n","protected":false},"excerpt":{"rendered":"<p>Resumen Factores a tener en cuenta a la hora de fijar el precio de alquiler C\u00f3mo establecer un precio de alquiler razonable Errores m\u00e1s comunes que cometen los propietarios a la hora de fijar el precio del alquiler Preguntas frecuentes Cosas a recordar Ya sea que tenga un alquiler tradicional o vacacional, fijar el precio [&hellip;]<\/p>\n","protected":false},"author":5,"featured_media":0,"comment_status":"closed","ping_status":"closed","sticky":false,"template":"","format":"standard","meta":{"footnotes":""},"categories":[3,1],"tags":[89],"class_list":["post-4101","post","type-post","status-publish","format-standard","hentry","category-advise","category-rentila","tag-alquiler"],"yoast_head":"<!-- This site is optimized with the Yoast SEO plugin v27.5 - https:\/\/yoast.com\/product\/yoast-seo-wordpress\/ -->\n<title>C\u00f3mo fijar el precio de alquiler correcto para su propiedad<\/title>\n<meta name=\"description\" content=\"Ya sea que tenga un alquiler tradicional o vacacional, fijar el precio de alquiler correcto para una propiedad es un proceso mas complejo de lo que parece.\" \/>\n<meta name=\"robots\" content=\"index, follow, max-snippet:-1, max-image-preview:large, max-video-preview:-1\" \/>\n<link rel=\"canonical\" href=\"https:\/\/www.rentila.es\/blog\/como-fijar-el-precio-de-alquiler-correcto-para-su-propiedad\/\" \/>\n<meta property=\"og:locale\" content=\"es_ES\" \/>\n<meta property=\"og:type\" content=\"article\" \/>\n<meta property=\"og:title\" content=\"C\u00f3mo fijar el precio de alquiler correcto para su propiedad\" \/>\n<meta property=\"og:description\" content=\"Ya sea que tenga un alquiler tradicional o vacacional, fijar el precio de alquiler correcto para una propiedad es un proceso mas complejo de lo que parece.\" \/>\n<meta property=\"og:url\" content=\"https:\/\/www.rentila.es\/blog\/como-fijar-el-precio-de-alquiler-correcto-para-su-propiedad\/\" \/>\n<meta property=\"og:site_name\" content=\"Blog de administraci\u00f3n de propiedades para propietarios - Rentila\" \/>\n<meta property=\"article:publisher\" content=\"https:\/\/www.facebook.com\/Rentila-Espa%c3%b1a-234200993854422\/\" \/>\n<meta property=\"article:published_time\" content=\"2023-12-12T14:11:37+00:00\" \/>\n<meta property=\"article:modified_time\" content=\"2025-10-20T16:52:20+00:00\" \/>\n<meta name=\"author\" content=\"Victoria Ferrando\" \/>\n<meta name=\"twitter:card\" content=\"summary_large_image\" \/>\n<meta name=\"twitter:label1\" content=\"Escrito por\" \/>\n\t<meta name=\"twitter:data1\" content=\"Victoria Ferrando\" \/>\n\t<meta name=\"twitter:label2\" content=\"Tiempo de lectura\" \/>\n\t<meta name=\"twitter:data2\" content=\"6 minutos\" \/>\n<script type=\"application\/ld+json\" class=\"yoast-schema-graph\">{\"@context\":\"https:\\\/\\\/schema.org\",\"@graph\":[{\"@type\":\"Article\",\"@id\":\"https:\\\/\\\/www.rentila.es\\\/blog\\\/como-fijar-el-precio-de-alquiler-correcto-para-su-propiedad\\\/#article\",\"isPartOf\":{\"@id\":\"https:\\\/\\\/www.rentila.es\\\/blog\\\/como-fijar-el-precio-de-alquiler-correcto-para-su-propiedad\\\/\"},\"author\":{\"name\":\"Victoria Ferrando\",\"@id\":\"https:\\\/\\\/www.rentila.es\\\/blog\\\/#\\\/schema\\\/person\\\/0735e643ae469143cfe029568a0e6466\"},\"headline\":\"C\u00f3mo fijar el precio de alquiler correcto para su propiedad de alquiler\",\"datePublished\":\"2023-12-12T14:11:37+00:00\",\"dateModified\":\"2025-10-20T16:52:20+00:00\",\"mainEntityOfPage\":{\"@id\":\"https:\\\/\\\/www.rentila.es\\\/blog\\\/como-fijar-el-precio-de-alquiler-correcto-para-su-propiedad\\\/\"},\"wordCount\":1237,\"image\":{\"@id\":\"https:\\\/\\\/www.rentila.es\\\/blog\\\/como-fijar-el-precio-de-alquiler-correcto-para-su-propiedad\\\/#primaryimage\"},\"thumbnailUrl\":\"https:\\\/\\\/www.rentila.com\\\/assets\\\/img\\\/blog\\\/blog_advice_1.png\",\"keywords\":[\"Alquiler\"],\"articleSection\":[\"Asesoramiento\",\"Rentila\"],\"inLanguage\":\"es\"},{\"@type\":\"WebPage\",\"@id\":\"https:\\\/\\\/www.rentila.es\\\/blog\\\/como-fijar-el-precio-de-alquiler-correcto-para-su-propiedad\\\/\",\"url\":\"https:\\\/\\\/www.rentila.es\\\/blog\\\/como-fijar-el-precio-de-alquiler-correcto-para-su-propiedad\\\/\",\"name\":\"C\u00f3mo fijar el precio de alquiler correcto para su propiedad\",\"isPartOf\":{\"@id\":\"https:\\\/\\\/www.rentila.es\\\/blog\\\/#website\"},\"primaryImageOfPage\":{\"@id\":\"https:\\\/\\\/www.rentila.es\\\/blog\\\/como-fijar-el-precio-de-alquiler-correcto-para-su-propiedad\\\/#primaryimage\"},\"image\":{\"@id\":\"https:\\\/\\\/www.rentila.es\\\/blog\\\/como-fijar-el-precio-de-alquiler-correcto-para-su-propiedad\\\/#primaryimage\"},\"thumbnailUrl\":\"https:\\\/\\\/www.rentila.com\\\/assets\\\/img\\\/blog\\\/blog_advice_1.png\",\"datePublished\":\"2023-12-12T14:11:37+00:00\",\"dateModified\":\"2025-10-20T16:52:20+00:00\",\"author\":{\"@id\":\"https:\\\/\\\/www.rentila.es\\\/blog\\\/#\\\/schema\\\/person\\\/0735e643ae469143cfe029568a0e6466\"},\"description\":\"Ya sea que tenga un alquiler tradicional o vacacional, fijar el precio de alquiler correcto para una propiedad es un proceso mas complejo de lo que parece.\",\"breadcrumb\":{\"@id\":\"https:\\\/\\\/www.rentila.es\\\/blog\\\/como-fijar-el-precio-de-alquiler-correcto-para-su-propiedad\\\/#breadcrumb\"},\"inLanguage\":\"es\",\"potentialAction\":[{\"@type\":\"ReadAction\",\"target\":[\"https:\\\/\\\/www.rentila.es\\\/blog\\\/como-fijar-el-precio-de-alquiler-correcto-para-su-propiedad\\\/\"]}]},{\"@type\":\"ImageObject\",\"inLanguage\":\"es\",\"@id\":\"https:\\\/\\\/www.rentila.es\\\/blog\\\/como-fijar-el-precio-de-alquiler-correcto-para-su-propiedad\\\/#primaryimage\",\"url\":\"https:\\\/\\\/www.rentila.com\\\/assets\\\/img\\\/blog\\\/blog_advice_1.png\",\"contentUrl\":\"https:\\\/\\\/www.rentila.com\\\/assets\\\/img\\\/blog\\\/blog_advice_1.png\"},{\"@type\":\"BreadcrumbList\",\"@id\":\"https:\\\/\\\/www.rentila.es\\\/blog\\\/como-fijar-el-precio-de-alquiler-correcto-para-su-propiedad\\\/#breadcrumb\",\"itemListElement\":[{\"@type\":\"ListItem\",\"position\":1,\"name\":\"Home\",\"item\":\"https:\\\/\\\/www.rentila.es\\\/blog\\\/\"},{\"@type\":\"ListItem\",\"position\":2,\"name\":\"C\u00f3mo fijar el precio de alquiler correcto para su propiedad de alquiler\"}]},{\"@type\":\"WebSite\",\"@id\":\"https:\\\/\\\/www.rentila.es\\\/blog\\\/#website\",\"url\":\"https:\\\/\\\/www.rentila.es\\\/blog\\\/\",\"name\":\"Blog de administraci\u00f3n de propiedades para propietarios - Rentila\",\"description\":\"Consejos pr\u00e1cticos, noticias inmobiliarias\",\"potentialAction\":[{\"@type\":\"SearchAction\",\"target\":{\"@type\":\"EntryPoint\",\"urlTemplate\":\"https:\\\/\\\/www.rentila.es\\\/blog\\\/?s={search_term_string}\"},\"query-input\":{\"@type\":\"PropertyValueSpecification\",\"valueRequired\":true,\"valueName\":\"search_term_string\"}}],\"inLanguage\":\"es\"},{\"@type\":\"Person\",\"@id\":\"https:\\\/\\\/www.rentila.es\\\/blog\\\/#\\\/schema\\\/person\\\/0735e643ae469143cfe029568a0e6466\",\"name\":\"Victoria Ferrando\",\"image\":{\"@type\":\"ImageObject\",\"inLanguage\":\"es\",\"@id\":\"https:\\\/\\\/secure.gravatar.com\\\/avatar\\\/6bea5648856c2e0ce46d3edb303b49edcd633cf390d13984f0744ec934a9292f?s=96&d=mm&r=g\",\"url\":\"https:\\\/\\\/secure.gravatar.com\\\/avatar\\\/6bea5648856c2e0ce46d3edb303b49edcd633cf390d13984f0744ec934a9292f?s=96&d=mm&r=g\",\"contentUrl\":\"https:\\\/\\\/secure.gravatar.com\\\/avatar\\\/6bea5648856c2e0ce46d3edb303b49edcd633cf390d13984f0744ec934a9292f?s=96&d=mm&r=g\",\"caption\":\"Victoria Ferrando\"},\"sameAs\":[\"https:\\\/\\\/www.linkedin.com\\\/in\\\/victoria-ferrando\\\/\"],\"url\":\"https:\\\/\\\/www.rentila.es\\\/blog\\\/author\\\/victoria\\\/\"}]}<\/script>\n<!-- \/ Yoast SEO plugin. -->","yoast_head_json":{"title":"C\u00f3mo fijar el precio de alquiler correcto para su propiedad","description":"Ya sea que tenga un alquiler tradicional o vacacional, fijar el precio de alquiler correcto para una propiedad es un proceso mas complejo de lo que parece.","robots":{"index":"index","follow":"follow","max-snippet":"max-snippet:-1","max-image-preview":"max-image-preview:large","max-video-preview":"max-video-preview:-1"},"canonical":"https:\/\/www.rentila.es\/blog\/como-fijar-el-precio-de-alquiler-correcto-para-su-propiedad\/","og_locale":"es_ES","og_type":"article","og_title":"C\u00f3mo fijar el precio de alquiler correcto para su propiedad","og_description":"Ya sea que tenga un alquiler tradicional o vacacional, fijar el precio de alquiler correcto para una propiedad es un proceso mas complejo de lo que parece.","og_url":"https:\/\/www.rentila.es\/blog\/como-fijar-el-precio-de-alquiler-correcto-para-su-propiedad\/","og_site_name":"Blog de administraci\u00f3n de propiedades para propietarios - Rentila","article_publisher":"https:\/\/www.facebook.com\/Rentila-Espa%c3%b1a-234200993854422\/","article_published_time":"2023-12-12T14:11:37+00:00","article_modified_time":"2025-10-20T16:52:20+00:00","author":"Victoria Ferrando","twitter_card":"summary_large_image","twitter_misc":{"Escrito por":"Victoria Ferrando","Tiempo de lectura":"6 minutos"},"schema":{"@context":"https:\/\/schema.org","@graph":[{"@type":"Article","@id":"https:\/\/www.rentila.es\/blog\/como-fijar-el-precio-de-alquiler-correcto-para-su-propiedad\/#article","isPartOf":{"@id":"https:\/\/www.rentila.es\/blog\/como-fijar-el-precio-de-alquiler-correcto-para-su-propiedad\/"},"author":{"name":"Victoria Ferrando","@id":"https:\/\/www.rentila.es\/blog\/#\/schema\/person\/0735e643ae469143cfe029568a0e6466"},"headline":"C\u00f3mo fijar el precio de alquiler correcto para su propiedad de alquiler","datePublished":"2023-12-12T14:11:37+00:00","dateModified":"2025-10-20T16:52:20+00:00","mainEntityOfPage":{"@id":"https:\/\/www.rentila.es\/blog\/como-fijar-el-precio-de-alquiler-correcto-para-su-propiedad\/"},"wordCount":1237,"image":{"@id":"https:\/\/www.rentila.es\/blog\/como-fijar-el-precio-de-alquiler-correcto-para-su-propiedad\/#primaryimage"},"thumbnailUrl":"https:\/\/www.rentila.com\/assets\/img\/blog\/blog_advice_1.png","keywords":["Alquiler"],"articleSection":["Asesoramiento","Rentila"],"inLanguage":"es"},{"@type":"WebPage","@id":"https:\/\/www.rentila.es\/blog\/como-fijar-el-precio-de-alquiler-correcto-para-su-propiedad\/","url":"https:\/\/www.rentila.es\/blog\/como-fijar-el-precio-de-alquiler-correcto-para-su-propiedad\/","name":"C\u00f3mo fijar el precio de alquiler correcto para su propiedad","isPartOf":{"@id":"https:\/\/www.rentila.es\/blog\/#website"},"primaryImageOfPage":{"@id":"https:\/\/www.rentila.es\/blog\/como-fijar-el-precio-de-alquiler-correcto-para-su-propiedad\/#primaryimage"},"image":{"@id":"https:\/\/www.rentila.es\/blog\/como-fijar-el-precio-de-alquiler-correcto-para-su-propiedad\/#primaryimage"},"thumbnailUrl":"https:\/\/www.rentila.com\/assets\/img\/blog\/blog_advice_1.png","datePublished":"2023-12-12T14:11:37+00:00","dateModified":"2025-10-20T16:52:20+00:00","author":{"@id":"https:\/\/www.rentila.es\/blog\/#\/schema\/person\/0735e643ae469143cfe029568a0e6466"},"description":"Ya sea que tenga un alquiler tradicional o vacacional, fijar el precio de alquiler correcto para una propiedad es un proceso mas complejo de lo que parece.","breadcrumb":{"@id":"https:\/\/www.rentila.es\/blog\/como-fijar-el-precio-de-alquiler-correcto-para-su-propiedad\/#breadcrumb"},"inLanguage":"es","potentialAction":[{"@type":"ReadAction","target":["https:\/\/www.rentila.es\/blog\/como-fijar-el-precio-de-alquiler-correcto-para-su-propiedad\/"]}]},{"@type":"ImageObject","inLanguage":"es","@id":"https:\/\/www.rentila.es\/blog\/como-fijar-el-precio-de-alquiler-correcto-para-su-propiedad\/#primaryimage","url":"https:\/\/www.rentila.com\/assets\/img\/blog\/blog_advice_1.png","contentUrl":"https:\/\/www.rentila.com\/assets\/img\/blog\/blog_advice_1.png"},{"@type":"BreadcrumbList","@id":"https:\/\/www.rentila.es\/blog\/como-fijar-el-precio-de-alquiler-correcto-para-su-propiedad\/#breadcrumb","itemListElement":[{"@type":"ListItem","position":1,"name":"Home","item":"https:\/\/www.rentila.es\/blog\/"},{"@type":"ListItem","position":2,"name":"C\u00f3mo fijar el precio de alquiler correcto para su propiedad de alquiler"}]},{"@type":"WebSite","@id":"https:\/\/www.rentila.es\/blog\/#website","url":"https:\/\/www.rentila.es\/blog\/","name":"Blog de administraci\u00f3n de propiedades para propietarios - Rentila","description":"Consejos pr\u00e1cticos, noticias inmobiliarias","potentialAction":[{"@type":"SearchAction","target":{"@type":"EntryPoint","urlTemplate":"https:\/\/www.rentila.es\/blog\/?s={search_term_string}"},"query-input":{"@type":"PropertyValueSpecification","valueRequired":true,"valueName":"search_term_string"}}],"inLanguage":"es"},{"@type":"Person","@id":"https:\/\/www.rentila.es\/blog\/#\/schema\/person\/0735e643ae469143cfe029568a0e6466","name":"Victoria Ferrando","image":{"@type":"ImageObject","inLanguage":"es","@id":"https:\/\/secure.gravatar.com\/avatar\/6bea5648856c2e0ce46d3edb303b49edcd633cf390d13984f0744ec934a9292f?s=96&d=mm&r=g","url":"https:\/\/secure.gravatar.com\/avatar\/6bea5648856c2e0ce46d3edb303b49edcd633cf390d13984f0744ec934a9292f?s=96&d=mm&r=g","contentUrl":"https:\/\/secure.gravatar.com\/avatar\/6bea5648856c2e0ce46d3edb303b49edcd633cf390d13984f0744ec934a9292f?s=96&d=mm&r=g","caption":"Victoria Ferrando"},"sameAs":["https:\/\/www.linkedin.com\/in\/victoria-ferrando\/"],"url":"https:\/\/www.rentila.es\/blog\/author\/victoria\/"}]}},"_links":{"self":[{"href":"https:\/\/www.rentila.es\/blog\/wp-json\/wp\/v2\/posts\/4101","targetHints":{"allow":["GET"]}}],"collection":[{"href":"https:\/\/www.rentila.es\/blog\/wp-json\/wp\/v2\/posts"}],"about":[{"href":"https:\/\/www.rentila.es\/blog\/wp-json\/wp\/v2\/types\/post"}],"author":[{"embeddable":true,"href":"https:\/\/www.rentila.es\/blog\/wp-json\/wp\/v2\/users\/5"}],"replies":[{"embeddable":true,"href":"https:\/\/www.rentila.es\/blog\/wp-json\/wp\/v2\/comments?post=4101"}],"version-history":[{"count":28,"href":"https:\/\/www.rentila.es\/blog\/wp-json\/wp\/v2\/posts\/4101\/revisions"}],"predecessor-version":[{"id":5495,"href":"https:\/\/www.rentila.es\/blog\/wp-json\/wp\/v2\/posts\/4101\/revisions\/5495"}],"wp:attachment":[{"href":"https:\/\/www.rentila.es\/blog\/wp-json\/wp\/v2\/media?parent=4101"}],"wp:term":[{"taxonomy":"category","embeddable":true,"href":"https:\/\/www.rentila.es\/blog\/wp-json\/wp\/v2\/categories?post=4101"},{"taxonomy":"post_tag","embeddable":true,"href":"https:\/\/www.rentila.es\/blog\/wp-json\/wp\/v2\/tags?post=4101"}],"curies":[{"name":"wp","href":"https:\/\/api.w.org\/{rel}","templated":true}]}}