{"id":4865,"date":"2025-01-28T08:43:05","date_gmt":"2025-01-28T08:43:05","guid":{"rendered":"https:\/\/www.rentila.es\/blog\/?p=4865"},"modified":"2025-11-28T17:16:38","modified_gmt":"2025-11-28T17:16:38","slug":"actualizacion-sobre-las-noticias-inmobiliarias-del-mes-de-enero-de-2025","status":"publish","type":"post","link":"https:\/\/www.rentila.es\/blog\/actualizacion-sobre-las-noticias-inmobiliarias-del-mes-de-enero-de-2025\/","title":{"rendered":"Actualizaci\u00f3n sobre las noticias inmobiliarias del mes de Enero de 2025"},"content":{"rendered":"<div><img decoding=\"async\" class=\"alignleft size-full wp-image-516\" title=\"newspaper\" src=\"https:\/\/www.rentila.es\/assets\/img\/blog\/blog_news_1.png\" alt=\"Actualizaci\u00f3n sobre las noticias inmobiliarias del mes\" width=\"100%\" height=\"\" \/><\/div>\n<p class=\"lead\">Como todos los meses, Rentila te ofrece una visi\u00f3n general de la prensa inmobiliaria. En el programa de este mes, correspondiente a Enero 2025, tenemos: precio de la vivienda, \u00abinokupaci\u00f3n\u00bb, tendencias y mucho m\u00e1s&#8230;<\/p>\n<p><!--more--><\/p>\n<div class=\"phase-content__flag phase-1\">Mercado inmobiliario<\/div>\n<p><!--section--><\/p>\n<h5>El precio de la vivienda encara un arranque de 2025 con previsiones de subidas de m\u00e1s del 4% tras cerrar 2024 con un alza del 14%<\/h5>\n<p>La tendencia al alza en el precio de la vivienda seguir\u00e1 su curso en 2025 seg\u00fan las previsiones del sector inmobiliario, que advierten de que la falta de oferta para cubrir la elevada demanda seguir\u00e1 empujando los precios. No obstante, la subidas vaticinadas para el a\u00f1o que acaba de comenzar son m\u00e1s moderadas que las experimentadas en 2024.<br \/>\n<a href=\"https:\/\/www.20minutos.es\/noticia\/5670138\/0\/precio-vivienda-encara-un-arranque-2025-con-previsiones-subidas-mas-4-tras-cerrar-2024-con-un-alza-14\/\" target=\"_blank\" rel=\"nofollow noopener noreferrer\">Leer m\u00e1s <span class=\"meta-nav\">\u2192<\/span><\/a><\/p>\n<hr \/>\n<h5>UCI revela las 10 tendencias que transformar\u00e1n el mercado inmobiliario en 2025<\/h5>\n<p>La Uni\u00f3n de Cr\u00e9ditos Inmobiliarios (UCI), entidad especializada en financiaci\u00f3n sostenible, ha presentado un an\u00e1lisis exhaustivo de diez tendencias que definir\u00e1n el mercado hipotecario y el sector inmobiliario en 2025. A medida que el panorama econ\u00f3mico se reconfigura, la combinaci\u00f3n de pol\u00edticas monetarias, el uso de la tecnolog\u00eda y un enfoque en la sostenibilidad se erigen como impulsores clave de un mercado en consolidaci\u00f3n y transformaci\u00f3n.<br \/>\n<a href=\"https:\/\/www.idealista.com\/news\/inmobiliario\/vivienda\/2025\/01\/09\/826814-uci-revela-las-10-tendencias-que-transformaran-el-mercado-inmobiliario-en-2025\" target=\"_blank\" rel=\"nofollow noopener noreferrer\">Leer m\u00e1s <span class=\"meta-nav\">\u2192<\/span><\/a><\/p>\n<hr \/>\n<h5>El nuevo mapa de la rentabilidad inmobiliaria en Espa\u00f1a: estas son las ciudades m\u00e1s atractivas para invertir<\/h5>\n<p>El sector inmobiliario ha sido hist\u00f3ricamente uno de los segmentos m\u00e1s populares para invertir y obtener rendimientos elevados y estables a largo plazo. Sin embargo, hay que tener en cuenta que no todos los productos ofrecen el mismo retorno, que var\u00eda significativamente dependiendo de su ubicaci\u00f3n, caracter\u00edsticas, el contexto econ\u00f3mico o las tendencias del mercado.<br \/>\n<a href=\"https:\/\/www.eleconomista.es\/vivienda-inmobiliario\/noticias\/13162918\/01\/25\/la-rentabilidad-de-la-vivienda-sube-al-72-estas-son-las-ciudades-mas-atractivas-para-invertir.html\" target=\"_blank\" rel=\"nofollow noopener noreferrer\">Leer m\u00e1s <span class=\"meta-nav\">\u2192<\/span><\/a><\/p>\n<hr \/>\n<h5>Estas son las previsiones del mercado de la vivienda de 2025: m\u00e1s hipotecas, m\u00e1s compraventas y precios m\u00e1s caros<\/h5>\n<p>Todo hace indicar que, de cara a 2025, se est\u00e1 cocinando en Espa\u00f1a un a\u00f1o de r\u00e9cord en el mercado de la vivienda, con operaciones de compraventa cercanas al r\u00e9cord hist\u00f3rico y subidas de precios. As\u00ed lo cree el profesor de Econom\u00eda de la Universitat de Barcelona (UB), Gonzalo Bernardos, entre otros expertos.<br \/>\n<a href=\"https:\/\/www.elperiodico.com\/es\/economia\/20241122\/gonzalo-bernardos-previsiones-mercado-vivienda-2025-111911979\" target=\"_blank\" rel=\"nofollow noopener noreferrer\">Leer m\u00e1s <span class=\"meta-nav\">\u2192<\/span><\/a><\/p>\n<hr \/>\n<h5>La demanda de vivienda triplica la oferta en el mercado inmobiliario<\/h5>\n<p>En el mercado de la vivienda en Espa\u00f1a, la demanda de compraventa sigue creciendo y ya triplica la oferta, que se mantiene bastante estancada. Seg\u00fan los \u00faltimos datos, un 15% de los espa\u00f1oles ha intentado comprar una vivienda en los \u00faltimos doce meses, frente a un poco m\u00e1s del 4% que ha puesto su casa en venta.<br \/>\n<a href=\"https:\/\/www.fotocasa.es\/fotocasa-life\/compraventa\/la-demanda-de-vivienda-triplica-la-oferta-en-el-mercado-inmobiliario\/\" target=\"_blank\" rel=\"nofollow noopener noreferrer\">Leer m\u00e1s <span class=\"meta-nav\">\u2192<\/span><\/a><\/p>\n<hr \/>\n<div class=\"phase-content__flag phase-1\">Consejos<\/div>\n<p><!--section--><\/p>\n<h5>La nueva calculadora de Vivienda para que no te enga\u00f1en: \u00bfcu\u00e1nto te pueden subir el alquiler en 2025?<\/h5>\n<p>El mercado del alquiler en Espa\u00f1a sigue con los precios disparados. El coste de alquilar una vivienda en nuestro pa\u00eds se increment\u00f3 un 11,5% durante los \u00faltimos 12 meses, seg\u00fan un informe de Idealista. Y las previsiones no son halag\u00fce\u00f1as, dada la escasa oferta disponible.<br \/>\n<a href=\"https:\/\/www.telecinco.es\/noticias\/economia\/vivienda\/20250108\/calculadora-vivienda-cuanto-puede-subir-alquiler-2025_18_014434450.html\" target=\"_blank\" rel=\"nofollow noopener noreferrer\">Leer m\u00e1s <span class=\"meta-nav\">\u2192<\/span><\/a><\/p>\n<hr \/>\n<h5>Soy abogada y debes incluir esta cl\u00e1usula en tu contrato de alquiler para evitar una inquiokupaci\u00f3n en tu vivienda<\/h5>\n<p>El fen\u00f3meno de la inquiokupaci\u00f3n sigue dispar\u00e1ndose en Espa\u00f1a. Muchos inquilinos dejan de pagar el alquiler a los pocos meses de su llegada a una vivienda, pero se niegan a abandonar la vivienda cuando el propietario lo requiere.<br \/>\n<a href=\"https:\/\/www.larazon.es\/sociedad\/soy-abogada-debes-incluir-esta-clausula-contrato-alquiler-evitar-inquiokupacion_20250114678517264f1fb70001877c75.html\" target=\"_blank\" rel=\"nofollow noopener noreferrer\">Leer m\u00e1s <span class=\"meta-nav\">\u2192<\/span><\/a><\/p>\n<hr \/>\n<h5>\u00bfCu\u00e1les son los derechos de los inquilinos en el mercado inmobiliario?<\/h5>\n<p>Este martes, en la secci\u00f3n de FACUA Madrid, su presidenta, Marian D\u00edaz, ha puesto el foco en los fraudes y abusos que sufren los inquilinos en el mercado inmobiliario. Entre las diferentes cuestiones, D\u00edaz ha explicado si la fianza que se paga cuando arrendas un inmueble esta sujeta a actualizaciones o no.<br \/>\n<a href=\"https:\/\/cadenaser.com\/cmadrid\/2025\/01\/21\/cuales-son-los-derechos-de-los-inquilinos-en-el-mercado-inmobiliario-ser-madrid-oeste\/\" target=\"_blank\" rel=\"nofollow noopener noreferrer\">Leer m\u00e1s <span class=\"meta-nav\">\u2192<\/span><\/a><\/p>\n<hr \/>\n<div class=\"phase-content__flag phase-1\">Diversos<\/div>\n<p><!--section--><\/p>\n<h5>Todas las claves de las medidas del Gobierno para intervenir la vivienda<\/h5>\n<p>El nuevo plan incluye incentivos al alquiler asequible, castigos fiscales a los pisos tur\u00edsticos, los extranjeros y las Socimis, as\u00ed como m\u00e1s inmuebles protegidos. Sin embargo, algunas de estas propuestas pueden quedar paralizadas o apenas tener impacto.<br \/>\n<a href=\"https:\/\/www.expansion.com\/inmobiliario\/mercado\/2025\/01\/18\/678a28c3e5fdeac7288b45b3.html\" target=\"_blank\" rel=\"nofollow noopener noreferrer\">Leer m\u00e1s <span class=\"meta-nav\">\u2192<\/span><\/a><\/p>\n<hr \/>\n<h5>La crisis de vivienda en Espa\u00f1a va en una sola direcci\u00f3n y a toda velocidad: si no compras hoy ser\u00e1 peor ma\u00f1ana<\/h5>\n<p>Resolver en unos meses o unos pocos a\u00f1os una crisis que se lleva gestando hace m\u00e1s de una d\u00e9cada resulta muy dif\u00edcil. Pero si encima las soluciones propuestas est\u00e1n lejos de ser las m\u00e1s adecuadas o incluso pueden agravar el problema, entonces la crisis solo puede ir en una direcci\u00f3n y a toda velocidad.<br \/>\n<a href=\"https:\/\/www.eleconomista.es\/vivienda-inmobiliario\/noticias\/13182606\/01\/25\/la-crisis-de-vivienda-en-espana-va-en-una-sola-direccion-y-a-toda-velocidad-si-no-compras-hoy-sera-peor-manana.html\" target=\"_blank\" rel=\"nofollow noopener noreferrer\">Leer m\u00e1s <span class=\"meta-nav\">\u2192<\/span><\/a><\/p>\n<hr \/>\n<h5>Los inquilinos m\u00e1s morosos de Espa\u00f1a est\u00e1n en Catalu\u00f1a: adeudan casi 11.000 euros a sus caseros<\/h5>\n<p>La morosidad del alquiler sigue creciendo y no tiene visos de mejorar; de hecho, se espera que contin\u00fae alza si los precios siguen en m\u00e1ximos hist\u00f3ricos y el poder adquisitivo de los ciudadanos permanece congelado.<br \/>\n<a href=\"https:\/\/www.eleconomista.es\/vivienda-inmobiliario\/noticias\/13183834\/01\/25\/los-inquilinos-mas-morosos-de-espana-estan-en-cataluna-adeudan-casi-11000-euros-a-sus-caseros.html\" target=\"_blank\" rel=\"nofollow noopener noreferrer\">Leer m\u00e1s <span class=\"meta-nav\">\u2192<\/span><\/a><\/p>\n","protected":false},"excerpt":{"rendered":"<p>Como todos los meses, Rentila te ofrece una visi\u00f3n general de la prensa inmobiliaria. En el programa de este mes, correspondiente a Enero 2025, tenemos: precio de la vivienda, \u00abinokupaci\u00f3n\u00bb, tendencias y mucho m\u00e1s&#8230;<\/p>\n","protected":false},"author":5,"featured_media":0,"comment_status":"closed","ping_status":"closed","sticky":false,"template":"","format":"standard","meta":{"footnotes":""},"categories":[59],"tags":[],"class_list":["post-4865","post","type-post","status-publish","format-standard","hentry","category-news"],"yoast_head":"<!-- This site is optimized with the Yoast SEO plugin v27.5 - https:\/\/yoast.com\/product\/yoast-seo-wordpress\/ -->\n<title>Noticias inmobiliarias del mes de Enero de 2025<\/title>\n<meta name=\"description\" content=\"Como todos los meses, Rentila te ofrece una visi\u00f3n general de la prensa inmobiliaria.\" \/>\n<meta name=\"robots\" content=\"index, follow, max-snippet:-1, max-image-preview:large, max-video-preview:-1\" \/>\n<link rel=\"canonical\" href=\"https:\/\/www.rentila.es\/blog\/actualizacion-sobre-las-noticias-inmobiliarias-del-mes-de-enero-de-2025\/\" \/>\n<meta property=\"og:locale\" content=\"es_ES\" \/>\n<meta property=\"og:type\" content=\"article\" \/>\n<meta property=\"og:title\" content=\"Noticias inmobiliarias del mes de Enero de 2025\" \/>\n<meta property=\"og:description\" content=\"Como todos los meses, Rentila te ofrece una visi\u00f3n general de la prensa inmobiliaria.\" \/>\n<meta property=\"og:url\" content=\"https:\/\/www.rentila.es\/blog\/actualizacion-sobre-las-noticias-inmobiliarias-del-mes-de-enero-de-2025\/\" \/>\n<meta property=\"og:site_name\" content=\"Blog de administraci\u00f3n de propiedades para propietarios - Rentila\" \/>\n<meta property=\"article:publisher\" content=\"https:\/\/www.facebook.com\/Rentila-Espa%c3%b1a-234200993854422\/\" \/>\n<meta property=\"article:published_time\" content=\"2025-01-28T08:43:05+00:00\" \/>\n<meta property=\"article:modified_time\" content=\"2025-11-28T17:16:38+00:00\" \/>\n<meta name=\"author\" content=\"Victoria Ferrando\" \/>\n<meta name=\"twitter:card\" content=\"summary_large_image\" \/>\n<meta name=\"twitter:label1\" content=\"Escrito por\" \/>\n\t<meta name=\"twitter:data1\" content=\"Victoria Ferrando\" \/>\n\t<meta name=\"twitter:label2\" content=\"Tiempo de lectura\" \/>\n\t<meta name=\"twitter:data2\" content=\"4 minutos\" \/>\n<script type=\"application\/ld+json\" class=\"yoast-schema-graph\">{\"@context\":\"https:\\\/\\\/schema.org\",\"@graph\":[{\"@type\":\"Article\",\"@id\":\"https:\\\/\\\/www.rentila.es\\\/blog\\\/actualizacion-sobre-las-noticias-inmobiliarias-del-mes-de-enero-de-2025\\\/#article\",\"isPartOf\":{\"@id\":\"https:\\\/\\\/www.rentila.es\\\/blog\\\/actualizacion-sobre-las-noticias-inmobiliarias-del-mes-de-enero-de-2025\\\/\"},\"author\":{\"name\":\"Victoria Ferrando\",\"@id\":\"https:\\\/\\\/www.rentila.es\\\/blog\\\/#\\\/schema\\\/person\\\/0735e643ae469143cfe029568a0e6466\"},\"headline\":\"Actualizaci\u00f3n sobre las noticias inmobiliarias del mes de Enero de 2025\",\"datePublished\":\"2025-01-28T08:43:05+00:00\",\"dateModified\":\"2025-11-28T17:16:38+00:00\",\"mainEntityOfPage\":{\"@id\":\"https:\\\/\\\/www.rentila.es\\\/blog\\\/actualizacion-sobre-las-noticias-inmobiliarias-del-mes-de-enero-de-2025\\\/\"},\"wordCount\":873,\"image\":{\"@id\":\"https:\\\/\\\/www.rentila.es\\\/blog\\\/actualizacion-sobre-las-noticias-inmobiliarias-del-mes-de-enero-de-2025\\\/#primaryimage\"},\"thumbnailUrl\":\"https:\\\/\\\/www.rentila.es\\\/assets\\\/img\\\/blog\\\/blog_news_1.png\",\"articleSection\":[\"Noticias inmobiliarias\"],\"inLanguage\":\"es\"},{\"@type\":\"WebPage\",\"@id\":\"https:\\\/\\\/www.rentila.es\\\/blog\\\/actualizacion-sobre-las-noticias-inmobiliarias-del-mes-de-enero-de-2025\\\/\",\"url\":\"https:\\\/\\\/www.rentila.es\\\/blog\\\/actualizacion-sobre-las-noticias-inmobiliarias-del-mes-de-enero-de-2025\\\/\",\"name\":\"Noticias inmobiliarias del mes de Enero de 2025\",\"isPartOf\":{\"@id\":\"https:\\\/\\\/www.rentila.es\\\/blog\\\/#website\"},\"primaryImageOfPage\":{\"@id\":\"https:\\\/\\\/www.rentila.es\\\/blog\\\/actualizacion-sobre-las-noticias-inmobiliarias-del-mes-de-enero-de-2025\\\/#primaryimage\"},\"image\":{\"@id\":\"https:\\\/\\\/www.rentila.es\\\/blog\\\/actualizacion-sobre-las-noticias-inmobiliarias-del-mes-de-enero-de-2025\\\/#primaryimage\"},\"thumbnailUrl\":\"https:\\\/\\\/www.rentila.es\\\/assets\\\/img\\\/blog\\\/blog_news_1.png\",\"datePublished\":\"2025-01-28T08:43:05+00:00\",\"dateModified\":\"2025-11-28T17:16:38+00:00\",\"author\":{\"@id\":\"https:\\\/\\\/www.rentila.es\\\/blog\\\/#\\\/schema\\\/person\\\/0735e643ae469143cfe029568a0e6466\"},\"description\":\"Como todos los meses, Rentila te ofrece una visi\u00f3n general de la prensa inmobiliaria.\",\"breadcrumb\":{\"@id\":\"https:\\\/\\\/www.rentila.es\\\/blog\\\/actualizacion-sobre-las-noticias-inmobiliarias-del-mes-de-enero-de-2025\\\/#breadcrumb\"},\"inLanguage\":\"es\",\"potentialAction\":[{\"@type\":\"ReadAction\",\"target\":[\"https:\\\/\\\/www.rentila.es\\\/blog\\\/actualizacion-sobre-las-noticias-inmobiliarias-del-mes-de-enero-de-2025\\\/\"]}]},{\"@type\":\"ImageObject\",\"inLanguage\":\"es\",\"@id\":\"https:\\\/\\\/www.rentila.es\\\/blog\\\/actualizacion-sobre-las-noticias-inmobiliarias-del-mes-de-enero-de-2025\\\/#primaryimage\",\"url\":\"https:\\\/\\\/www.rentila.es\\\/assets\\\/img\\\/blog\\\/blog_news_1.png\",\"contentUrl\":\"https:\\\/\\\/www.rentila.es\\\/assets\\\/img\\\/blog\\\/blog_news_1.png\"},{\"@type\":\"BreadcrumbList\",\"@id\":\"https:\\\/\\\/www.rentila.es\\\/blog\\\/actualizacion-sobre-las-noticias-inmobiliarias-del-mes-de-enero-de-2025\\\/#breadcrumb\",\"itemListElement\":[{\"@type\":\"ListItem\",\"position\":1,\"name\":\"Home\",\"item\":\"https:\\\/\\\/www.rentila.es\\\/blog\\\/\"},{\"@type\":\"ListItem\",\"position\":2,\"name\":\"Actualizaci\u00f3n sobre las noticias inmobiliarias del mes de Enero de 2025\"}]},{\"@type\":\"WebSite\",\"@id\":\"https:\\\/\\\/www.rentila.es\\\/blog\\\/#website\",\"url\":\"https:\\\/\\\/www.rentila.es\\\/blog\\\/\",\"name\":\"Blog de administraci\u00f3n de propiedades para propietarios - Rentila\",\"description\":\"Consejos pr\u00e1cticos, noticias inmobiliarias\",\"potentialAction\":[{\"@type\":\"SearchAction\",\"target\":{\"@type\":\"EntryPoint\",\"urlTemplate\":\"https:\\\/\\\/www.rentila.es\\\/blog\\\/?s={search_term_string}\"},\"query-input\":{\"@type\":\"PropertyValueSpecification\",\"valueRequired\":true,\"valueName\":\"search_term_string\"}}],\"inLanguage\":\"es\"},{\"@type\":\"Person\",\"@id\":\"https:\\\/\\\/www.rentila.es\\\/blog\\\/#\\\/schema\\\/person\\\/0735e643ae469143cfe029568a0e6466\",\"name\":\"Victoria Ferrando\",\"image\":{\"@type\":\"ImageObject\",\"inLanguage\":\"es\",\"@id\":\"https:\\\/\\\/secure.gravatar.com\\\/avatar\\\/6bea5648856c2e0ce46d3edb303b49edcd633cf390d13984f0744ec934a9292f?s=96&d=mm&r=g\",\"url\":\"https:\\\/\\\/secure.gravatar.com\\\/avatar\\\/6bea5648856c2e0ce46d3edb303b49edcd633cf390d13984f0744ec934a9292f?s=96&d=mm&r=g\",\"contentUrl\":\"https:\\\/\\\/secure.gravatar.com\\\/avatar\\\/6bea5648856c2e0ce46d3edb303b49edcd633cf390d13984f0744ec934a9292f?s=96&d=mm&r=g\",\"caption\":\"Victoria Ferrando\"},\"sameAs\":[\"https:\\\/\\\/www.linkedin.com\\\/in\\\/victoria-ferrando\\\/\"],\"url\":\"https:\\\/\\\/www.rentila.es\\\/blog\\\/author\\\/victoria\\\/\"}]}<\/script>\n<!-- \/ Yoast SEO plugin. -->","yoast_head_json":{"title":"Noticias inmobiliarias del mes de Enero de 2025","description":"Como todos los meses, Rentila te ofrece una visi\u00f3n general de la prensa inmobiliaria.","robots":{"index":"index","follow":"follow","max-snippet":"max-snippet:-1","max-image-preview":"max-image-preview:large","max-video-preview":"max-video-preview:-1"},"canonical":"https:\/\/www.rentila.es\/blog\/actualizacion-sobre-las-noticias-inmobiliarias-del-mes-de-enero-de-2025\/","og_locale":"es_ES","og_type":"article","og_title":"Noticias inmobiliarias del mes de Enero de 2025","og_description":"Como todos los meses, Rentila te ofrece una visi\u00f3n general de la prensa inmobiliaria.","og_url":"https:\/\/www.rentila.es\/blog\/actualizacion-sobre-las-noticias-inmobiliarias-del-mes-de-enero-de-2025\/","og_site_name":"Blog de administraci\u00f3n de propiedades para propietarios - Rentila","article_publisher":"https:\/\/www.facebook.com\/Rentila-Espa%c3%b1a-234200993854422\/","article_published_time":"2025-01-28T08:43:05+00:00","article_modified_time":"2025-11-28T17:16:38+00:00","author":"Victoria Ferrando","twitter_card":"summary_large_image","twitter_misc":{"Escrito por":"Victoria Ferrando","Tiempo de lectura":"4 minutos"},"schema":{"@context":"https:\/\/schema.org","@graph":[{"@type":"Article","@id":"https:\/\/www.rentila.es\/blog\/actualizacion-sobre-las-noticias-inmobiliarias-del-mes-de-enero-de-2025\/#article","isPartOf":{"@id":"https:\/\/www.rentila.es\/blog\/actualizacion-sobre-las-noticias-inmobiliarias-del-mes-de-enero-de-2025\/"},"author":{"name":"Victoria Ferrando","@id":"https:\/\/www.rentila.es\/blog\/#\/schema\/person\/0735e643ae469143cfe029568a0e6466"},"headline":"Actualizaci\u00f3n sobre las noticias inmobiliarias del mes de Enero de 2025","datePublished":"2025-01-28T08:43:05+00:00","dateModified":"2025-11-28T17:16:38+00:00","mainEntityOfPage":{"@id":"https:\/\/www.rentila.es\/blog\/actualizacion-sobre-las-noticias-inmobiliarias-del-mes-de-enero-de-2025\/"},"wordCount":873,"image":{"@id":"https:\/\/www.rentila.es\/blog\/actualizacion-sobre-las-noticias-inmobiliarias-del-mes-de-enero-de-2025\/#primaryimage"},"thumbnailUrl":"https:\/\/www.rentila.es\/assets\/img\/blog\/blog_news_1.png","articleSection":["Noticias inmobiliarias"],"inLanguage":"es"},{"@type":"WebPage","@id":"https:\/\/www.rentila.es\/blog\/actualizacion-sobre-las-noticias-inmobiliarias-del-mes-de-enero-de-2025\/","url":"https:\/\/www.rentila.es\/blog\/actualizacion-sobre-las-noticias-inmobiliarias-del-mes-de-enero-de-2025\/","name":"Noticias inmobiliarias del mes de Enero de 2025","isPartOf":{"@id":"https:\/\/www.rentila.es\/blog\/#website"},"primaryImageOfPage":{"@id":"https:\/\/www.rentila.es\/blog\/actualizacion-sobre-las-noticias-inmobiliarias-del-mes-de-enero-de-2025\/#primaryimage"},"image":{"@id":"https:\/\/www.rentila.es\/blog\/actualizacion-sobre-las-noticias-inmobiliarias-del-mes-de-enero-de-2025\/#primaryimage"},"thumbnailUrl":"https:\/\/www.rentila.es\/assets\/img\/blog\/blog_news_1.png","datePublished":"2025-01-28T08:43:05+00:00","dateModified":"2025-11-28T17:16:38+00:00","author":{"@id":"https:\/\/www.rentila.es\/blog\/#\/schema\/person\/0735e643ae469143cfe029568a0e6466"},"description":"Como todos los meses, Rentila te ofrece una visi\u00f3n general de la prensa inmobiliaria.","breadcrumb":{"@id":"https:\/\/www.rentila.es\/blog\/actualizacion-sobre-las-noticias-inmobiliarias-del-mes-de-enero-de-2025\/#breadcrumb"},"inLanguage":"es","potentialAction":[{"@type":"ReadAction","target":["https:\/\/www.rentila.es\/blog\/actualizacion-sobre-las-noticias-inmobiliarias-del-mes-de-enero-de-2025\/"]}]},{"@type":"ImageObject","inLanguage":"es","@id":"https:\/\/www.rentila.es\/blog\/actualizacion-sobre-las-noticias-inmobiliarias-del-mes-de-enero-de-2025\/#primaryimage","url":"https:\/\/www.rentila.es\/assets\/img\/blog\/blog_news_1.png","contentUrl":"https:\/\/www.rentila.es\/assets\/img\/blog\/blog_news_1.png"},{"@type":"BreadcrumbList","@id":"https:\/\/www.rentila.es\/blog\/actualizacion-sobre-las-noticias-inmobiliarias-del-mes-de-enero-de-2025\/#breadcrumb","itemListElement":[{"@type":"ListItem","position":1,"name":"Home","item":"https:\/\/www.rentila.es\/blog\/"},{"@type":"ListItem","position":2,"name":"Actualizaci\u00f3n sobre las noticias inmobiliarias del mes de Enero de 2025"}]},{"@type":"WebSite","@id":"https:\/\/www.rentila.es\/blog\/#website","url":"https:\/\/www.rentila.es\/blog\/","name":"Blog de administraci\u00f3n de propiedades para propietarios - Rentila","description":"Consejos pr\u00e1cticos, noticias inmobiliarias","potentialAction":[{"@type":"SearchAction","target":{"@type":"EntryPoint","urlTemplate":"https:\/\/www.rentila.es\/blog\/?s={search_term_string}"},"query-input":{"@type":"PropertyValueSpecification","valueRequired":true,"valueName":"search_term_string"}}],"inLanguage":"es"},{"@type":"Person","@id":"https:\/\/www.rentila.es\/blog\/#\/schema\/person\/0735e643ae469143cfe029568a0e6466","name":"Victoria Ferrando","image":{"@type":"ImageObject","inLanguage":"es","@id":"https:\/\/secure.gravatar.com\/avatar\/6bea5648856c2e0ce46d3edb303b49edcd633cf390d13984f0744ec934a9292f?s=96&d=mm&r=g","url":"https:\/\/secure.gravatar.com\/avatar\/6bea5648856c2e0ce46d3edb303b49edcd633cf390d13984f0744ec934a9292f?s=96&d=mm&r=g","contentUrl":"https:\/\/secure.gravatar.com\/avatar\/6bea5648856c2e0ce46d3edb303b49edcd633cf390d13984f0744ec934a9292f?s=96&d=mm&r=g","caption":"Victoria Ferrando"},"sameAs":["https:\/\/www.linkedin.com\/in\/victoria-ferrando\/"],"url":"https:\/\/www.rentila.es\/blog\/author\/victoria\/"}]}},"_links":{"self":[{"href":"https:\/\/www.rentila.es\/blog\/wp-json\/wp\/v2\/posts\/4865","targetHints":{"allow":["GET"]}}],"collection":[{"href":"https:\/\/www.rentila.es\/blog\/wp-json\/wp\/v2\/posts"}],"about":[{"href":"https:\/\/www.rentila.es\/blog\/wp-json\/wp\/v2\/types\/post"}],"author":[{"embeddable":true,"href":"https:\/\/www.rentila.es\/blog\/wp-json\/wp\/v2\/users\/5"}],"replies":[{"embeddable":true,"href":"https:\/\/www.rentila.es\/blog\/wp-json\/wp\/v2\/comments?post=4865"}],"version-history":[{"count":7,"href":"https:\/\/www.rentila.es\/blog\/wp-json\/wp\/v2\/posts\/4865\/revisions"}],"predecessor-version":[{"id":5595,"href":"https:\/\/www.rentila.es\/blog\/wp-json\/wp\/v2\/posts\/4865\/revisions\/5595"}],"wp:attachment":[{"href":"https:\/\/www.rentila.es\/blog\/wp-json\/wp\/v2\/media?parent=4865"}],"wp:term":[{"taxonomy":"category","embeddable":true,"href":"https:\/\/www.rentila.es\/blog\/wp-json\/wp\/v2\/categories?post=4865"},{"taxonomy":"post_tag","embeddable":true,"href":"https:\/\/www.rentila.es\/blog\/wp-json\/wp\/v2\/tags?post=4865"}],"curies":[{"name":"wp","href":"https:\/\/api.w.org\/{rel}","templated":true}]}}