{"id":4937,"date":"2025-02-24T12:03:38","date_gmt":"2025-02-24T12:03:38","guid":{"rendered":"https:\/\/www.rentila.es\/blog\/?p=4937"},"modified":"2025-11-28T17:15:50","modified_gmt":"2025-11-28T17:15:50","slug":"actualizacion-sobre-las-noticias-inmobiliarias-del-mes-de-febrero-de-2025","status":"publish","type":"post","link":"https:\/\/www.rentila.es\/blog\/actualizacion-sobre-las-noticias-inmobiliarias-del-mes-de-febrero-de-2025\/","title":{"rendered":"Actualizaci\u00f3n sobre las noticias inmobiliarias del mes de Febrero de 2025"},"content":{"rendered":"<div><img decoding=\"async\" class=\"alignleft size-full wp-image-516\" title=\"newspaper\" src=\"https:\/\/www.rentila.es\/assets\/img\/blog\/blog_news_1.png\" alt=\"Actualizaci\u00f3n sobre las noticias inmobiliarias del mes\" width=\"100%\" height=\"\" \/><\/div>\n<p class=\"lead\">Como todos los meses, Rentila te ofrece una visi\u00f3n general de la prensa inmobiliaria. En el programa de este mes, correspondiente a Febrero 2025, tenemos: recalentamiento de los precios, vivienda de lujo, alquilar en pueblos y mucho m\u00e1s&#8230;<\/p>\n<p><!--more--><\/p>\n<div class=\"phase-content__flag phase-1\">Mercado inmobiliario<\/div>\n<p><!--section--><\/p>\n<h5>Del &#8216;austericidio&#8217; de la vivienda al recalentamiento de los precios: \u00abHay una burbuja de demanda, la gente hace ofertas al alza y se sobreendeuda para comprar casa\u00bb<\/h5>\n<p>Los eventos traum\u00e1ticos tienen un gran impacto en la vida de quien los sufre, marcan un antes y un despu\u00e9s. Espa\u00f1a es un pa\u00eds traumatizado por la burbuja inmobiliaria de 2008. Han pasado 17 a\u00f1os desde que el pa\u00eds casi saltase por los aires con el estallido de aquella pompa de ladrillo y los precios han vuelto al nivel que ten\u00edan entonces. La vivienda ya es m\u00e1s cara que nunca y algunos fantasmas de aquella \u00e9poca vuelven a medrar ante lo que ya nadie duda en reconocer como un recalentamiento del mercado. \u00bfY ahora qu\u00e9?<br \/>\n<a href=\"https:\/\/www.elmundo.es\/economia\/vivienda\/2025\/02\/08\/67a488dbfc6c83075a8b4599.html\" target=\"_blank\" rel=\"nofollow noopener noreferrer\">Leer m\u00e1s <span class=\"meta-nav\">\u2192<\/span><\/a><\/p>\n<hr \/>\n<h5>Esto es lo que viene para 2025, seg\u00fan Gonzalo Bernardos: \u00abEstamos ante el mayor desnivel de demanda respecto a la oferta&#8230;\u00bb<\/h5>\n<p>Gonzalo Bernardos, el conocido economista catal\u00e1n, expuso durante una entrevista realizada el pasado mes de enero su perspectiva respecto a la din\u00e1mica del mercado de la vivienda. A lo largo de su intervenci\u00f3n, destac\u00f3 que el sector inmobiliario espa\u00f1ol se encuentra desestabilizado debido a \u00abun mayor desnivel de la demanda respecto a la oferta\u00bb.<br \/>\n<a href=\"https:\/\/www.elperiodico.com\/es\/economia\/20250223\/gonzalo-bernardos-vivienda-sector-inmobiliario-alquiler-dv-114389237\" target=\"_blank\" rel=\"nofollow noopener noreferrer\">Leer m\u00e1s <span class=\"meta-nav\">\u2192<\/span><\/a><\/p>\n<hr \/>\n<h5>La fiebre del inquilino: las 35 zonas de Espa\u00f1a m\u00e1s demandadas para alquilar vivienda<\/h5>\n<p>Los municipios madrile\u00f1os de Getafe, Legan\u00e9s y M\u00f3stoles est\u00e1n entre las 35 poblaciones con mayor demanda de vivienda de alquiler de todo el pa\u00eds. Tambi\u00e9n lideran el ranking las localidades barcelonesas de Hospitalet de Llobregat, Badalona y Terrassa. La presi\u00f3n de la demanda se concentra, de esta manera, en las dos ciudades m\u00e1s grandes de Espa\u00f1a, pero se unen otras ciudades en las que los inquilinos se pelean por encontrar piso.<br \/>\n<a href=\"https:\/\/www.businessinsider.es\/vivienda\/fiebre-inquilino-35-zonas-espana-demandadas-alquilar-vivienda-1443138\" target=\"_blank\" rel=\"nofollow noopener noreferrer\">Leer m\u00e1s <span class=\"meta-nav\">\u2192<\/span><\/a><\/p>\n<hr \/>\n<h5>La compraventa de viviendas se dispara un 10% en 2024 y supera las 600.000 operaciones<\/h5>\n<p>La compraventa de viviendas registr\u00f3 en 2024 un aumento del 10% con respecto al a\u00f1o anterior, hasta un total de 641.919 operaciones, su segunda mayor cifra desde 2007 tras la registrada en 2022, seg\u00fan ha informado este jueves el Instituto Nacional de Estad\u00edstica (INE) y recoge la agencia Europa Press. Con este repunte anual, la compraventa de viviendas regresa a los ascensos tras el retroceso del 10,2% que se experiment\u00f3 en 2023, cuando se realizaron cerca de 582.000 operaciones.<br \/>\n<a href=\"https:\/\/www.elperiodico.com\/es\/economia\/20250220\/compraventa-viviendas-dispara-febrero-2025-114494682\" target=\"_blank\" rel=\"nofollow noopener noreferrer\">Leer m\u00e1s <span class=\"meta-nav\">\u2192<\/span><\/a><\/p>\n<hr \/>\n<h5>Herencias sin repartir, temor al inquilino o arraigo a la casa familiar: las dificultades para alquilar en los pueblos<\/h5>\n<p>La conversaci\u00f3n con Estefan\u00eda Gonz\u00e1lez es sincera. Es la alcaldesa de Villay\u00f3n, uno de los concejos del interior de Asturias donde la despoblaci\u00f3n aprieta y mucho. Reconoce que, como regidora, animaba a sus vecinos a alquilar sus casas, cuando ella misma era reacia a hacerlo con la suya. \u201cTantos recuerdos, esa sensaci\u00f3n de desvincularte de las ra\u00edces, el temor a qui\u00e9n vendr\u00e1 a meterse dentro, si se adaptar\u00e1 bien al pueblo, si te la cuidar\u00e1\u2026\u201d.<br \/>\n<a href=\"https:\/\/www.eldiario.es\/asturias\/herencias-repartir-temor-inquilino-arraigo-casa-familiar-dificultades-alquilar-pueblos_1_12072687.html\" target=\"_blank\" rel=\"nofollow noopener noreferrer\">Leer m\u00e1s <span class=\"meta-nav\">\u2192<\/span><\/a><\/p>\n<hr \/>\n<div class=\"phase-content__flag phase-1\">Consejos<\/div>\n<p><!--section--><\/p>\n<h5>Un asesor inmobiliario lanza un aviso a los inquilinos que cumplen cinco a\u00f1os de contrato<\/h5>\n<p>El dif\u00edcil acceso a la vivienda es un problema que se ha enquistado en la sociedad espa\u00f1ola en los \u00faltimos a\u00f1os. Muchos propietarios temen las okupaciones, que est\u00e1n a la orden del d\u00eda, pero m\u00e1s all\u00e1 de estos casos lo cierto es que pagar la hipoteca o el alquiler se ha complicado en los \u00faltimos a\u00f1os a ra\u00edz del aumento desorbitado de precios en el sector.<br \/>\n<a href=\"https:\/\/www.abc.es\/recreo\/asesor-inmobiliario-lanza-aviso-inquilinos-cumplen-cinco-20250211074000-nt.html\" target=\"_blank\" rel=\"nofollow noopener noreferrer\">Leer m\u00e1s <span class=\"meta-nav\">\u2192<\/span><\/a><\/p>\n<hr \/>\n<h5>\u00bfTu casero puede prohibirte fumar en el piso que le has alquilado? Una experta responde<\/h5>\n<p>Las cl\u00e1usulas contractuales pueden restringir el tabaco. Si el contrato de arrendamiento incluye una cl\u00e1usula que proh\u00edbe fumar en el interior, el inquilino debe respetarla. \u201cVas a tener que acatarla porque el propietario se ha basado en el art\u00edculo 4 de la Ley de Arrendamientos Urbanos, que deja un peque\u00f1o margen para pactar este tipo de cosas\u201d, explica Gurrea.<br \/>\n<a href=\"https:\/\/www.elconfidencial.com\/alma-corazon-vida\/2025-02-12\/1qrt-casero-puede-prohibirte-fumes-piso-alquilado_4059708\/\" target=\"_blank\" rel=\"nofollow noopener noreferrer\">Leer m\u00e1s <span class=\"meta-nav\">\u2192<\/span><\/a><\/p>\n<hr \/>\n<h5>Buenas noticias para los inquilinos: este es el privilegio que tienen cuando el casero decide vender la vivienda<\/h5>\n<p>Ya sea por la inflaci\u00f3n inmobiliaria en las grandes ciudades, o por la ocupaci\u00f3n ilegal, la vivienda se ha convertido en un &#8216;dolor de cabeza&#8217; para los espa\u00f1oles. Por ello, resulta conveniente comprender el funcionamiento de la ley en todos los temas que envuelven a inquilinos y propietarios, por ejemplo.<br \/>\n<a href=\"https:\/\/www.elespanol.com\/invertia\/20250212\/buenas-noticias-inquilinos-privilegio-casero-decide-vender-vivienda\/923408029_0.html\" target=\"_blank\" rel=\"nofollow noopener noreferrer\">Leer m\u00e1s <span class=\"meta-nav\">\u2192<\/span><\/a><\/p>\n<hr \/>\n<div class=\"phase-content__flag phase-1\">Diversos<\/div>\n<p><!--section--><\/p>\n<h5>Caseros que alquilan m\u00e1s barato: algunos bajan la renta a cambio de inquilinos m\u00e1s cuidadosos con la vivienda<\/h5>\n<p>Hace cinco a\u00f1os, Minerva se mud\u00f3 con su pareja y decidi\u00f3 alquilar su piso. Entonces, se convirti\u00f3 en casera. En su caso, no busca sacar el m\u00e1ximo beneficio, sino tener una renta mensual que le sirva para cubrir sus propios gastos. \u00abEs justo la cantidad para pagar la hipoteca, porque ese piso todav\u00eda la tiene, y los gastos que genera\u00bb, explica a TVE.<br \/>\n<a href=\"https:\/\/www.rtve.es\/noticias\/20250217\/caseros-alquilan-mas-barato-algunos-bajan-renta-a-cambio-inquilinos-mas-cuidadosos-con-vivienda\/16453826.shtml\" target=\"_blank\" rel=\"nofollow noopener noreferrer\">Leer m\u00e1s <span class=\"meta-nav\">\u2192<\/span><\/a><\/p>\n<hr \/>\n<h5>Espa\u00f1a no es pa\u00eds para invertir en vivienda de lujo&#8230; Si eres espa\u00f1ol<\/h5>\n<p>Al calor de la subida de los precios de la vivienda, un 6% en 2024 seg\u00fan TINSA , muchos inversores se han lanzado a comprar viviendas para invertir. Y es que el precio de la vivienda en general en Espa\u00f1a sigue creciendo y muchos inversores est\u00e1n entrando en busca de rendimientos del 10% anual. Hay clar\u00edsimos casos de \u00e9xito como Madrid, donde una seguridad jur\u00eddica y 3.000 horas de sol son algunas de las claves del \u00e9xito en Madrid, seg\u00fan indica Gerardo Sheiler.<br \/>\n<a href=\"https:\/\/www.estrategiasdeinversion.com\/actualidad\/noticias\/bolsa-espana\/espana-no-es-pais-para-invertir-en-vivienda-de-n-788227\" target=\"_blank\" rel=\"nofollow noopener noreferrer\">Leer m\u00e1s <span class=\"meta-nav\">\u2192<\/span><\/a><\/p>\n<hr \/>\n<h5>La crisis de la vivienda dispara el margen de beneficio de las agencias inmobiliarias<\/h5>\n<p>Si hay un sector que est\u00e1 rentabilizando la crisis de la vivienda es el de las agencias inmobiliarias. Como sus honorarios se fijan en porcentaje del precio de la operaci\u00f3n intermediada, ya sea una venta o un alquiler, cuanto mayores sean los precios, m\u00e1s margen deja cada operaci\u00f3n.<br \/>\n<a href=\"https:\/\/www.elconfidencial.com\/economia\/2025-02-23\/agencias-inmobiliarias-margenes-beneficio-vivienda_4070442\/\" target=\"_blank\" rel=\"nofollow noopener noreferrer\">Leer m\u00e1s <span class=\"meta-nav\">\u2192<\/span><\/a><\/p>\n","protected":false},"excerpt":{"rendered":"<p>Como todos los meses, Rentila te ofrece una visi\u00f3n general de la prensa inmobiliaria. En el programa de este mes, correspondiente a Febrero 2025, tenemos: recalentamiento de los precios, vivienda de lujo, alquilar en pueblos y mucho m\u00e1s&#8230;<\/p>\n","protected":false},"author":5,"featured_media":0,"comment_status":"closed","ping_status":"closed","sticky":false,"template":"","format":"standard","meta":{"footnotes":""},"categories":[59],"tags":[],"class_list":["post-4937","post","type-post","status-publish","format-standard","hentry","category-news"],"yoast_head":"<!-- This site is optimized with the Yoast SEO plugin v27.5 - https:\/\/yoast.com\/product\/yoast-seo-wordpress\/ -->\n<title>Noticias inmobiliarias del mes de Febrero de 2025<\/title>\n<meta name=\"description\" content=\"Como todos los meses, Rentila te ofrece una visi\u00f3n general de la prensa inmobiliaria.\" \/>\n<meta name=\"robots\" content=\"index, follow, max-snippet:-1, max-image-preview:large, max-video-preview:-1\" \/>\n<link rel=\"canonical\" href=\"https:\/\/www.rentila.es\/blog\/actualizacion-sobre-las-noticias-inmobiliarias-del-mes-de-febrero-de-2025\/\" \/>\n<meta property=\"og:locale\" content=\"es_ES\" \/>\n<meta property=\"og:type\" content=\"article\" \/>\n<meta property=\"og:title\" content=\"Noticias inmobiliarias del mes de Febrero de 2025\" \/>\n<meta property=\"og:description\" content=\"Como todos los meses, Rentila te ofrece una visi\u00f3n general de la prensa inmobiliaria.\" \/>\n<meta property=\"og:url\" content=\"https:\/\/www.rentila.es\/blog\/actualizacion-sobre-las-noticias-inmobiliarias-del-mes-de-febrero-de-2025\/\" \/>\n<meta property=\"og:site_name\" content=\"Blog de administraci\u00f3n de propiedades para propietarios - Rentila\" \/>\n<meta property=\"article:publisher\" content=\"https:\/\/www.facebook.com\/Rentila-Espa%c3%b1a-234200993854422\/\" \/>\n<meta property=\"article:published_time\" content=\"2025-02-24T12:03:38+00:00\" \/>\n<meta property=\"article:modified_time\" content=\"2025-11-28T17:15:50+00:00\" \/>\n<meta name=\"author\" content=\"Victoria Ferrando\" \/>\n<meta name=\"twitter:card\" content=\"summary_large_image\" \/>\n<meta name=\"twitter:label1\" content=\"Escrito por\" \/>\n\t<meta name=\"twitter:data1\" content=\"Victoria Ferrando\" \/>\n\t<meta name=\"twitter:label2\" content=\"Tiempo de lectura\" \/>\n\t<meta name=\"twitter:data2\" content=\"5 minutos\" \/>\n<script type=\"application\/ld+json\" class=\"yoast-schema-graph\">{\"@context\":\"https:\\\/\\\/schema.org\",\"@graph\":[{\"@type\":\"Article\",\"@id\":\"https:\\\/\\\/www.rentila.es\\\/blog\\\/actualizacion-sobre-las-noticias-inmobiliarias-del-mes-de-febrero-de-2025\\\/#article\",\"isPartOf\":{\"@id\":\"https:\\\/\\\/www.rentila.es\\\/blog\\\/actualizacion-sobre-las-noticias-inmobiliarias-del-mes-de-febrero-de-2025\\\/\"},\"author\":{\"name\":\"Victoria Ferrando\",\"@id\":\"https:\\\/\\\/www.rentila.es\\\/blog\\\/#\\\/schema\\\/person\\\/0735e643ae469143cfe029568a0e6466\"},\"headline\":\"Actualizaci\u00f3n sobre las noticias inmobiliarias del mes de Febrero de 2025\",\"datePublished\":\"2025-02-24T12:03:38+00:00\",\"dateModified\":\"2025-11-28T17:15:50+00:00\",\"mainEntityOfPage\":{\"@id\":\"https:\\\/\\\/www.rentila.es\\\/blog\\\/actualizacion-sobre-las-noticias-inmobiliarias-del-mes-de-febrero-de-2025\\\/\"},\"wordCount\":1066,\"image\":{\"@id\":\"https:\\\/\\\/www.rentila.es\\\/blog\\\/actualizacion-sobre-las-noticias-inmobiliarias-del-mes-de-febrero-de-2025\\\/#primaryimage\"},\"thumbnailUrl\":\"https:\\\/\\\/www.rentila.es\\\/assets\\\/img\\\/blog\\\/blog_news_1.png\",\"articleSection\":[\"Noticias inmobiliarias\"],\"inLanguage\":\"es\"},{\"@type\":\"WebPage\",\"@id\":\"https:\\\/\\\/www.rentila.es\\\/blog\\\/actualizacion-sobre-las-noticias-inmobiliarias-del-mes-de-febrero-de-2025\\\/\",\"url\":\"https:\\\/\\\/www.rentila.es\\\/blog\\\/actualizacion-sobre-las-noticias-inmobiliarias-del-mes-de-febrero-de-2025\\\/\",\"name\":\"Noticias inmobiliarias del mes de Febrero de 2025\",\"isPartOf\":{\"@id\":\"https:\\\/\\\/www.rentila.es\\\/blog\\\/#website\"},\"primaryImageOfPage\":{\"@id\":\"https:\\\/\\\/www.rentila.es\\\/blog\\\/actualizacion-sobre-las-noticias-inmobiliarias-del-mes-de-febrero-de-2025\\\/#primaryimage\"},\"image\":{\"@id\":\"https:\\\/\\\/www.rentila.es\\\/blog\\\/actualizacion-sobre-las-noticias-inmobiliarias-del-mes-de-febrero-de-2025\\\/#primaryimage\"},\"thumbnailUrl\":\"https:\\\/\\\/www.rentila.es\\\/assets\\\/img\\\/blog\\\/blog_news_1.png\",\"datePublished\":\"2025-02-24T12:03:38+00:00\",\"dateModified\":\"2025-11-28T17:15:50+00:00\",\"author\":{\"@id\":\"https:\\\/\\\/www.rentila.es\\\/blog\\\/#\\\/schema\\\/person\\\/0735e643ae469143cfe029568a0e6466\"},\"description\":\"Como todos los meses, Rentila te ofrece una visi\u00f3n general de la prensa inmobiliaria.\",\"breadcrumb\":{\"@id\":\"https:\\\/\\\/www.rentila.es\\\/blog\\\/actualizacion-sobre-las-noticias-inmobiliarias-del-mes-de-febrero-de-2025\\\/#breadcrumb\"},\"inLanguage\":\"es\",\"potentialAction\":[{\"@type\":\"ReadAction\",\"target\":[\"https:\\\/\\\/www.rentila.es\\\/blog\\\/actualizacion-sobre-las-noticias-inmobiliarias-del-mes-de-febrero-de-2025\\\/\"]}]},{\"@type\":\"ImageObject\",\"inLanguage\":\"es\",\"@id\":\"https:\\\/\\\/www.rentila.es\\\/blog\\\/actualizacion-sobre-las-noticias-inmobiliarias-del-mes-de-febrero-de-2025\\\/#primaryimage\",\"url\":\"https:\\\/\\\/www.rentila.es\\\/assets\\\/img\\\/blog\\\/blog_news_1.png\",\"contentUrl\":\"https:\\\/\\\/www.rentila.es\\\/assets\\\/img\\\/blog\\\/blog_news_1.png\"},{\"@type\":\"BreadcrumbList\",\"@id\":\"https:\\\/\\\/www.rentila.es\\\/blog\\\/actualizacion-sobre-las-noticias-inmobiliarias-del-mes-de-febrero-de-2025\\\/#breadcrumb\",\"itemListElement\":[{\"@type\":\"ListItem\",\"position\":1,\"name\":\"Home\",\"item\":\"https:\\\/\\\/www.rentila.es\\\/blog\\\/\"},{\"@type\":\"ListItem\",\"position\":2,\"name\":\"Actualizaci\u00f3n sobre las noticias inmobiliarias del mes de Febrero de 2025\"}]},{\"@type\":\"WebSite\",\"@id\":\"https:\\\/\\\/www.rentila.es\\\/blog\\\/#website\",\"url\":\"https:\\\/\\\/www.rentila.es\\\/blog\\\/\",\"name\":\"Blog de administraci\u00f3n de propiedades para propietarios - Rentila\",\"description\":\"Consejos pr\u00e1cticos, noticias inmobiliarias\",\"potentialAction\":[{\"@type\":\"SearchAction\",\"target\":{\"@type\":\"EntryPoint\",\"urlTemplate\":\"https:\\\/\\\/www.rentila.es\\\/blog\\\/?s={search_term_string}\"},\"query-input\":{\"@type\":\"PropertyValueSpecification\",\"valueRequired\":true,\"valueName\":\"search_term_string\"}}],\"inLanguage\":\"es\"},{\"@type\":\"Person\",\"@id\":\"https:\\\/\\\/www.rentila.es\\\/blog\\\/#\\\/schema\\\/person\\\/0735e643ae469143cfe029568a0e6466\",\"name\":\"Victoria Ferrando\",\"image\":{\"@type\":\"ImageObject\",\"inLanguage\":\"es\",\"@id\":\"https:\\\/\\\/secure.gravatar.com\\\/avatar\\\/6bea5648856c2e0ce46d3edb303b49edcd633cf390d13984f0744ec934a9292f?s=96&d=mm&r=g\",\"url\":\"https:\\\/\\\/secure.gravatar.com\\\/avatar\\\/6bea5648856c2e0ce46d3edb303b49edcd633cf390d13984f0744ec934a9292f?s=96&d=mm&r=g\",\"contentUrl\":\"https:\\\/\\\/secure.gravatar.com\\\/avatar\\\/6bea5648856c2e0ce46d3edb303b49edcd633cf390d13984f0744ec934a9292f?s=96&d=mm&r=g\",\"caption\":\"Victoria Ferrando\"},\"sameAs\":[\"https:\\\/\\\/www.linkedin.com\\\/in\\\/victoria-ferrando\\\/\"],\"url\":\"https:\\\/\\\/www.rentila.es\\\/blog\\\/author\\\/victoria\\\/\"}]}<\/script>\n<!-- \/ Yoast SEO plugin. -->","yoast_head_json":{"title":"Noticias inmobiliarias del mes de Febrero de 2025","description":"Como todos los meses, Rentila te ofrece una visi\u00f3n general de la prensa inmobiliaria.","robots":{"index":"index","follow":"follow","max-snippet":"max-snippet:-1","max-image-preview":"max-image-preview:large","max-video-preview":"max-video-preview:-1"},"canonical":"https:\/\/www.rentila.es\/blog\/actualizacion-sobre-las-noticias-inmobiliarias-del-mes-de-febrero-de-2025\/","og_locale":"es_ES","og_type":"article","og_title":"Noticias inmobiliarias del mes de Febrero de 2025","og_description":"Como todos los meses, Rentila te ofrece una visi\u00f3n general de la prensa inmobiliaria.","og_url":"https:\/\/www.rentila.es\/blog\/actualizacion-sobre-las-noticias-inmobiliarias-del-mes-de-febrero-de-2025\/","og_site_name":"Blog de administraci\u00f3n de propiedades para propietarios - Rentila","article_publisher":"https:\/\/www.facebook.com\/Rentila-Espa%c3%b1a-234200993854422\/","article_published_time":"2025-02-24T12:03:38+00:00","article_modified_time":"2025-11-28T17:15:50+00:00","author":"Victoria Ferrando","twitter_card":"summary_large_image","twitter_misc":{"Escrito por":"Victoria Ferrando","Tiempo de lectura":"5 minutos"},"schema":{"@context":"https:\/\/schema.org","@graph":[{"@type":"Article","@id":"https:\/\/www.rentila.es\/blog\/actualizacion-sobre-las-noticias-inmobiliarias-del-mes-de-febrero-de-2025\/#article","isPartOf":{"@id":"https:\/\/www.rentila.es\/blog\/actualizacion-sobre-las-noticias-inmobiliarias-del-mes-de-febrero-de-2025\/"},"author":{"name":"Victoria Ferrando","@id":"https:\/\/www.rentila.es\/blog\/#\/schema\/person\/0735e643ae469143cfe029568a0e6466"},"headline":"Actualizaci\u00f3n sobre las noticias inmobiliarias del mes de Febrero de 2025","datePublished":"2025-02-24T12:03:38+00:00","dateModified":"2025-11-28T17:15:50+00:00","mainEntityOfPage":{"@id":"https:\/\/www.rentila.es\/blog\/actualizacion-sobre-las-noticias-inmobiliarias-del-mes-de-febrero-de-2025\/"},"wordCount":1066,"image":{"@id":"https:\/\/www.rentila.es\/blog\/actualizacion-sobre-las-noticias-inmobiliarias-del-mes-de-febrero-de-2025\/#primaryimage"},"thumbnailUrl":"https:\/\/www.rentila.es\/assets\/img\/blog\/blog_news_1.png","articleSection":["Noticias inmobiliarias"],"inLanguage":"es"},{"@type":"WebPage","@id":"https:\/\/www.rentila.es\/blog\/actualizacion-sobre-las-noticias-inmobiliarias-del-mes-de-febrero-de-2025\/","url":"https:\/\/www.rentila.es\/blog\/actualizacion-sobre-las-noticias-inmobiliarias-del-mes-de-febrero-de-2025\/","name":"Noticias inmobiliarias del mes de Febrero de 2025","isPartOf":{"@id":"https:\/\/www.rentila.es\/blog\/#website"},"primaryImageOfPage":{"@id":"https:\/\/www.rentila.es\/blog\/actualizacion-sobre-las-noticias-inmobiliarias-del-mes-de-febrero-de-2025\/#primaryimage"},"image":{"@id":"https:\/\/www.rentila.es\/blog\/actualizacion-sobre-las-noticias-inmobiliarias-del-mes-de-febrero-de-2025\/#primaryimage"},"thumbnailUrl":"https:\/\/www.rentila.es\/assets\/img\/blog\/blog_news_1.png","datePublished":"2025-02-24T12:03:38+00:00","dateModified":"2025-11-28T17:15:50+00:00","author":{"@id":"https:\/\/www.rentila.es\/blog\/#\/schema\/person\/0735e643ae469143cfe029568a0e6466"},"description":"Como todos los meses, Rentila te ofrece una visi\u00f3n general de la prensa inmobiliaria.","breadcrumb":{"@id":"https:\/\/www.rentila.es\/blog\/actualizacion-sobre-las-noticias-inmobiliarias-del-mes-de-febrero-de-2025\/#breadcrumb"},"inLanguage":"es","potentialAction":[{"@type":"ReadAction","target":["https:\/\/www.rentila.es\/blog\/actualizacion-sobre-las-noticias-inmobiliarias-del-mes-de-febrero-de-2025\/"]}]},{"@type":"ImageObject","inLanguage":"es","@id":"https:\/\/www.rentila.es\/blog\/actualizacion-sobre-las-noticias-inmobiliarias-del-mes-de-febrero-de-2025\/#primaryimage","url":"https:\/\/www.rentila.es\/assets\/img\/blog\/blog_news_1.png","contentUrl":"https:\/\/www.rentila.es\/assets\/img\/blog\/blog_news_1.png"},{"@type":"BreadcrumbList","@id":"https:\/\/www.rentila.es\/blog\/actualizacion-sobre-las-noticias-inmobiliarias-del-mes-de-febrero-de-2025\/#breadcrumb","itemListElement":[{"@type":"ListItem","position":1,"name":"Home","item":"https:\/\/www.rentila.es\/blog\/"},{"@type":"ListItem","position":2,"name":"Actualizaci\u00f3n sobre las noticias inmobiliarias del mes de Febrero de 2025"}]},{"@type":"WebSite","@id":"https:\/\/www.rentila.es\/blog\/#website","url":"https:\/\/www.rentila.es\/blog\/","name":"Blog de administraci\u00f3n de propiedades para propietarios - Rentila","description":"Consejos pr\u00e1cticos, noticias inmobiliarias","potentialAction":[{"@type":"SearchAction","target":{"@type":"EntryPoint","urlTemplate":"https:\/\/www.rentila.es\/blog\/?s={search_term_string}"},"query-input":{"@type":"PropertyValueSpecification","valueRequired":true,"valueName":"search_term_string"}}],"inLanguage":"es"},{"@type":"Person","@id":"https:\/\/www.rentila.es\/blog\/#\/schema\/person\/0735e643ae469143cfe029568a0e6466","name":"Victoria Ferrando","image":{"@type":"ImageObject","inLanguage":"es","@id":"https:\/\/secure.gravatar.com\/avatar\/6bea5648856c2e0ce46d3edb303b49edcd633cf390d13984f0744ec934a9292f?s=96&d=mm&r=g","url":"https:\/\/secure.gravatar.com\/avatar\/6bea5648856c2e0ce46d3edb303b49edcd633cf390d13984f0744ec934a9292f?s=96&d=mm&r=g","contentUrl":"https:\/\/secure.gravatar.com\/avatar\/6bea5648856c2e0ce46d3edb303b49edcd633cf390d13984f0744ec934a9292f?s=96&d=mm&r=g","caption":"Victoria Ferrando"},"sameAs":["https:\/\/www.linkedin.com\/in\/victoria-ferrando\/"],"url":"https:\/\/www.rentila.es\/blog\/author\/victoria\/"}]}},"_links":{"self":[{"href":"https:\/\/www.rentila.es\/blog\/wp-json\/wp\/v2\/posts\/4937","targetHints":{"allow":["GET"]}}],"collection":[{"href":"https:\/\/www.rentila.es\/blog\/wp-json\/wp\/v2\/posts"}],"about":[{"href":"https:\/\/www.rentila.es\/blog\/wp-json\/wp\/v2\/types\/post"}],"author":[{"embeddable":true,"href":"https:\/\/www.rentila.es\/blog\/wp-json\/wp\/v2\/users\/5"}],"replies":[{"embeddable":true,"href":"https:\/\/www.rentila.es\/blog\/wp-json\/wp\/v2\/comments?post=4937"}],"version-history":[{"count":6,"href":"https:\/\/www.rentila.es\/blog\/wp-json\/wp\/v2\/posts\/4937\/revisions"}],"predecessor-version":[{"id":5593,"href":"https:\/\/www.rentila.es\/blog\/wp-json\/wp\/v2\/posts\/4937\/revisions\/5593"}],"wp:attachment":[{"href":"https:\/\/www.rentila.es\/blog\/wp-json\/wp\/v2\/media?parent=4937"}],"wp:term":[{"taxonomy":"category","embeddable":true,"href":"https:\/\/www.rentila.es\/blog\/wp-json\/wp\/v2\/categories?post=4937"},{"taxonomy":"post_tag","embeddable":true,"href":"https:\/\/www.rentila.es\/blog\/wp-json\/wp\/v2\/tags?post=4937"}],"curies":[{"name":"wp","href":"https:\/\/api.w.org\/{rel}","templated":true}]}}