{"id":5123,"date":"2025-05-27T08:46:51","date_gmt":"2025-05-27T08:46:51","guid":{"rendered":"https:\/\/www.rentila.es\/blog\/?p=5123"},"modified":"2025-11-28T17:13:54","modified_gmt":"2025-11-28T17:13:54","slug":"actualizacion-sobre-las-noticias-inmobiliarias-del-mes-de-mayo-de-2025","status":"publish","type":"post","link":"https:\/\/www.rentila.es\/blog\/actualizacion-sobre-las-noticias-inmobiliarias-del-mes-de-mayo-de-2025\/","title":{"rendered":"Actualizaci\u00f3n sobre las noticias inmobiliarias del mes de Mayo de 2025"},"content":{"rendered":"<div><img decoding=\"async\" class=\"alignleft size-full wp-image-516\" title=\"newspaper\" src=\"https:\/\/www.rentila.es\/assets\/img\/blog\/blog_news.png\" alt=\"Actualizaci\u00f3n sobre las noticias inmobiliarias del mes\" width=\"100%\" height=\"\" \/><\/div>\n<p class=\"lead\">Como todos los meses, Rentila te ofrece una visi\u00f3n general de la prensa inmobiliaria. En el programa de este mes, correspondiente a Mayo 2025, tenemos: impuestos, vivir de alquiler, presi\u00f3n inmobiliaria y mucho m\u00e1s&#8230;<\/p>\n<p><!--more--><\/p>\n<div class=\"phase-content__flag phase-1\">Mercado inmobiliario<\/div>\n<p><!--section--><\/p>\n<h5>La fuerte presi\u00f3n inmobiliaria reduce los pisos vac\u00edos a m\u00ednimos de diez a\u00f1os<\/h5>\n<p>La fuerte presi\u00f3n inmobiliaria que vive el pa\u00eds, con el mayor volumen de compraventa de vivienda desde la burbuja y una subida de precios acelerada, est\u00e1 reduciendo el n\u00famero de pisos vac\u00edos en Catalunya. Ocurre con los activos que est\u00e1n tanto en manos de bancos y empresas como de particulares, dada las buenas condiciones del mercado para vender inmuebles en estos momentos, se\u00f1alan especialistas y fuentes del mercado. La oferta no cubre la demanda y el valor de las casas va al alza. La rentabilidad est\u00e1 pr\u00e1cticamente asegurada.<br \/>\n<a href=\"https:\/\/www.lavanguardia.com\/economia\/20250519\/10694441\/fuerte-presion-inmobiliaria-reduce-pisos-vacios-minimos-diez-anos.html\" target=\"_blank\" rel=\"nofollow noopener noreferrer\">Leer m\u00e1s <span class=\"meta-nav\">\u2192<\/span><\/a><\/p>\n<hr \/>\n<h5>El mercado inmobiliario espa\u00f1ol alcanza cifras r\u00e9cord: \u00bfbonanza o burbuja?<\/h5>\n<p>El mercado inmobiliario espa\u00f1ol ha cerrado un mes de marzo hist\u00f3rico. Con 62.808 operaciones de compraventa, el incremento interanual ha sido del 40,6 %, seg\u00fan datos del Instituto Nacional de Estad\u00edstica (INE). Esta cifra no se ve\u00eda desde 2007, en plena burbuja inmobiliaria previa a la crisis financiera. El balance del primer trimestre de 2025 acumula 183.140 operaciones, un 20,7 % m\u00e1s que en el mismo periodo del a\u00f1o anterior, lo que confirma una tendencia al alza que comenz\u00f3 a principios de a\u00f1o.<br \/>\n<a href=\"https:\/\/capital.es\/economia\/el-mercado-inmobiliario-espanol-alcanza-cifras-record-bonanza-o-burbuja\/125360\/\" target=\"_blank\" rel=\"nofollow noopener noreferrer\">Leer m\u00e1s <span class=\"meta-nav\">\u2192<\/span><\/a><\/p>\n<hr \/>\n<h5>El precio de la vivienda usada en venta crece a su mayor ritmo en abril (12%)<\/h5>\n<p>El precio de la vivienda usada en Espa\u00f1a ha registrado una subida del 12% interanual durante el mes de abril, situ\u00e1ndose en 2.350 euros\/m2, seg\u00fan el \u00faltimo \u00edndice de precios inmobiliarios de idealista. Este dato supone adem\u00e1s una subida de un 5% en los tres \u00faltimos meses, de un 1,7% con respecto al mes anterior y el precio m\u00e1s alto de la vivienda usada en Espa\u00f1a desde que idealista tiene registros.<br \/>\n<a href=\"https:\/\/www.idealista.com\/news\/inmobiliario\/vivienda\/2025\/05\/06\/843457-el-precio-de-la-vivienda-usada-en-venta-crece-a-su-mayor-ritmo-en-abril-12\" target=\"_blank\" rel=\"nofollow noopener noreferrer\">Leer m\u00e1s <span class=\"meta-nav\">\u2192<\/span><\/a><\/p>\n<hr \/>\n<h5>El esfuerzo para comprar o alquilar un casa sigue al alza: as\u00ed est\u00e1 por capitales<\/h5>\n<p>El porcentaje de los ingresos del hogar necesario para acceder a una vivienda creci\u00f3 hasta el 23% en el caso de la compra y hasta el 36% en el caso del alquiler durante el \u00faltimo a\u00f1o. As\u00ed se desprende del \u00faltimo estudio publicado por Idealista basado en los datos del primer trimestre de 2025.<br \/>\n<a href=\"https:\/\/www.expansion.com\/inmobiliario\/mercado\/2025\/05\/14\/6824506e468aeb53148b45a1.html\" target=\"_blank\" rel=\"nofollow noopener noreferrer\">Leer m\u00e1s <span class=\"meta-nav\">\u2192<\/span><\/a><\/p>\n<hr \/>\n<h5>La patronal denuncia que Espa\u00f1a es el pa\u00eds de la UE con m\u00e1s impuestos al comprar vivienda y cree que har\u00e1n falta 2,2 millones de pisos<\/h5>\n<p>El Instituto de Estudios Econ\u00f3micos (IEE) considera que la \u00abelevada\u00bb carga fiscal que soporta la vivienda en Espa\u00f1a acent\u00faa el desequilibrio entre oferta y demanda que est\u00e1 empujando los precios al alza y generando problemas de acceso a un techo.<br \/>\n<a href=\"https:\/\/www.20minutos.es\/noticia\/5709312\/0\/patronal-denuncia-espana-pais-ue-mas-impuestos-comprar-vivienda-cree-hacen-falta-2-millones-pisos\/\" target=\"_blank\" rel=\"nofollow noopener noreferrer\">Leer m\u00e1s <span class=\"meta-nav\">\u2192<\/span><\/a><\/p>\n<hr \/>\n<div class=\"phase-content__flag phase-1\">Consejos<\/div>\n<p><!--section--><\/p>\n<h5>Aviso para los inquilinos: pueden ahorrar hasta 1.200\u20ac en la declaraci\u00f3n de la Renta con esta deducci\u00f3n<\/h5>\n<p>La campa\u00f1a de la declaraci\u00f3n de la Renta avanza d\u00eda a d\u00eda, y miles de contribuyentes est\u00e1n presentando su documento anual de impuestos en la Agencia Tributaria. Entre todos estos ciudadanos se encuentran las personas que viven de alquiler, porque no saben que pueden desgravarse una parte de sus gastos en Hacienda si cumplen estos requisitos.<br \/>\n<a href=\"https:\/\/www.informacion.es\/finanzas-personales\/2025\/05\/16\/aviso-inquilinos-ahorrar-declaracion-renta-117476954.html\" target=\"_blank\" rel=\"nofollow noopener noreferrer\">Leer m\u00e1s <span class=\"meta-nav\">\u2192<\/span><\/a><\/p>\n<hr \/>\n<h5>\u00bfVive de alquiler? Estas son las capitales en las que est\u00e1 pagando el doble que si fuera propietario<\/h5>\n<p>Espa\u00f1a es un pa\u00eds de propietarios, sin embargo, vivir de alquiler es una tendencia al alza que provoca que cada vez m\u00e1s espa\u00f1oles asuman el rol de inquilino o casero. Acceder a una hipoteca es complicado por los ahorros que exige una entrada, pero entrar en el mercado del alquiler tampoco es sencillo. Este \u00faltimo est\u00e1 marcado por una oferta pr\u00e1cticamente inexistente, precios desbocados y una competencia alarmante, factores que excluyen cada vez a m\u00e1s colectivos.<br \/>\n<a href=\"https:\/\/www.larazon.es\/economia\/vive-alquiler-estas-son-capitales-que-esta-pagando-doble-que-fuera-propietario_2025052568332273812a8f1e6a0448eb.html\" target=\"_blank\" rel=\"nofollow noopener noreferrer\">Leer m\u00e1s <span class=\"meta-nav\">\u2192<\/span><\/a><\/p>\n<hr \/>\n<h5>\u00bfPisos de alquiler en Lleida a 400 euros? Estos son los 10 barrios m\u00e1s baratos para los inquilinos<\/h5>\n<p>Al pensar en qu\u00e9 zona de la ciudad alquilar o comprar un piso, lo primero que pasa por la cabeza es optar por el centro. Si bien suele ser el barrio con m\u00e1s encanto, tambi\u00e9n suele concentrar los precios m\u00e1s caros tanto de vivienda como de servicios. En cambio, otros barrios de Lleida garantizan una calidad de vida mayor por un coste menor. Hay zonas tranquilas, conectadas con el transporte p\u00fablico y repletas de alquileres asequibles por menos de 700 euros al mes.<br \/>\n<a href=\"https:\/\/www.businessinsider.es\/vivienda\/pisos-alquiler-lleida-400-euros-estos-son-10-barrios-baratos-inquilinos-1460788\" target=\"_blank\" rel=\"nofollow noopener noreferrer\">Leer m\u00e1s <span class=\"meta-nav\">\u2192<\/span><\/a><\/p>\n<hr \/>\n<div class=\"phase-content__flag phase-1\">Diversos<\/div>\n<p><!--section--><\/p>\n<h5>Los impuestos sobre la vivienda lastran el mercado inmobiliario<\/h5>\n<p>El exceso de tributaci\u00f3n y las desigualdades entre comunidades aut\u00f3nomas est\u00e1n disparando los precios de la vivienda y limitando la oferta de alquiler residencial. Los abogados piden cambios para dinamizar un mercado en apuros.Los impuestos sobre la vivienda, sumados a las desigualdades fiscales entre comunidades aut\u00f3nomas y la excesiva vigilancia del Fisco sobre los propietarios de inmuebles en alquiler son unas de las principales causas del incremento de los precios de la vivienda registrado en los \u00faltimos a\u00f1os.<br \/>\n<a href=\"https:\/\/www.expansion.com\/fiscal\/2025\/05\/14\/68238250468aeb4f7f8b45b8.html\" target=\"_blank\" rel=\"nofollow noopener noreferrer\">Leer m\u00e1s <span class=\"meta-nav\">\u2192<\/span><\/a><\/p>\n<hr \/>\n<h5>El Gobierno blinda el alquiler: permite al inquilino seguir aunque el casero no quiera<\/h5>\n<p>El Gobierno ha confirmado un cambio que beneficia a los arrendatarios: podr\u00e1n permanecer en la vivienda incluso cuando el arrendador no desee renovar el contrato. Esta novedad se enmarca en la reforma de la Ley de Vivienda, que busca ofrecer protecci\u00f3n a los inquilinos en un contexto marcado por el incremento anual de los precios del alquiler. Seg\u00fan el Instituto Nacional de Estad\u00edstica (INE), en 2024, el 20,4% de los hogares espa\u00f1oles viv\u00eda de alquiler, un porcentaje que subi\u00f3 un 18,7% con respecto al a\u00f1o anterior.<br \/>\n<a href=\"https:\/\/madridinforma.eldiario.es\/el-gobierno-blinda-el-alquiler-permite-al-inquilino-seguir-aunque-el-casero-no-quiera\/\" target=\"_blank\" rel=\"nofollow noopener noreferrer\">Leer m\u00e1s <span class=\"meta-nav\">\u2192<\/span><\/a><\/p>\n<hr \/>\n<h5>La brecha crece: en tres a\u00f1os los salarios suben un 7,4% y el alquiler se dispara 29,4%<\/h5>\n<p>La brecha entre los salarios y los precios de la vivienda en alquiler cada vez se est\u00e1 haciendo mayor. En 2024 el precio por metro cuadrado de una vivienda en alquiler se encareci\u00f3 un 14% y los salarios ofertados subieron un 3,1%, seg\u00fan el \u00faltimo estudio publicado por Fotocasa en Infojobs basado en los precios medios de la vivienda en alquiler y los sueldos medios de las ofertas de empleo.<br \/>\n<a href=\"https:\/\/www.expansion.com\/inmobiliario\/mercado\/2025\/05\/26\/68343625468aeb3b028b45c1.html\" target=\"_blank\" rel=\"nofollow noopener noreferrer\">Leer m\u00e1s <span class=\"meta-nav\">\u2192<\/span><\/a><\/p>\n","protected":false},"excerpt":{"rendered":"<p>Como todos los meses, Rentila te ofrece una visi\u00f3n general de la prensa inmobiliaria. En el programa de este mes, correspondiente a Mayo 2025, tenemos: impuestos, vivir de alquiler, presi\u00f3n inmobiliaria y mucho m\u00e1s&#8230;<\/p>\n","protected":false},"author":5,"featured_media":0,"comment_status":"closed","ping_status":"closed","sticky":false,"template":"","format":"standard","meta":{"footnotes":""},"categories":[59],"tags":[],"class_list":["post-5123","post","type-post","status-publish","format-standard","hentry","category-news"],"yoast_head":"<!-- This site is optimized with the Yoast SEO plugin v27.5 - https:\/\/yoast.com\/product\/yoast-seo-wordpress\/ -->\n<title>Noticias inmobiliarias del mes de Mayo de 2025<\/title>\n<meta name=\"description\" content=\"Como todos los meses, Rentila te ofrece una visi\u00f3n general de la prensa inmobiliaria.\" \/>\n<meta name=\"robots\" content=\"index, follow, max-snippet:-1, max-image-preview:large, max-video-preview:-1\" \/>\n<link rel=\"canonical\" href=\"https:\/\/www.rentila.es\/blog\/actualizacion-sobre-las-noticias-inmobiliarias-del-mes-de-mayo-de-2025\/\" \/>\n<meta property=\"og:locale\" content=\"es_ES\" \/>\n<meta property=\"og:type\" content=\"article\" \/>\n<meta property=\"og:title\" content=\"Noticias inmobiliarias del mes de Mayo de 2025\" \/>\n<meta property=\"og:description\" content=\"Como todos los meses, Rentila te ofrece una visi\u00f3n general de la prensa inmobiliaria.\" \/>\n<meta property=\"og:url\" content=\"https:\/\/www.rentila.es\/blog\/actualizacion-sobre-las-noticias-inmobiliarias-del-mes-de-mayo-de-2025\/\" \/>\n<meta property=\"og:site_name\" content=\"Blog de administraci\u00f3n de propiedades para propietarios - Rentila\" \/>\n<meta property=\"article:publisher\" content=\"https:\/\/www.facebook.com\/Rentila-Espa%c3%b1a-234200993854422\/\" \/>\n<meta property=\"article:published_time\" content=\"2025-05-27T08:46:51+00:00\" \/>\n<meta property=\"article:modified_time\" content=\"2025-11-28T17:13:54+00:00\" \/>\n<meta name=\"author\" content=\"Victoria Ferrando\" \/>\n<meta name=\"twitter:card\" content=\"summary_large_image\" \/>\n<meta name=\"twitter:label1\" content=\"Escrito por\" \/>\n\t<meta name=\"twitter:data1\" content=\"Victoria Ferrando\" \/>\n\t<meta name=\"twitter:label2\" content=\"Tiempo de lectura\" \/>\n\t<meta name=\"twitter:data2\" content=\"5 minutos\" \/>\n<script type=\"application\/ld+json\" class=\"yoast-schema-graph\">{\"@context\":\"https:\\\/\\\/schema.org\",\"@graph\":[{\"@type\":\"Article\",\"@id\":\"https:\\\/\\\/www.rentila.es\\\/blog\\\/actualizacion-sobre-las-noticias-inmobiliarias-del-mes-de-mayo-de-2025\\\/#article\",\"isPartOf\":{\"@id\":\"https:\\\/\\\/www.rentila.es\\\/blog\\\/actualizacion-sobre-las-noticias-inmobiliarias-del-mes-de-mayo-de-2025\\\/\"},\"author\":{\"name\":\"Victoria Ferrando\",\"@id\":\"https:\\\/\\\/www.rentila.es\\\/blog\\\/#\\\/schema\\\/person\\\/0735e643ae469143cfe029568a0e6466\"},\"headline\":\"Actualizaci\u00f3n sobre las noticias inmobiliarias del mes de Mayo de 2025\",\"datePublished\":\"2025-05-27T08:46:51+00:00\",\"dateModified\":\"2025-11-28T17:13:54+00:00\",\"mainEntityOfPage\":{\"@id\":\"https:\\\/\\\/www.rentila.es\\\/blog\\\/actualizacion-sobre-las-noticias-inmobiliarias-del-mes-de-mayo-de-2025\\\/\"},\"wordCount\":1082,\"image\":{\"@id\":\"https:\\\/\\\/www.rentila.es\\\/blog\\\/actualizacion-sobre-las-noticias-inmobiliarias-del-mes-de-mayo-de-2025\\\/#primaryimage\"},\"thumbnailUrl\":\"https:\\\/\\\/www.rentila.es\\\/assets\\\/img\\\/blog\\\/blog_news.png\",\"articleSection\":[\"Noticias inmobiliarias\"],\"inLanguage\":\"es\"},{\"@type\":\"WebPage\",\"@id\":\"https:\\\/\\\/www.rentila.es\\\/blog\\\/actualizacion-sobre-las-noticias-inmobiliarias-del-mes-de-mayo-de-2025\\\/\",\"url\":\"https:\\\/\\\/www.rentila.es\\\/blog\\\/actualizacion-sobre-las-noticias-inmobiliarias-del-mes-de-mayo-de-2025\\\/\",\"name\":\"Noticias inmobiliarias del mes de Mayo de 2025\",\"isPartOf\":{\"@id\":\"https:\\\/\\\/www.rentila.es\\\/blog\\\/#website\"},\"primaryImageOfPage\":{\"@id\":\"https:\\\/\\\/www.rentila.es\\\/blog\\\/actualizacion-sobre-las-noticias-inmobiliarias-del-mes-de-mayo-de-2025\\\/#primaryimage\"},\"image\":{\"@id\":\"https:\\\/\\\/www.rentila.es\\\/blog\\\/actualizacion-sobre-las-noticias-inmobiliarias-del-mes-de-mayo-de-2025\\\/#primaryimage\"},\"thumbnailUrl\":\"https:\\\/\\\/www.rentila.es\\\/assets\\\/img\\\/blog\\\/blog_news.png\",\"datePublished\":\"2025-05-27T08:46:51+00:00\",\"dateModified\":\"2025-11-28T17:13:54+00:00\",\"author\":{\"@id\":\"https:\\\/\\\/www.rentila.es\\\/blog\\\/#\\\/schema\\\/person\\\/0735e643ae469143cfe029568a0e6466\"},\"description\":\"Como todos los meses, Rentila te ofrece una visi\u00f3n general de la prensa inmobiliaria.\",\"breadcrumb\":{\"@id\":\"https:\\\/\\\/www.rentila.es\\\/blog\\\/actualizacion-sobre-las-noticias-inmobiliarias-del-mes-de-mayo-de-2025\\\/#breadcrumb\"},\"inLanguage\":\"es\",\"potentialAction\":[{\"@type\":\"ReadAction\",\"target\":[\"https:\\\/\\\/www.rentila.es\\\/blog\\\/actualizacion-sobre-las-noticias-inmobiliarias-del-mes-de-mayo-de-2025\\\/\"]}]},{\"@type\":\"ImageObject\",\"inLanguage\":\"es\",\"@id\":\"https:\\\/\\\/www.rentila.es\\\/blog\\\/actualizacion-sobre-las-noticias-inmobiliarias-del-mes-de-mayo-de-2025\\\/#primaryimage\",\"url\":\"https:\\\/\\\/www.rentila.es\\\/assets\\\/img\\\/blog\\\/blog_news.png\",\"contentUrl\":\"https:\\\/\\\/www.rentila.es\\\/assets\\\/img\\\/blog\\\/blog_news.png\"},{\"@type\":\"BreadcrumbList\",\"@id\":\"https:\\\/\\\/www.rentila.es\\\/blog\\\/actualizacion-sobre-las-noticias-inmobiliarias-del-mes-de-mayo-de-2025\\\/#breadcrumb\",\"itemListElement\":[{\"@type\":\"ListItem\",\"position\":1,\"name\":\"Home\",\"item\":\"https:\\\/\\\/www.rentila.es\\\/blog\\\/\"},{\"@type\":\"ListItem\",\"position\":2,\"name\":\"Actualizaci\u00f3n sobre las noticias inmobiliarias del mes de Mayo de 2025\"}]},{\"@type\":\"WebSite\",\"@id\":\"https:\\\/\\\/www.rentila.es\\\/blog\\\/#website\",\"url\":\"https:\\\/\\\/www.rentila.es\\\/blog\\\/\",\"name\":\"Blog de administraci\u00f3n de propiedades para propietarios - Rentila\",\"description\":\"Consejos pr\u00e1cticos, noticias inmobiliarias\",\"potentialAction\":[{\"@type\":\"SearchAction\",\"target\":{\"@type\":\"EntryPoint\",\"urlTemplate\":\"https:\\\/\\\/www.rentila.es\\\/blog\\\/?s={search_term_string}\"},\"query-input\":{\"@type\":\"PropertyValueSpecification\",\"valueRequired\":true,\"valueName\":\"search_term_string\"}}],\"inLanguage\":\"es\"},{\"@type\":\"Person\",\"@id\":\"https:\\\/\\\/www.rentila.es\\\/blog\\\/#\\\/schema\\\/person\\\/0735e643ae469143cfe029568a0e6466\",\"name\":\"Victoria Ferrando\",\"image\":{\"@type\":\"ImageObject\",\"inLanguage\":\"es\",\"@id\":\"https:\\\/\\\/secure.gravatar.com\\\/avatar\\\/6bea5648856c2e0ce46d3edb303b49edcd633cf390d13984f0744ec934a9292f?s=96&d=mm&r=g\",\"url\":\"https:\\\/\\\/secure.gravatar.com\\\/avatar\\\/6bea5648856c2e0ce46d3edb303b49edcd633cf390d13984f0744ec934a9292f?s=96&d=mm&r=g\",\"contentUrl\":\"https:\\\/\\\/secure.gravatar.com\\\/avatar\\\/6bea5648856c2e0ce46d3edb303b49edcd633cf390d13984f0744ec934a9292f?s=96&d=mm&r=g\",\"caption\":\"Victoria Ferrando\"},\"sameAs\":[\"https:\\\/\\\/www.linkedin.com\\\/in\\\/victoria-ferrando\\\/\"],\"url\":\"https:\\\/\\\/www.rentila.es\\\/blog\\\/author\\\/victoria\\\/\"}]}<\/script>\n<!-- \/ Yoast SEO plugin. -->","yoast_head_json":{"title":"Noticias inmobiliarias del mes de Mayo de 2025","description":"Como todos los meses, Rentila te ofrece una visi\u00f3n general de la prensa inmobiliaria.","robots":{"index":"index","follow":"follow","max-snippet":"max-snippet:-1","max-image-preview":"max-image-preview:large","max-video-preview":"max-video-preview:-1"},"canonical":"https:\/\/www.rentila.es\/blog\/actualizacion-sobre-las-noticias-inmobiliarias-del-mes-de-mayo-de-2025\/","og_locale":"es_ES","og_type":"article","og_title":"Noticias inmobiliarias del mes de Mayo de 2025","og_description":"Como todos los meses, Rentila te ofrece una visi\u00f3n general de la prensa inmobiliaria.","og_url":"https:\/\/www.rentila.es\/blog\/actualizacion-sobre-las-noticias-inmobiliarias-del-mes-de-mayo-de-2025\/","og_site_name":"Blog de administraci\u00f3n de propiedades para propietarios - Rentila","article_publisher":"https:\/\/www.facebook.com\/Rentila-Espa%c3%b1a-234200993854422\/","article_published_time":"2025-05-27T08:46:51+00:00","article_modified_time":"2025-11-28T17:13:54+00:00","author":"Victoria Ferrando","twitter_card":"summary_large_image","twitter_misc":{"Escrito por":"Victoria Ferrando","Tiempo de lectura":"5 minutos"},"schema":{"@context":"https:\/\/schema.org","@graph":[{"@type":"Article","@id":"https:\/\/www.rentila.es\/blog\/actualizacion-sobre-las-noticias-inmobiliarias-del-mes-de-mayo-de-2025\/#article","isPartOf":{"@id":"https:\/\/www.rentila.es\/blog\/actualizacion-sobre-las-noticias-inmobiliarias-del-mes-de-mayo-de-2025\/"},"author":{"name":"Victoria Ferrando","@id":"https:\/\/www.rentila.es\/blog\/#\/schema\/person\/0735e643ae469143cfe029568a0e6466"},"headline":"Actualizaci\u00f3n sobre las noticias inmobiliarias del mes de Mayo de 2025","datePublished":"2025-05-27T08:46:51+00:00","dateModified":"2025-11-28T17:13:54+00:00","mainEntityOfPage":{"@id":"https:\/\/www.rentila.es\/blog\/actualizacion-sobre-las-noticias-inmobiliarias-del-mes-de-mayo-de-2025\/"},"wordCount":1082,"image":{"@id":"https:\/\/www.rentila.es\/blog\/actualizacion-sobre-las-noticias-inmobiliarias-del-mes-de-mayo-de-2025\/#primaryimage"},"thumbnailUrl":"https:\/\/www.rentila.es\/assets\/img\/blog\/blog_news.png","articleSection":["Noticias inmobiliarias"],"inLanguage":"es"},{"@type":"WebPage","@id":"https:\/\/www.rentila.es\/blog\/actualizacion-sobre-las-noticias-inmobiliarias-del-mes-de-mayo-de-2025\/","url":"https:\/\/www.rentila.es\/blog\/actualizacion-sobre-las-noticias-inmobiliarias-del-mes-de-mayo-de-2025\/","name":"Noticias inmobiliarias del mes de Mayo de 2025","isPartOf":{"@id":"https:\/\/www.rentila.es\/blog\/#website"},"primaryImageOfPage":{"@id":"https:\/\/www.rentila.es\/blog\/actualizacion-sobre-las-noticias-inmobiliarias-del-mes-de-mayo-de-2025\/#primaryimage"},"image":{"@id":"https:\/\/www.rentila.es\/blog\/actualizacion-sobre-las-noticias-inmobiliarias-del-mes-de-mayo-de-2025\/#primaryimage"},"thumbnailUrl":"https:\/\/www.rentila.es\/assets\/img\/blog\/blog_news.png","datePublished":"2025-05-27T08:46:51+00:00","dateModified":"2025-11-28T17:13:54+00:00","author":{"@id":"https:\/\/www.rentila.es\/blog\/#\/schema\/person\/0735e643ae469143cfe029568a0e6466"},"description":"Como todos los meses, Rentila te ofrece una visi\u00f3n general de la prensa inmobiliaria.","breadcrumb":{"@id":"https:\/\/www.rentila.es\/blog\/actualizacion-sobre-las-noticias-inmobiliarias-del-mes-de-mayo-de-2025\/#breadcrumb"},"inLanguage":"es","potentialAction":[{"@type":"ReadAction","target":["https:\/\/www.rentila.es\/blog\/actualizacion-sobre-las-noticias-inmobiliarias-del-mes-de-mayo-de-2025\/"]}]},{"@type":"ImageObject","inLanguage":"es","@id":"https:\/\/www.rentila.es\/blog\/actualizacion-sobre-las-noticias-inmobiliarias-del-mes-de-mayo-de-2025\/#primaryimage","url":"https:\/\/www.rentila.es\/assets\/img\/blog\/blog_news.png","contentUrl":"https:\/\/www.rentila.es\/assets\/img\/blog\/blog_news.png"},{"@type":"BreadcrumbList","@id":"https:\/\/www.rentila.es\/blog\/actualizacion-sobre-las-noticias-inmobiliarias-del-mes-de-mayo-de-2025\/#breadcrumb","itemListElement":[{"@type":"ListItem","position":1,"name":"Home","item":"https:\/\/www.rentila.es\/blog\/"},{"@type":"ListItem","position":2,"name":"Actualizaci\u00f3n sobre las noticias inmobiliarias del mes de Mayo de 2025"}]},{"@type":"WebSite","@id":"https:\/\/www.rentila.es\/blog\/#website","url":"https:\/\/www.rentila.es\/blog\/","name":"Blog de administraci\u00f3n de propiedades para propietarios - Rentila","description":"Consejos pr\u00e1cticos, noticias inmobiliarias","potentialAction":[{"@type":"SearchAction","target":{"@type":"EntryPoint","urlTemplate":"https:\/\/www.rentila.es\/blog\/?s={search_term_string}"},"query-input":{"@type":"PropertyValueSpecification","valueRequired":true,"valueName":"search_term_string"}}],"inLanguage":"es"},{"@type":"Person","@id":"https:\/\/www.rentila.es\/blog\/#\/schema\/person\/0735e643ae469143cfe029568a0e6466","name":"Victoria Ferrando","image":{"@type":"ImageObject","inLanguage":"es","@id":"https:\/\/secure.gravatar.com\/avatar\/6bea5648856c2e0ce46d3edb303b49edcd633cf390d13984f0744ec934a9292f?s=96&d=mm&r=g","url":"https:\/\/secure.gravatar.com\/avatar\/6bea5648856c2e0ce46d3edb303b49edcd633cf390d13984f0744ec934a9292f?s=96&d=mm&r=g","contentUrl":"https:\/\/secure.gravatar.com\/avatar\/6bea5648856c2e0ce46d3edb303b49edcd633cf390d13984f0744ec934a9292f?s=96&d=mm&r=g","caption":"Victoria Ferrando"},"sameAs":["https:\/\/www.linkedin.com\/in\/victoria-ferrando\/"],"url":"https:\/\/www.rentila.es\/blog\/author\/victoria\/"}]}},"_links":{"self":[{"href":"https:\/\/www.rentila.es\/blog\/wp-json\/wp\/v2\/posts\/5123","targetHints":{"allow":["GET"]}}],"collection":[{"href":"https:\/\/www.rentila.es\/blog\/wp-json\/wp\/v2\/posts"}],"about":[{"href":"https:\/\/www.rentila.es\/blog\/wp-json\/wp\/v2\/types\/post"}],"author":[{"embeddable":true,"href":"https:\/\/www.rentila.es\/blog\/wp-json\/wp\/v2\/users\/5"}],"replies":[{"embeddable":true,"href":"https:\/\/www.rentila.es\/blog\/wp-json\/wp\/v2\/comments?post=5123"}],"version-history":[{"count":8,"href":"https:\/\/www.rentila.es\/blog\/wp-json\/wp\/v2\/posts\/5123\/revisions"}],"predecessor-version":[{"id":5587,"href":"https:\/\/www.rentila.es\/blog\/wp-json\/wp\/v2\/posts\/5123\/revisions\/5587"}],"wp:attachment":[{"href":"https:\/\/www.rentila.es\/blog\/wp-json\/wp\/v2\/media?parent=5123"}],"wp:term":[{"taxonomy":"category","embeddable":true,"href":"https:\/\/www.rentila.es\/blog\/wp-json\/wp\/v2\/categories?post=5123"},{"taxonomy":"post_tag","embeddable":true,"href":"https:\/\/www.rentila.es\/blog\/wp-json\/wp\/v2\/tags?post=5123"}],"curies":[{"name":"wp","href":"https:\/\/api.w.org\/{rel}","templated":true}]}}