{"id":5189,"date":"2025-06-26T15:06:22","date_gmt":"2025-06-26T15:06:22","guid":{"rendered":"https:\/\/www.rentila.es\/blog\/?p=5189"},"modified":"2025-11-28T17:13:12","modified_gmt":"2025-11-28T17:13:12","slug":"actualizacion-sobre-las-noticias-inmobiliarias-del-mes-de-junio-de-2025","status":"publish","type":"post","link":"https:\/\/www.rentila.es\/blog\/actualizacion-sobre-las-noticias-inmobiliarias-del-mes-de-junio-de-2025\/","title":{"rendered":"Actualizaci\u00f3n sobre las noticias inmobiliarias del mes de Junio de 2025"},"content":{"rendered":"<div><img decoding=\"async\" class=\"alignleft size-full wp-image-516\" title=\"newspaper\" src=\"https:\/\/www.rentila.es\/assets\/img\/blog\/blog_news_3.png\" alt=\"Actualizaci\u00f3n sobre las noticias inmobiliarias del mes\" width=\"100%\" height=\"\" \/><\/div>\n<p class=\"lead\">Como todos los meses, Rentila te ofrece una visi\u00f3n general de la prensa inmobiliaria. En el programa de este mes, correspondiente a Junio 2025, tenemos: viviendas exclusivas, alquiler temporal, regulaci\u00f3n y mucho m\u00e1s&#8230;<\/p>\n<p><!--more--><\/p>\n<div class=\"phase-content__flag phase-1\">Mercado inmobiliario<\/div>\n<p><!--section--><\/p>\n<h5>El precio de la vivienda en Espa\u00f1a subir\u00e1 un 7% en 2025, alcanzando niveles previos a la crisis financiera<\/h5>\n<p>Se anticipa un crecimiento sostenido del mercado inmobiliario en 2025, con un aumento del 7% en el precio medio de la vivienda y una recuperaci\u00f3n en las compraventas que podr\u00eda superar las cifras anteriores a la crisis de 2008. El mercado inmobiliario espa\u00f1ol muestra signos de recuperaci\u00f3n en 2025, con previsiones optimistas por parte de Donpiso. La estabilizaci\u00f3n de los tipos de inter\u00e9s, una demanda contenida y la limitada oferta de obra nueva son factores clave que impulsan esta tendencia al alza.<br \/>\n<a href=\"https:\/\/www.elboletin.com\/el-precio-de-la-vivienda-en-espana-subira-un-7-en-2025-alcanzando-niveles-previos-a-la-crisis-financiera\/\" target=\"_blank\" rel=\"nofollow noopener noreferrer\">Leer m\u00e1s <span class=\"meta-nav\">\u2192<\/span><\/a><\/p>\n<hr \/>\n<h5>Raymond Torres, experto inmobiliario: \u00abCon los precios de la vivienda veremos un punto de inflexi\u00f3n y una ca\u00edda\u00bb<\/h5>\n<p>Los precios de la vivienda est\u00e1n alcanzando cotas cada vez m\u00e1s preocupantes en Espa\u00f1a. En el primer trimestre del a\u00f1o, la vivienda nueva ha subido un 12,2% con respecto al a\u00f1o pasado. Y la vivienda usada ha subido un poco m\u00e1s, hasta el 12,3%, seg\u00fan datos del Instituto Nacional de Estad\u00edstica (INE). Las consecuencias son claras: los j\u00f3venes no pueden acceder a la vivienda, se retrasa la edad de emancipaci\u00f3n y el mercado se podr\u00eda estar dirigiendo a una explosi\u00f3n inmobiliaria similar a la de 2008.<br \/>\n<a href=\"https:\/\/www.elespanol.com\/sociedad\/20250616\/raymond-torres-experto-inmobiliario-precios-vivienda-veremos-punto-inflexion-caida\/1003743801182_0.html\" target=\"_blank\" rel=\"nofollow noopener noreferrer\">Leer m\u00e1s <span class=\"meta-nav\">\u2192<\/span><\/a><\/p>\n<hr \/>\n<h5>El precio de las viviendas m\u00e1s exclusivas de Espa\u00f1a sube un 15%: as\u00ed est\u00e1 por capitales<\/h5>\n<p>El crecimiento de los precios de las viviendas m\u00e1s caras del mercado alcanz\u00f3 el 15% interanual en el mes de mayo.As\u00ed se desprende del \u00faltimo informe publicado por Idealista que destaca que, con este incremento, las viviendas en el percentil 90 (el 10% de las viviendas en venta m\u00e1s caras del mercado) tienen un precio que comienza en 860.000 euros.<br \/>\n<a href=\"https:\/\/www.expansion.com\/inmobiliario\/mercado\/2025\/06\/17\/68512340e5fdea316d8b457e.html\" target=\"_blank\" rel=\"nofollow noopener noreferrer\">Leer m\u00e1s <span class=\"meta-nav\">\u2192<\/span><\/a><\/p>\n<hr \/>\n<h5>La oferta de viviendas en venta se reduce casi un 20% en un a\u00f1o mientras la de alquileres empieza a repuntar<\/h5>\n<p>El desajuste entre una oferta de vivienda escasa y una elevada demanda lleva tiempo empujando los precios al alza sin atisbarse todav\u00eda el fin de las subidas. A la vez que las compras no dejan de crecer, cada vez se detectan menos anuncios de pisos a la venta.<br \/>\n<a href=\"https:\/\/www.20minutos.es\/noticia\/5720754\/0\/oferta-viviendas-venta-se-reduce-casi-un-20-un-ano-mientras-alquileres-empieza-repuntar\/\" target=\"_blank\" rel=\"nofollow noopener noreferrer\">Leer m\u00e1s <span class=\"meta-nav\">\u2192<\/span><\/a><\/p>\n<hr \/>\n<h5>El precio de la vivienda sube un 9% en el primer trimestre y las ventas crecen un 14,7%<\/h5>\n<p>El precio de la vivienda libre se encareci\u00f3 en el primer trimestre del a\u00f1o un 9% con respecto al mismo periodo de 2024 y super\u00f3 la barrera de los 2.000 euros\/m2 (2.033,4 euros\/m2), el mayor importe desde mediados de 2008. As\u00ed se desprende de los datos publicados hoy por el Ministerio de Vivienda y Agenda Urbana que destaca tambi\u00e9n que la compraventa de viviendas creci\u00f3 un 14,7% interanual, hasta contabilizar 184.087 operaciones en los tres primeros meses del a\u00f1o.<br \/>\n<a href=\"https:\/\/www.expansion.com\/inmobiliario\/mercado\/2025\/06\/11\/68495d8b468aeb885e8b4578.html\/\" target=\"_blank\" rel=\"nofollow noopener noreferrer\">Leer m\u00e1s <span class=\"meta-nav\">\u2192<\/span><\/a><\/p>\n<hr \/>\n<div class=\"phase-content__flag phase-1\">Consejos<\/div>\n<p><!--section--><\/p>\n<h5>Alquiler en Espa\u00f1a: claves legales para inquilinos y caseros<\/h5>\n<p>Firmar un contrato de alquiler en Espa\u00f1a implica mucho m\u00e1s que acordar un precio mensual y entregar las llaves. Aunque la pr\u00e1ctica pueda parecer rutinaria, cada cl\u00e1usula firmada acarrea implicaciones legales que afectan tanto al inquilino como al arrendador. Seg\u00fan explica \u00c1ngel S\u00e1nchez, abogado especialista en derecho inmobiliario y socio de Asoban Abogados, \u201cmuchas personas desconocen los derechos y l\u00edmites que les amparan al firmar un contrato de arrendamiento, lo que puede llevar a situaciones injustas o directamente ilegales\u201d.<br \/>\n<a href=\"https:\/\/herculesdiario.es\/vida-adulta-hercules\/alquiler-en-espana-claves-legales-para-inquilinos-y-caseros\/\" target=\"_blank\" rel=\"nofollow noopener noreferrer\">Leer m\u00e1s <span class=\"meta-nav\">\u2192<\/span><\/a><\/p>\n<hr \/>\n<h5>\u00bfEs inquilino habitual de un alquiler temporal? As\u00ed es como puede demostrarlo<\/h5>\n<p>Crisis en el mercado del alquiler. Precios por las nubes y la escasez de oferta son los principales retos a los que se enfrentan todos aquellos que quieren convertirse en inquilinos. \u00abEsta falta de disponibilidad para el alquiler tradicional, sumada a la escalada de precios y el control que, desde ciertas administraciones, se ha puesto en marcha a ra\u00edz de la Ley de la Vivienda, han llevado a poner el foco en el alquiler temporal\u00bb, explican desde el portal inmobiliario Pisos.com.<br \/>\n<a href=\"https:\/\/www.larazon.es\/economia\/inquilino-habitual-alquiler-temporal-asi-como-puede-demostrarlo_2025060868455122836497285a9eb7a5.html\" target=\"_blank\" rel=\"nofollow noopener noreferrer\">Leer m\u00e1s <span class=\"meta-nav\">\u2192<\/span><\/a><\/p>\n<hr \/>\n<h5>Los inquilinos en situaci\u00f3n de vulnerabilidad deben pagar las rentas adeudadas para recurrir un desahucio<\/h5>\n<p>El Tribunal Supremo (TS) determina que los inquilinos que hayan sido desahuciados por seguir en la vivienda una vez finalizado el contrato deber\u00e1n pagar las rentas adeudadas para poder recurrir el desalojo, incluso aunque est\u00e9n en situaci\u00f3n de vulnerabilidad econ\u00f3mica y tengan derecho a la justicia gratuita.<br \/>\n<a href=\"https:\/\/www.eleconomista.es\/legal\/noticias\/13403189\/06\/25\/los-inquilinos-en-situacion-de-vulnerabilidad-deben-pagar-las-rentas-adeudas-para-recurrir-un-desahucio.html\" target=\"_blank\" rel=\"nofollow noopener noreferrer\">Leer m\u00e1s <span class=\"meta-nav\">\u2192<\/span><\/a><\/p>\n<hr \/>\n<div class=\"phase-content__flag phase-1\">Diversos<\/div>\n<p><!--section--><\/p>\n<h5>C\u00edrculo de Empresarios: \u00abLa regulaci\u00f3n miope y asfixiante ha roto el equilibrio del mercado de la vivienda\u00bb<\/h5>\n<p>El C\u00edrculo de Empresarios ha pedido un Pacto de Estado por la vivienda ante el deterioro estructural del mercado de la vivienda en Espa\u00f1a, que ya act\u00faa como freno al crecimiento econ\u00f3mico y factor de exclusi\u00f3n para amplias capas de la poblaci\u00f3n, por lo que ha reclamado una serie de medidas que pasan por multiplicar la oferta de suelo urbanizable.<br \/>\n<a href=\"https:\/\/www.idealista.com\/news\/inmobiliario\/vivienda\/2025\/06\/17\/849505-circulo-de-empresarios-la-regulacion-miope-y-asfixiante-ha-roto-el-equilibrio-del\" target=\"_blank\" rel=\"nofollow noopener noreferrer\">Leer m\u00e1s <span class=\"meta-nav\">\u2192<\/span><\/a><\/p>\n<hr \/>\n<h5>CCOO calcula que bajar un 30% el precio de la vivienda generar\u00eda 25.000 millones de euros para consumo y 410.000 empleos en 5 a\u00f1os<\/h5>\n<p>El de la vivienda se ha convertido en un problema no solo social sino tambi\u00e9n econ\u00f3mico, seg\u00fan Comisiones Obreras (CCOO). Un informe publicado este martes por el Gabinete Econ\u00f3mico Confederal del sindicato denuncia la asfixia que los precios disparados de la vivienda suponen para el bolsillo de las familias pero tambi\u00e9n para la econom\u00eda espa\u00f1ola en su conjunto, dado que los ingresos que se destinan a pagar el alquiler o la hipoteca se dejan de dedicar a otros bienes o servicios que generan m\u00e1s actividad.<br \/>\n<a href=\"https:\/\/www.20minutos.es\/noticia\/5725091\/0\/ccoo-calcula-que-bajar-un-30-precio-vivienda-generaria-25-000-millones-euros-para-consumo-410-000-empleos-5-anos\/\" target=\"_blank\" rel=\"nofollow noopener noreferrer\">Leer m\u00e1s <span class=\"meta-nav\">\u2192<\/span><\/a><\/p>\n<hr \/>\n<h5>La compraventa de viviendas registra su mejor nivel desde la burbuja inmobiliaria<\/h5>\n<p>Primero fueron los precios los que llegaron a los niveles que se alcanzaron durante la burbuja inmobiliaria de principios de siglo. Y ahora son las transacciones las que se aproximan a las cotas de 2007, el a\u00f1o previo al derrumbamiento del mercado.<br \/>\n<a href=\"https:\/\/www.larazon.es\/economia\/compraventa-viviendas-registra-mejor-nivel-burbuja-inmobiliaria_20250611684954293686c164f389214b.html\" target=\"_blank\" rel=\"nofollow noopener noreferrer\">Leer m\u00e1s <span class=\"meta-nav\">\u2192<\/span><\/a><\/p>\n","protected":false},"excerpt":{"rendered":"<p>Como todos los meses, Rentila te ofrece una visi\u00f3n general de la prensa inmobiliaria. En el programa de este mes, correspondiente a Junio 2025, tenemos: viviendas exclusivas, alquiler temporal, regulaci\u00f3n y mucho m\u00e1s&#8230;<\/p>\n","protected":false},"author":5,"featured_media":0,"comment_status":"closed","ping_status":"closed","sticky":false,"template":"","format":"standard","meta":{"footnotes":""},"categories":[59],"tags":[],"class_list":["post-5189","post","type-post","status-publish","format-standard","hentry","category-news"],"yoast_head":"<!-- This site is optimized with the Yoast SEO plugin v27.5 - https:\/\/yoast.com\/product\/yoast-seo-wordpress\/ -->\n<title>Noticias inmobiliarias del mes de Junio de 2025<\/title>\n<meta name=\"description\" content=\"Como todos los meses, Rentila te ofrece una visi\u00f3n general de la prensa inmobiliaria.\" \/>\n<meta name=\"robots\" content=\"index, follow, max-snippet:-1, max-image-preview:large, max-video-preview:-1\" \/>\n<link rel=\"canonical\" href=\"https:\/\/www.rentila.es\/blog\/actualizacion-sobre-las-noticias-inmobiliarias-del-mes-de-junio-de-2025\/\" \/>\n<meta property=\"og:locale\" content=\"es_ES\" \/>\n<meta property=\"og:type\" content=\"article\" \/>\n<meta property=\"og:title\" content=\"Noticias inmobiliarias del mes de Junio de 2025\" \/>\n<meta property=\"og:description\" content=\"Como todos los meses, Rentila te ofrece una visi\u00f3n general de la prensa inmobiliaria.\" \/>\n<meta property=\"og:url\" content=\"https:\/\/www.rentila.es\/blog\/actualizacion-sobre-las-noticias-inmobiliarias-del-mes-de-junio-de-2025\/\" \/>\n<meta property=\"og:site_name\" content=\"Blog de administraci\u00f3n de propiedades para propietarios - Rentila\" \/>\n<meta property=\"article:publisher\" content=\"https:\/\/www.facebook.com\/Rentila-Espa%c3%b1a-234200993854422\/\" \/>\n<meta property=\"article:published_time\" content=\"2025-06-26T15:06:22+00:00\" \/>\n<meta property=\"article:modified_time\" content=\"2025-11-28T17:13:12+00:00\" \/>\n<meta name=\"author\" content=\"Victoria Ferrando\" \/>\n<meta name=\"twitter:card\" content=\"summary_large_image\" \/>\n<meta name=\"twitter:label1\" content=\"Escrito por\" \/>\n\t<meta name=\"twitter:data1\" content=\"Victoria Ferrando\" \/>\n\t<meta name=\"twitter:label2\" content=\"Tiempo de lectura\" \/>\n\t<meta name=\"twitter:data2\" content=\"5 minutos\" \/>\n<script type=\"application\/ld+json\" class=\"yoast-schema-graph\">{\"@context\":\"https:\\\/\\\/schema.org\",\"@graph\":[{\"@type\":\"Article\",\"@id\":\"https:\\\/\\\/www.rentila.es\\\/blog\\\/actualizacion-sobre-las-noticias-inmobiliarias-del-mes-de-junio-de-2025\\\/#article\",\"isPartOf\":{\"@id\":\"https:\\\/\\\/www.rentila.es\\\/blog\\\/actualizacion-sobre-las-noticias-inmobiliarias-del-mes-de-junio-de-2025\\\/\"},\"author\":{\"name\":\"Victoria Ferrando\",\"@id\":\"https:\\\/\\\/www.rentila.es\\\/blog\\\/#\\\/schema\\\/person\\\/0735e643ae469143cfe029568a0e6466\"},\"headline\":\"Actualizaci\u00f3n sobre las noticias inmobiliarias del mes de Junio de 2025\",\"datePublished\":\"2025-06-26T15:06:22+00:00\",\"dateModified\":\"2025-11-28T17:13:12+00:00\",\"mainEntityOfPage\":{\"@id\":\"https:\\\/\\\/www.rentila.es\\\/blog\\\/actualizacion-sobre-las-noticias-inmobiliarias-del-mes-de-junio-de-2025\\\/\"},\"wordCount\":1051,\"image\":{\"@id\":\"https:\\\/\\\/www.rentila.es\\\/blog\\\/actualizacion-sobre-las-noticias-inmobiliarias-del-mes-de-junio-de-2025\\\/#primaryimage\"},\"thumbnailUrl\":\"https:\\\/\\\/www.rentila.es\\\/assets\\\/img\\\/blog\\\/blog_news_3.png\",\"articleSection\":[\"Noticias inmobiliarias\"],\"inLanguage\":\"es\"},{\"@type\":\"WebPage\",\"@id\":\"https:\\\/\\\/www.rentila.es\\\/blog\\\/actualizacion-sobre-las-noticias-inmobiliarias-del-mes-de-junio-de-2025\\\/\",\"url\":\"https:\\\/\\\/www.rentila.es\\\/blog\\\/actualizacion-sobre-las-noticias-inmobiliarias-del-mes-de-junio-de-2025\\\/\",\"name\":\"Noticias inmobiliarias del mes de Junio de 2025\",\"isPartOf\":{\"@id\":\"https:\\\/\\\/www.rentila.es\\\/blog\\\/#website\"},\"primaryImageOfPage\":{\"@id\":\"https:\\\/\\\/www.rentila.es\\\/blog\\\/actualizacion-sobre-las-noticias-inmobiliarias-del-mes-de-junio-de-2025\\\/#primaryimage\"},\"image\":{\"@id\":\"https:\\\/\\\/www.rentila.es\\\/blog\\\/actualizacion-sobre-las-noticias-inmobiliarias-del-mes-de-junio-de-2025\\\/#primaryimage\"},\"thumbnailUrl\":\"https:\\\/\\\/www.rentila.es\\\/assets\\\/img\\\/blog\\\/blog_news_3.png\",\"datePublished\":\"2025-06-26T15:06:22+00:00\",\"dateModified\":\"2025-11-28T17:13:12+00:00\",\"author\":{\"@id\":\"https:\\\/\\\/www.rentila.es\\\/blog\\\/#\\\/schema\\\/person\\\/0735e643ae469143cfe029568a0e6466\"},\"description\":\"Como todos los meses, Rentila te ofrece una visi\u00f3n general de la prensa inmobiliaria.\",\"breadcrumb\":{\"@id\":\"https:\\\/\\\/www.rentila.es\\\/blog\\\/actualizacion-sobre-las-noticias-inmobiliarias-del-mes-de-junio-de-2025\\\/#breadcrumb\"},\"inLanguage\":\"es\",\"potentialAction\":[{\"@type\":\"ReadAction\",\"target\":[\"https:\\\/\\\/www.rentila.es\\\/blog\\\/actualizacion-sobre-las-noticias-inmobiliarias-del-mes-de-junio-de-2025\\\/\"]}]},{\"@type\":\"ImageObject\",\"inLanguage\":\"es\",\"@id\":\"https:\\\/\\\/www.rentila.es\\\/blog\\\/actualizacion-sobre-las-noticias-inmobiliarias-del-mes-de-junio-de-2025\\\/#primaryimage\",\"url\":\"https:\\\/\\\/www.rentila.es\\\/assets\\\/img\\\/blog\\\/blog_news_3.png\",\"contentUrl\":\"https:\\\/\\\/www.rentila.es\\\/assets\\\/img\\\/blog\\\/blog_news_3.png\"},{\"@type\":\"BreadcrumbList\",\"@id\":\"https:\\\/\\\/www.rentila.es\\\/blog\\\/actualizacion-sobre-las-noticias-inmobiliarias-del-mes-de-junio-de-2025\\\/#breadcrumb\",\"itemListElement\":[{\"@type\":\"ListItem\",\"position\":1,\"name\":\"Home\",\"item\":\"https:\\\/\\\/www.rentila.es\\\/blog\\\/\"},{\"@type\":\"ListItem\",\"position\":2,\"name\":\"Actualizaci\u00f3n sobre las noticias inmobiliarias del mes de Junio de 2025\"}]},{\"@type\":\"WebSite\",\"@id\":\"https:\\\/\\\/www.rentila.es\\\/blog\\\/#website\",\"url\":\"https:\\\/\\\/www.rentila.es\\\/blog\\\/\",\"name\":\"Blog de administraci\u00f3n de propiedades para propietarios - Rentila\",\"description\":\"Consejos pr\u00e1cticos, noticias inmobiliarias\",\"potentialAction\":[{\"@type\":\"SearchAction\",\"target\":{\"@type\":\"EntryPoint\",\"urlTemplate\":\"https:\\\/\\\/www.rentila.es\\\/blog\\\/?s={search_term_string}\"},\"query-input\":{\"@type\":\"PropertyValueSpecification\",\"valueRequired\":true,\"valueName\":\"search_term_string\"}}],\"inLanguage\":\"es\"},{\"@type\":\"Person\",\"@id\":\"https:\\\/\\\/www.rentila.es\\\/blog\\\/#\\\/schema\\\/person\\\/0735e643ae469143cfe029568a0e6466\",\"name\":\"Victoria Ferrando\",\"image\":{\"@type\":\"ImageObject\",\"inLanguage\":\"es\",\"@id\":\"https:\\\/\\\/secure.gravatar.com\\\/avatar\\\/6bea5648856c2e0ce46d3edb303b49edcd633cf390d13984f0744ec934a9292f?s=96&d=mm&r=g\",\"url\":\"https:\\\/\\\/secure.gravatar.com\\\/avatar\\\/6bea5648856c2e0ce46d3edb303b49edcd633cf390d13984f0744ec934a9292f?s=96&d=mm&r=g\",\"contentUrl\":\"https:\\\/\\\/secure.gravatar.com\\\/avatar\\\/6bea5648856c2e0ce46d3edb303b49edcd633cf390d13984f0744ec934a9292f?s=96&d=mm&r=g\",\"caption\":\"Victoria Ferrando\"},\"sameAs\":[\"https:\\\/\\\/www.linkedin.com\\\/in\\\/victoria-ferrando\\\/\"],\"url\":\"https:\\\/\\\/www.rentila.es\\\/blog\\\/author\\\/victoria\\\/\"}]}<\/script>\n<!-- \/ Yoast SEO plugin. -->","yoast_head_json":{"title":"Noticias inmobiliarias del mes de Junio de 2025","description":"Como todos los meses, Rentila te ofrece una visi\u00f3n general de la prensa inmobiliaria.","robots":{"index":"index","follow":"follow","max-snippet":"max-snippet:-1","max-image-preview":"max-image-preview:large","max-video-preview":"max-video-preview:-1"},"canonical":"https:\/\/www.rentila.es\/blog\/actualizacion-sobre-las-noticias-inmobiliarias-del-mes-de-junio-de-2025\/","og_locale":"es_ES","og_type":"article","og_title":"Noticias inmobiliarias del mes de Junio de 2025","og_description":"Como todos los meses, Rentila te ofrece una visi\u00f3n general de la prensa inmobiliaria.","og_url":"https:\/\/www.rentila.es\/blog\/actualizacion-sobre-las-noticias-inmobiliarias-del-mes-de-junio-de-2025\/","og_site_name":"Blog de administraci\u00f3n de propiedades para propietarios - Rentila","article_publisher":"https:\/\/www.facebook.com\/Rentila-Espa%c3%b1a-234200993854422\/","article_published_time":"2025-06-26T15:06:22+00:00","article_modified_time":"2025-11-28T17:13:12+00:00","author":"Victoria Ferrando","twitter_card":"summary_large_image","twitter_misc":{"Escrito por":"Victoria Ferrando","Tiempo de lectura":"5 minutos"},"schema":{"@context":"https:\/\/schema.org","@graph":[{"@type":"Article","@id":"https:\/\/www.rentila.es\/blog\/actualizacion-sobre-las-noticias-inmobiliarias-del-mes-de-junio-de-2025\/#article","isPartOf":{"@id":"https:\/\/www.rentila.es\/blog\/actualizacion-sobre-las-noticias-inmobiliarias-del-mes-de-junio-de-2025\/"},"author":{"name":"Victoria Ferrando","@id":"https:\/\/www.rentila.es\/blog\/#\/schema\/person\/0735e643ae469143cfe029568a0e6466"},"headline":"Actualizaci\u00f3n sobre las noticias inmobiliarias del mes de Junio de 2025","datePublished":"2025-06-26T15:06:22+00:00","dateModified":"2025-11-28T17:13:12+00:00","mainEntityOfPage":{"@id":"https:\/\/www.rentila.es\/blog\/actualizacion-sobre-las-noticias-inmobiliarias-del-mes-de-junio-de-2025\/"},"wordCount":1051,"image":{"@id":"https:\/\/www.rentila.es\/blog\/actualizacion-sobre-las-noticias-inmobiliarias-del-mes-de-junio-de-2025\/#primaryimage"},"thumbnailUrl":"https:\/\/www.rentila.es\/assets\/img\/blog\/blog_news_3.png","articleSection":["Noticias inmobiliarias"],"inLanguage":"es"},{"@type":"WebPage","@id":"https:\/\/www.rentila.es\/blog\/actualizacion-sobre-las-noticias-inmobiliarias-del-mes-de-junio-de-2025\/","url":"https:\/\/www.rentila.es\/blog\/actualizacion-sobre-las-noticias-inmobiliarias-del-mes-de-junio-de-2025\/","name":"Noticias inmobiliarias del mes de Junio de 2025","isPartOf":{"@id":"https:\/\/www.rentila.es\/blog\/#website"},"primaryImageOfPage":{"@id":"https:\/\/www.rentila.es\/blog\/actualizacion-sobre-las-noticias-inmobiliarias-del-mes-de-junio-de-2025\/#primaryimage"},"image":{"@id":"https:\/\/www.rentila.es\/blog\/actualizacion-sobre-las-noticias-inmobiliarias-del-mes-de-junio-de-2025\/#primaryimage"},"thumbnailUrl":"https:\/\/www.rentila.es\/assets\/img\/blog\/blog_news_3.png","datePublished":"2025-06-26T15:06:22+00:00","dateModified":"2025-11-28T17:13:12+00:00","author":{"@id":"https:\/\/www.rentila.es\/blog\/#\/schema\/person\/0735e643ae469143cfe029568a0e6466"},"description":"Como todos los meses, Rentila te ofrece una visi\u00f3n general de la prensa inmobiliaria.","breadcrumb":{"@id":"https:\/\/www.rentila.es\/blog\/actualizacion-sobre-las-noticias-inmobiliarias-del-mes-de-junio-de-2025\/#breadcrumb"},"inLanguage":"es","potentialAction":[{"@type":"ReadAction","target":["https:\/\/www.rentila.es\/blog\/actualizacion-sobre-las-noticias-inmobiliarias-del-mes-de-junio-de-2025\/"]}]},{"@type":"ImageObject","inLanguage":"es","@id":"https:\/\/www.rentila.es\/blog\/actualizacion-sobre-las-noticias-inmobiliarias-del-mes-de-junio-de-2025\/#primaryimage","url":"https:\/\/www.rentila.es\/assets\/img\/blog\/blog_news_3.png","contentUrl":"https:\/\/www.rentila.es\/assets\/img\/blog\/blog_news_3.png"},{"@type":"BreadcrumbList","@id":"https:\/\/www.rentila.es\/blog\/actualizacion-sobre-las-noticias-inmobiliarias-del-mes-de-junio-de-2025\/#breadcrumb","itemListElement":[{"@type":"ListItem","position":1,"name":"Home","item":"https:\/\/www.rentila.es\/blog\/"},{"@type":"ListItem","position":2,"name":"Actualizaci\u00f3n sobre las noticias inmobiliarias del mes de Junio de 2025"}]},{"@type":"WebSite","@id":"https:\/\/www.rentila.es\/blog\/#website","url":"https:\/\/www.rentila.es\/blog\/","name":"Blog de administraci\u00f3n de propiedades para propietarios - Rentila","description":"Consejos pr\u00e1cticos, noticias inmobiliarias","potentialAction":[{"@type":"SearchAction","target":{"@type":"EntryPoint","urlTemplate":"https:\/\/www.rentila.es\/blog\/?s={search_term_string}"},"query-input":{"@type":"PropertyValueSpecification","valueRequired":true,"valueName":"search_term_string"}}],"inLanguage":"es"},{"@type":"Person","@id":"https:\/\/www.rentila.es\/blog\/#\/schema\/person\/0735e643ae469143cfe029568a0e6466","name":"Victoria Ferrando","image":{"@type":"ImageObject","inLanguage":"es","@id":"https:\/\/secure.gravatar.com\/avatar\/6bea5648856c2e0ce46d3edb303b49edcd633cf390d13984f0744ec934a9292f?s=96&d=mm&r=g","url":"https:\/\/secure.gravatar.com\/avatar\/6bea5648856c2e0ce46d3edb303b49edcd633cf390d13984f0744ec934a9292f?s=96&d=mm&r=g","contentUrl":"https:\/\/secure.gravatar.com\/avatar\/6bea5648856c2e0ce46d3edb303b49edcd633cf390d13984f0744ec934a9292f?s=96&d=mm&r=g","caption":"Victoria Ferrando"},"sameAs":["https:\/\/www.linkedin.com\/in\/victoria-ferrando\/"],"url":"https:\/\/www.rentila.es\/blog\/author\/victoria\/"}]}},"_links":{"self":[{"href":"https:\/\/www.rentila.es\/blog\/wp-json\/wp\/v2\/posts\/5189","targetHints":{"allow":["GET"]}}],"collection":[{"href":"https:\/\/www.rentila.es\/blog\/wp-json\/wp\/v2\/posts"}],"about":[{"href":"https:\/\/www.rentila.es\/blog\/wp-json\/wp\/v2\/types\/post"}],"author":[{"embeddable":true,"href":"https:\/\/www.rentila.es\/blog\/wp-json\/wp\/v2\/users\/5"}],"replies":[{"embeddable":true,"href":"https:\/\/www.rentila.es\/blog\/wp-json\/wp\/v2\/comments?post=5189"}],"version-history":[{"count":5,"href":"https:\/\/www.rentila.es\/blog\/wp-json\/wp\/v2\/posts\/5189\/revisions"}],"predecessor-version":[{"id":5585,"href":"https:\/\/www.rentila.es\/blog\/wp-json\/wp\/v2\/posts\/5189\/revisions\/5585"}],"wp:attachment":[{"href":"https:\/\/www.rentila.es\/blog\/wp-json\/wp\/v2\/media?parent=5189"}],"wp:term":[{"taxonomy":"category","embeddable":true,"href":"https:\/\/www.rentila.es\/blog\/wp-json\/wp\/v2\/categories?post=5189"},{"taxonomy":"post_tag","embeddable":true,"href":"https:\/\/www.rentila.es\/blog\/wp-json\/wp\/v2\/tags?post=5189"}],"curies":[{"name":"wp","href":"https:\/\/api.w.org\/{rel}","templated":true}]}}