{"id":5259,"date":"2025-07-28T12:36:19","date_gmt":"2025-07-28T12:36:19","guid":{"rendered":"https:\/\/www.rentila.es\/blog\/?p=5259"},"modified":"2025-11-28T17:12:21","modified_gmt":"2025-11-28T17:12:21","slug":"actualizacion-sobre-las-noticias-inmobiliarias-del-mes-de-julio-de-2025","status":"publish","type":"post","link":"https:\/\/www.rentila.es\/blog\/actualizacion-sobre-las-noticias-inmobiliarias-del-mes-de-julio-de-2025\/","title":{"rendered":"Actualizaci\u00f3n sobre las noticias inmobiliarias del mes de Julio de 2025"},"content":{"rendered":"<div><img decoding=\"async\" class=\"alignleft size-full wp-image-516\" title=\"newspaper\" src=\"https:\/\/www.rentila.es\/assets\/img\/blog\/blog_news_2.png\" alt=\"Actualizaci\u00f3n sobre las noticias inmobiliarias del mes\" width=\"100%\" height=\"\" \/><\/div>\n<p class=\"lead\">Como todos los meses, Rentila te ofrece una visi\u00f3n general de la prensa inmobiliaria. En el programa de este mes, correspondiente a Julio 2025, tenemos: compraventa de vivienda, contratos de alquiler, segunda vivienda y mucho m\u00e1s&#8230;<\/p>\n<p><!--more--><\/p>\n<div class=\"phase-content__flag phase-1\">Mercado inmobiliario<\/div>\n<p><!--section--><\/p>\n<h5>La compraventa de vivienda, motor del mercado inmobiliario con el mejor mayo desde 2007<\/h5>\n<p>La compraventa de viviendas se dispar\u00f3 en mayo un 39,7% interanual tras cerrar un total de 61.054 operaciones, la mayor cifra para ese mes desde las 75.883 cosechadas en 2007. Con el avance del quinto mes del a\u00f1o, superior en m\u00e1s de 37 puntos al registrado en abril, la compraventa de viviendas encadena once meses consecutivos de alzas interanuales.<br \/>\n<a href=\"https:\/\/www.eleconomista.es\/vivienda-inmobiliario\/noticias\/13463572\/07\/25\/la-compraventa-de-viviendas-firma-su-mejor-mayo-desde-2007-con-61054-operaciones.html\" target=\"_blank\" rel=\"nofollow noopener noreferrer\">Leer m\u00e1s <span class=\"meta-nav\">\u2192<\/span><\/a><\/p>\n<hr \/>\n<h5>Bankinter prev\u00e9 una ca\u00edda de las compraventas de vivienda y una subida de los precios del 5%<\/h5>\n<p>Las transacciones de vivienda podr\u00edan reducirse un 5% en tasa anual tanto en 2025 como en 2026, tendiendo a aproximarse a la media hist\u00f3rica, no s\u00f3lo penalizadas por el menor crecimiento econ\u00f3mico, sino tambi\u00e9n por la falta de oferta; mientras que las subidas de precios de vivienda se moderar\u00e1n hasta crecer un 5% en 2025 y un 3% en 2026, frente al incremento de los precios del 11% de 2024, seg\u00fan el &#8216;Informe Inmobiliario&#8217; de Bankinter.<br \/>\n<a href=\"https:\/\/www.idealista.com\/news\/inmobiliario\/vivienda\/2025\/07\/14\/853065-bankinter-preve-una-caida-de-las-compraventas-de-vivienda-y-una-subida-de-los\" target=\"_blank\" rel=\"nofollow noopener noreferrer\">Leer m\u00e1s <span class=\"meta-nav\">\u2192<\/span><\/a><\/p>\n<hr \/>\n<h5>El precio de las viviendas m\u00e1s exclusivas de Espa\u00f1a sube un 15%: as\u00ed est\u00e1 por capitales<\/h5>\n<p>El crecimiento de los precios de las viviendas m\u00e1s caras del mercado alcanz\u00f3 el 15% interanual en el mes de mayo.As\u00ed se desprende del \u00faltimo informe publicado por Idealista que destaca que, con este incremento, las viviendas en el percentil 90 (el 10% de las viviendas en venta m\u00e1s caras del mercado) tienen un precio que comienza en 860.000 euros.<br \/>\n<a href=\"https:\/\/www.expansion.com\/inmobiliario\/mercado\/2025\/06\/17\/68512340e5fdea316d8b457e.html\" target=\"_blank\" rel=\"nofollow noopener noreferrer\">Leer m\u00e1s <span class=\"meta-nav\">\u2192<\/span><\/a><\/p>\n<hr \/>\n<h5>Invertir en vivienda da mucho r\u00e9dito: la rentabilidad del alquiler duplica la de la deuda p\u00fablica<\/h5>\n<p>Mientras que el oro toc\u00f3 semanas atr\u00e1s m\u00e1ximos hist\u00f3ricos por encima de los 3.000 d\u00f3lares la onza espoleado por la incertidumbre geopol\u00edtica y econ\u00f3mica actual y el bitcoin hizo lo propio ayer lunes en 123.000 d\u00f3lares en la semana denominada como de las critptomonedas, en la que los l\u00edderes de la C\u00e1mara de Representantes de EE UU debatir\u00e1n varios proyectos de ley relacionados con las criptodivisas, la vivienda sigue mostr\u00e1ndose como un activo refugio en apariencia menos expuesto a los vaivenes del d\u00eda a d\u00eda.<br \/>\n<a href=\"https:\/\/www.larazon.es\/economia\/invertir-vivienda-mucho-redito-rentabilidad-alquiler-duplica-deuda-publica_202507156874c3ce525aa26f9a4be3e3.html\" target=\"_blank\" rel=\"nofollow noopener noreferrer\">Leer m\u00e1s <span class=\"meta-nav\">\u2192<\/span><\/a><\/p>\n<hr \/>\n<h5>El precio de la vivienda baja un 50% a tan solo 30 kil\u00f3metros de Barcelona<\/h5>\n<p>Las dificultades crecientes de acceso a la vivienda tienen nombre propio. Son las grandes ciudades que concentran el gran crecimiento de poblaci\u00f3n de los \u00faltimos a\u00f1os donde se acumulan los problemas de escasez de oferta y elevados precios. Esta tensi\u00f3n habitacional ha hecho que la ciudad de Barcelona sea la \u00fanica capital de provincia en Catalunya que ya ha superado el coste del metro cuadrado de la peor \u00e9poca de la burbuja inmobiliaria, con un precio medio de 4.400 euros en el primer trimestre del a\u00f1o, m\u00e1ximo hist\u00f3rico.<br \/>\n<a href=\"https:\/\/www.lavanguardia.com\/economia\/20250707\/10862854\/precio-vivienda-baja-50-30-kilometros-barcelona.html\" target=\"_blank\" rel=\"nofollow noopener noreferrer\">Leer m\u00e1s <span class=\"meta-nav\">\u2192<\/span><\/a><\/p>\n<hr \/>\n<div class=\"phase-content__flag phase-1\">Consejos<\/div>\n<p><!--section--><\/p>\n<h5>Un abogado experto en alquiler, advierte: \u201cHay un problema enorme con los contratos de alquiler de vivienda que est\u00e1n terminando ahora\u201d<\/h5>\n<p>Los problemas entre caseros e inquilinos est\u00e1n a la orden del d\u00eda. Los impagos o la subida del precio del alquiler son algunos de los puntos que generan m\u00e1s conflictos entre las dos partes, pero hay otro problema que detallan los expertos que empieza a darse ahora en los contratos que se firmaron en 2020.<br \/>\n<a href=\"https:\/\/noticiastrabajo.huffingtonpost.es\/economia\/un-abogado-experto-en-alquiler-advierte-hay-un-problema-enorme-con-los-contratos-de-alquiler-de-vivienda-que-estan-terminando-ahora\/&quot;\" target=\"_blank\" rel=\"nofollow noopener noreferrer\">Leer m\u00e1s <span class=\"meta-nav\">\u2192<\/span><\/a><\/p>\n<hr \/>\n<h5>\u00bfQuiere evitar que su inquilino se quede de okupa en su casa? Esto es lo que debe incluir en el contrato<\/h5>\n<p>Los alquileres ahogan a los inquilinos. Y es que el espa\u00f1ol medio tuvo que dedicar el 47% de su sueldo bruto al pago del alquiler en 2024 a pesar de que los expertos recomiendan que los ingresos destinados a la vivienda no superen el 30% para evitar el sobreendeudamiento.<br \/>\n<a href=\"https:\/\/www.larazon.es\/economia\/quiere-evitar-que-inquilino-quede-okupa-casa-esto-que-debe-incluir-contrato_20250706686a3b2d29f2a108e97f9704.html\" target=\"_blank\" rel=\"nofollow noopener noreferrer\">Leer m\u00e1s <span class=\"meta-nav\">\u2192<\/span><\/a><\/p>\n<hr \/>\n<h5>La segunda vivienda tira del mercado<\/h5>\n<p>Dos velocidades totalmente opuestas marcan el camino del mercado inmobiliario de nuestro pa\u00eds. Los m\u00e1s j\u00f3venes y las familias con unos sueldos algo m\u00e1s exiguos avanzan a ralent\u00ed. Se encuentran la imposibilidad de convertirse en propietarios ante un contexto de precios que no dejan de elevarse y una precariedad laboral que les impide hacerse con la red de ahorro necesaria para poder acceder a una hipoteca.<br \/>\n<a href=\"https:\/\/www.lavozdegalicia.es\/noticia\/mercados\/2025\/06\/29\/segunda-vivienda-tira-mercado\/0003_202506SM29P11991.htm\" target=\"_blank\" rel=\"nofollow noopener noreferrer\">Leer m\u00e1s <span class=\"meta-nav\">\u2192<\/span><\/a><\/p>\n<hr \/>\n<div class=\"phase-content__flag phase-1\">Diversos<\/div>\n<p><!--section--><\/p>\n<h5>El BdE advierte de que el acceso a la vivienda empeora porque la subida de precios anula parte de la rebaja de tipos<\/h5>\n<p>El BdE advierte de que el acceso a la vivienda empeora porque la subida de precios anula parte de la rebaja de tipos. Las familias espa\u00f1olas se topan con una amenaza para acceder a una vivienda en propiedad. Si la rebaja de los tipos de inter\u00e9s, que en el momento actual se encuentran en el 2%, hab\u00eda reavivado la demanda de hipotecas, ahora el encarecimiento de los inmuebles aten\u00faa esa mejora derivada de esa reducci\u00f3n en los costes de financiaci\u00f3n.<br \/>\n<a href=\"https:\/\/www.20minutos.es\/lainformacion\/economia-y-finanzas\/banco-de-espana-advierte-subida-precio-vivienda-5731173\/\" target=\"_blank\" rel=\"nofollow noopener noreferrer\">Leer m\u00e1s <span class=\"meta-nav\">\u2192<\/span><\/a><\/p>\n<hr \/>\n<h5>Ni rastro de burbuja inmobiliaria en Espa\u00f1a y eso tambi\u00e9n es una mala noticia para quien necesita comprar vivienda<\/h5>\n<p>El precio de la vivienda en Espa\u00f1a no para de subir. Adem\u00e1s, lo hace a un ritmo mucho m\u00e1s r\u00e1pido que la media europea y, por supuesto, que los salarios. Sin embargo, si hay algo que resuena con fuerza en los informes, an\u00e1lisis y declaraciones de los expertos es que \u00aben Espa\u00f1a no hay una burbuja inmobiliaria\u00bb.<br \/>\n<a href=\"https:\/\/www.eleconomista.es\/vivienda-inmobiliario\/noticias\/13451188\/07\/25\/ni-rastro-de-burbuja-inmobiliaria-en-espana-y-eso-es-una-mala-noticia-para-quien-necesita-comprar-vivienda.html\" target=\"_blank\" rel=\"nofollow noopener noreferrer\">Leer m\u00e1s <span class=\"meta-nav\">\u2192<\/span><\/a><\/p>\n<hr \/>\n<h5>\u00bfEs buen momento para comprar una vivienda o es mejor esperar?<\/h5>\n<p>El descenso paulatino del eur\u00edbor y consecuente abaratamiento de las hipotecas, el alza constante del precio de los inmuebles\u2026 Los \u00faltimos movimientos del mercado inmobiliario hacen que nos preguntemos m\u00e1s que nunca si es un buen momento para comprar vivienda. Y, aunque no hay respuestas definitivas, estas pautas te ayudar\u00e1n a decidir.<br \/>\n<a href=\"https:\/\/www.idealista.com\/news\/inmobiliario\/vivienda\/2025\/06\/28\/848637-es-buen-momento-para-comprar-una-vivienda-o-es-mejor-esperar\" target=\"_blank\" rel=\"nofollow noopener noreferrer\">Leer m\u00e1s <span class=\"meta-nav\">\u2192<\/span><\/a><\/p>\n","protected":false},"excerpt":{"rendered":"<p>Como todos los meses, Rentila te ofrece una visi\u00f3n general de la prensa inmobiliaria. En el programa de este mes, correspondiente a Julio 2025, tenemos: compraventa de vivienda, contratos de alquiler, segunda vivienda y mucho m\u00e1s&#8230;<\/p>\n","protected":false},"author":5,"featured_media":0,"comment_status":"closed","ping_status":"closed","sticky":false,"template":"","format":"standard","meta":{"footnotes":""},"categories":[1],"tags":[],"class_list":["post-5259","post","type-post","status-publish","format-standard","hentry","category-rentila"],"yoast_head":"<!-- This site is optimized with the Yoast SEO plugin v27.5 - https:\/\/yoast.com\/product\/yoast-seo-wordpress\/ -->\n<title>Noticias inmobiliarias del mes de Julio de 2025<\/title>\n<meta name=\"description\" content=\"Como todos los meses, Rentila te ofrece una visi\u00f3n general de la prensa inmobiliaria.\" \/>\n<meta name=\"robots\" content=\"index, follow, max-snippet:-1, max-image-preview:large, max-video-preview:-1\" \/>\n<link rel=\"canonical\" href=\"https:\/\/www.rentila.es\/blog\/actualizacion-sobre-las-noticias-inmobiliarias-del-mes-de-julio-de-2025\/\" \/>\n<meta property=\"og:locale\" content=\"es_ES\" \/>\n<meta property=\"og:type\" content=\"article\" \/>\n<meta property=\"og:title\" content=\"Noticias inmobiliarias del mes de Julio de 2025\" \/>\n<meta property=\"og:description\" content=\"Como todos los meses, Rentila te ofrece una visi\u00f3n general de la prensa inmobiliaria.\" \/>\n<meta property=\"og:url\" content=\"https:\/\/www.rentila.es\/blog\/actualizacion-sobre-las-noticias-inmobiliarias-del-mes-de-julio-de-2025\/\" \/>\n<meta property=\"og:site_name\" content=\"Blog de administraci\u00f3n de propiedades para propietarios - Rentila\" \/>\n<meta property=\"article:publisher\" content=\"https:\/\/www.facebook.com\/Rentila-Espa%c3%b1a-234200993854422\/\" \/>\n<meta property=\"article:published_time\" content=\"2025-07-28T12:36:19+00:00\" \/>\n<meta property=\"article:modified_time\" content=\"2025-11-28T17:12:21+00:00\" \/>\n<meta name=\"author\" content=\"Victoria Ferrando\" \/>\n<meta name=\"twitter:card\" content=\"summary_large_image\" \/>\n<meta name=\"twitter:label1\" content=\"Escrito por\" \/>\n\t<meta name=\"twitter:data1\" content=\"Victoria Ferrando\" \/>\n\t<meta name=\"twitter:label2\" content=\"Tiempo de lectura\" \/>\n\t<meta name=\"twitter:data2\" content=\"5 minutos\" \/>\n<script type=\"application\/ld+json\" class=\"yoast-schema-graph\">{\"@context\":\"https:\\\/\\\/schema.org\",\"@graph\":[{\"@type\":\"Article\",\"@id\":\"https:\\\/\\\/www.rentila.es\\\/blog\\\/actualizacion-sobre-las-noticias-inmobiliarias-del-mes-de-julio-de-2025\\\/#article\",\"isPartOf\":{\"@id\":\"https:\\\/\\\/www.rentila.es\\\/blog\\\/actualizacion-sobre-las-noticias-inmobiliarias-del-mes-de-julio-de-2025\\\/\"},\"author\":{\"name\":\"Victoria Ferrando\",\"@id\":\"https:\\\/\\\/www.rentila.es\\\/blog\\\/#\\\/schema\\\/person\\\/0735e643ae469143cfe029568a0e6466\"},\"headline\":\"Actualizaci\u00f3n sobre las noticias inmobiliarias del mes de Julio de 2025\",\"datePublished\":\"2025-07-28T12:36:19+00:00\",\"dateModified\":\"2025-11-28T17:12:21+00:00\",\"mainEntityOfPage\":{\"@id\":\"https:\\\/\\\/www.rentila.es\\\/blog\\\/actualizacion-sobre-las-noticias-inmobiliarias-del-mes-de-julio-de-2025\\\/\"},\"wordCount\":1023,\"image\":{\"@id\":\"https:\\\/\\\/www.rentila.es\\\/blog\\\/actualizacion-sobre-las-noticias-inmobiliarias-del-mes-de-julio-de-2025\\\/#primaryimage\"},\"thumbnailUrl\":\"https:\\\/\\\/www.rentila.es\\\/assets\\\/img\\\/blog\\\/blog_news_2.png\",\"articleSection\":[\"Rentila\"],\"inLanguage\":\"es\"},{\"@type\":\"WebPage\",\"@id\":\"https:\\\/\\\/www.rentila.es\\\/blog\\\/actualizacion-sobre-las-noticias-inmobiliarias-del-mes-de-julio-de-2025\\\/\",\"url\":\"https:\\\/\\\/www.rentila.es\\\/blog\\\/actualizacion-sobre-las-noticias-inmobiliarias-del-mes-de-julio-de-2025\\\/\",\"name\":\"Noticias inmobiliarias del mes de Julio de 2025\",\"isPartOf\":{\"@id\":\"https:\\\/\\\/www.rentila.es\\\/blog\\\/#website\"},\"primaryImageOfPage\":{\"@id\":\"https:\\\/\\\/www.rentila.es\\\/blog\\\/actualizacion-sobre-las-noticias-inmobiliarias-del-mes-de-julio-de-2025\\\/#primaryimage\"},\"image\":{\"@id\":\"https:\\\/\\\/www.rentila.es\\\/blog\\\/actualizacion-sobre-las-noticias-inmobiliarias-del-mes-de-julio-de-2025\\\/#primaryimage\"},\"thumbnailUrl\":\"https:\\\/\\\/www.rentila.es\\\/assets\\\/img\\\/blog\\\/blog_news_2.png\",\"datePublished\":\"2025-07-28T12:36:19+00:00\",\"dateModified\":\"2025-11-28T17:12:21+00:00\",\"author\":{\"@id\":\"https:\\\/\\\/www.rentila.es\\\/blog\\\/#\\\/schema\\\/person\\\/0735e643ae469143cfe029568a0e6466\"},\"description\":\"Como todos los meses, Rentila te ofrece una visi\u00f3n general de la prensa inmobiliaria.\",\"breadcrumb\":{\"@id\":\"https:\\\/\\\/www.rentila.es\\\/blog\\\/actualizacion-sobre-las-noticias-inmobiliarias-del-mes-de-julio-de-2025\\\/#breadcrumb\"},\"inLanguage\":\"es\",\"potentialAction\":[{\"@type\":\"ReadAction\",\"target\":[\"https:\\\/\\\/www.rentila.es\\\/blog\\\/actualizacion-sobre-las-noticias-inmobiliarias-del-mes-de-julio-de-2025\\\/\"]}]},{\"@type\":\"ImageObject\",\"inLanguage\":\"es\",\"@id\":\"https:\\\/\\\/www.rentila.es\\\/blog\\\/actualizacion-sobre-las-noticias-inmobiliarias-del-mes-de-julio-de-2025\\\/#primaryimage\",\"url\":\"https:\\\/\\\/www.rentila.es\\\/assets\\\/img\\\/blog\\\/blog_news_2.png\",\"contentUrl\":\"https:\\\/\\\/www.rentila.es\\\/assets\\\/img\\\/blog\\\/blog_news_2.png\"},{\"@type\":\"BreadcrumbList\",\"@id\":\"https:\\\/\\\/www.rentila.es\\\/blog\\\/actualizacion-sobre-las-noticias-inmobiliarias-del-mes-de-julio-de-2025\\\/#breadcrumb\",\"itemListElement\":[{\"@type\":\"ListItem\",\"position\":1,\"name\":\"Home\",\"item\":\"https:\\\/\\\/www.rentila.es\\\/blog\\\/\"},{\"@type\":\"ListItem\",\"position\":2,\"name\":\"Actualizaci\u00f3n sobre las noticias inmobiliarias del mes de Julio de 2025\"}]},{\"@type\":\"WebSite\",\"@id\":\"https:\\\/\\\/www.rentila.es\\\/blog\\\/#website\",\"url\":\"https:\\\/\\\/www.rentila.es\\\/blog\\\/\",\"name\":\"Blog de administraci\u00f3n de propiedades para propietarios - Rentila\",\"description\":\"Consejos pr\u00e1cticos, noticias inmobiliarias\",\"potentialAction\":[{\"@type\":\"SearchAction\",\"target\":{\"@type\":\"EntryPoint\",\"urlTemplate\":\"https:\\\/\\\/www.rentila.es\\\/blog\\\/?s={search_term_string}\"},\"query-input\":{\"@type\":\"PropertyValueSpecification\",\"valueRequired\":true,\"valueName\":\"search_term_string\"}}],\"inLanguage\":\"es\"},{\"@type\":\"Person\",\"@id\":\"https:\\\/\\\/www.rentila.es\\\/blog\\\/#\\\/schema\\\/person\\\/0735e643ae469143cfe029568a0e6466\",\"name\":\"Victoria Ferrando\",\"image\":{\"@type\":\"ImageObject\",\"inLanguage\":\"es\",\"@id\":\"https:\\\/\\\/secure.gravatar.com\\\/avatar\\\/6bea5648856c2e0ce46d3edb303b49edcd633cf390d13984f0744ec934a9292f?s=96&d=mm&r=g\",\"url\":\"https:\\\/\\\/secure.gravatar.com\\\/avatar\\\/6bea5648856c2e0ce46d3edb303b49edcd633cf390d13984f0744ec934a9292f?s=96&d=mm&r=g\",\"contentUrl\":\"https:\\\/\\\/secure.gravatar.com\\\/avatar\\\/6bea5648856c2e0ce46d3edb303b49edcd633cf390d13984f0744ec934a9292f?s=96&d=mm&r=g\",\"caption\":\"Victoria Ferrando\"},\"sameAs\":[\"https:\\\/\\\/www.linkedin.com\\\/in\\\/victoria-ferrando\\\/\"],\"url\":\"https:\\\/\\\/www.rentila.es\\\/blog\\\/author\\\/victoria\\\/\"}]}<\/script>\n<!-- \/ Yoast SEO plugin. -->","yoast_head_json":{"title":"Noticias inmobiliarias del mes de Julio de 2025","description":"Como todos los meses, Rentila te ofrece una visi\u00f3n general de la prensa inmobiliaria.","robots":{"index":"index","follow":"follow","max-snippet":"max-snippet:-1","max-image-preview":"max-image-preview:large","max-video-preview":"max-video-preview:-1"},"canonical":"https:\/\/www.rentila.es\/blog\/actualizacion-sobre-las-noticias-inmobiliarias-del-mes-de-julio-de-2025\/","og_locale":"es_ES","og_type":"article","og_title":"Noticias inmobiliarias del mes de Julio de 2025","og_description":"Como todos los meses, Rentila te ofrece una visi\u00f3n general de la prensa inmobiliaria.","og_url":"https:\/\/www.rentila.es\/blog\/actualizacion-sobre-las-noticias-inmobiliarias-del-mes-de-julio-de-2025\/","og_site_name":"Blog de administraci\u00f3n de propiedades para propietarios - Rentila","article_publisher":"https:\/\/www.facebook.com\/Rentila-Espa%c3%b1a-234200993854422\/","article_published_time":"2025-07-28T12:36:19+00:00","article_modified_time":"2025-11-28T17:12:21+00:00","author":"Victoria Ferrando","twitter_card":"summary_large_image","twitter_misc":{"Escrito por":"Victoria Ferrando","Tiempo de lectura":"5 minutos"},"schema":{"@context":"https:\/\/schema.org","@graph":[{"@type":"Article","@id":"https:\/\/www.rentila.es\/blog\/actualizacion-sobre-las-noticias-inmobiliarias-del-mes-de-julio-de-2025\/#article","isPartOf":{"@id":"https:\/\/www.rentila.es\/blog\/actualizacion-sobre-las-noticias-inmobiliarias-del-mes-de-julio-de-2025\/"},"author":{"name":"Victoria Ferrando","@id":"https:\/\/www.rentila.es\/blog\/#\/schema\/person\/0735e643ae469143cfe029568a0e6466"},"headline":"Actualizaci\u00f3n sobre las noticias inmobiliarias del mes de Julio de 2025","datePublished":"2025-07-28T12:36:19+00:00","dateModified":"2025-11-28T17:12:21+00:00","mainEntityOfPage":{"@id":"https:\/\/www.rentila.es\/blog\/actualizacion-sobre-las-noticias-inmobiliarias-del-mes-de-julio-de-2025\/"},"wordCount":1023,"image":{"@id":"https:\/\/www.rentila.es\/blog\/actualizacion-sobre-las-noticias-inmobiliarias-del-mes-de-julio-de-2025\/#primaryimage"},"thumbnailUrl":"https:\/\/www.rentila.es\/assets\/img\/blog\/blog_news_2.png","articleSection":["Rentila"],"inLanguage":"es"},{"@type":"WebPage","@id":"https:\/\/www.rentila.es\/blog\/actualizacion-sobre-las-noticias-inmobiliarias-del-mes-de-julio-de-2025\/","url":"https:\/\/www.rentila.es\/blog\/actualizacion-sobre-las-noticias-inmobiliarias-del-mes-de-julio-de-2025\/","name":"Noticias inmobiliarias del mes de Julio de 2025","isPartOf":{"@id":"https:\/\/www.rentila.es\/blog\/#website"},"primaryImageOfPage":{"@id":"https:\/\/www.rentila.es\/blog\/actualizacion-sobre-las-noticias-inmobiliarias-del-mes-de-julio-de-2025\/#primaryimage"},"image":{"@id":"https:\/\/www.rentila.es\/blog\/actualizacion-sobre-las-noticias-inmobiliarias-del-mes-de-julio-de-2025\/#primaryimage"},"thumbnailUrl":"https:\/\/www.rentila.es\/assets\/img\/blog\/blog_news_2.png","datePublished":"2025-07-28T12:36:19+00:00","dateModified":"2025-11-28T17:12:21+00:00","author":{"@id":"https:\/\/www.rentila.es\/blog\/#\/schema\/person\/0735e643ae469143cfe029568a0e6466"},"description":"Como todos los meses, Rentila te ofrece una visi\u00f3n general de la prensa inmobiliaria.","breadcrumb":{"@id":"https:\/\/www.rentila.es\/blog\/actualizacion-sobre-las-noticias-inmobiliarias-del-mes-de-julio-de-2025\/#breadcrumb"},"inLanguage":"es","potentialAction":[{"@type":"ReadAction","target":["https:\/\/www.rentila.es\/blog\/actualizacion-sobre-las-noticias-inmobiliarias-del-mes-de-julio-de-2025\/"]}]},{"@type":"ImageObject","inLanguage":"es","@id":"https:\/\/www.rentila.es\/blog\/actualizacion-sobre-las-noticias-inmobiliarias-del-mes-de-julio-de-2025\/#primaryimage","url":"https:\/\/www.rentila.es\/assets\/img\/blog\/blog_news_2.png","contentUrl":"https:\/\/www.rentila.es\/assets\/img\/blog\/blog_news_2.png"},{"@type":"BreadcrumbList","@id":"https:\/\/www.rentila.es\/blog\/actualizacion-sobre-las-noticias-inmobiliarias-del-mes-de-julio-de-2025\/#breadcrumb","itemListElement":[{"@type":"ListItem","position":1,"name":"Home","item":"https:\/\/www.rentila.es\/blog\/"},{"@type":"ListItem","position":2,"name":"Actualizaci\u00f3n sobre las noticias inmobiliarias del mes de Julio de 2025"}]},{"@type":"WebSite","@id":"https:\/\/www.rentila.es\/blog\/#website","url":"https:\/\/www.rentila.es\/blog\/","name":"Blog de administraci\u00f3n de propiedades para propietarios - Rentila","description":"Consejos pr\u00e1cticos, noticias inmobiliarias","potentialAction":[{"@type":"SearchAction","target":{"@type":"EntryPoint","urlTemplate":"https:\/\/www.rentila.es\/blog\/?s={search_term_string}"},"query-input":{"@type":"PropertyValueSpecification","valueRequired":true,"valueName":"search_term_string"}}],"inLanguage":"es"},{"@type":"Person","@id":"https:\/\/www.rentila.es\/blog\/#\/schema\/person\/0735e643ae469143cfe029568a0e6466","name":"Victoria Ferrando","image":{"@type":"ImageObject","inLanguage":"es","@id":"https:\/\/secure.gravatar.com\/avatar\/6bea5648856c2e0ce46d3edb303b49edcd633cf390d13984f0744ec934a9292f?s=96&d=mm&r=g","url":"https:\/\/secure.gravatar.com\/avatar\/6bea5648856c2e0ce46d3edb303b49edcd633cf390d13984f0744ec934a9292f?s=96&d=mm&r=g","contentUrl":"https:\/\/secure.gravatar.com\/avatar\/6bea5648856c2e0ce46d3edb303b49edcd633cf390d13984f0744ec934a9292f?s=96&d=mm&r=g","caption":"Victoria Ferrando"},"sameAs":["https:\/\/www.linkedin.com\/in\/victoria-ferrando\/"],"url":"https:\/\/www.rentila.es\/blog\/author\/victoria\/"}]}},"_links":{"self":[{"href":"https:\/\/www.rentila.es\/blog\/wp-json\/wp\/v2\/posts\/5259","targetHints":{"allow":["GET"]}}],"collection":[{"href":"https:\/\/www.rentila.es\/blog\/wp-json\/wp\/v2\/posts"}],"about":[{"href":"https:\/\/www.rentila.es\/blog\/wp-json\/wp\/v2\/types\/post"}],"author":[{"embeddable":true,"href":"https:\/\/www.rentila.es\/blog\/wp-json\/wp\/v2\/users\/5"}],"replies":[{"embeddable":true,"href":"https:\/\/www.rentila.es\/blog\/wp-json\/wp\/v2\/comments?post=5259"}],"version-history":[{"count":6,"href":"https:\/\/www.rentila.es\/blog\/wp-json\/wp\/v2\/posts\/5259\/revisions"}],"predecessor-version":[{"id":5583,"href":"https:\/\/www.rentila.es\/blog\/wp-json\/wp\/v2\/posts\/5259\/revisions\/5583"}],"wp:attachment":[{"href":"https:\/\/www.rentila.es\/blog\/wp-json\/wp\/v2\/media?parent=5259"}],"wp:term":[{"taxonomy":"category","embeddable":true,"href":"https:\/\/www.rentila.es\/blog\/wp-json\/wp\/v2\/categories?post=5259"},{"taxonomy":"post_tag","embeddable":true,"href":"https:\/\/www.rentila.es\/blog\/wp-json\/wp\/v2\/tags?post=5259"}],"curies":[{"name":"wp","href":"https:\/\/api.w.org\/{rel}","templated":true}]}}