{"id":5375,"date":"2025-09-22T09:38:13","date_gmt":"2025-09-22T09:38:13","guid":{"rendered":"https:\/\/www.rentila.es\/blog\/?p=5375"},"modified":"2025-11-28T17:10:04","modified_gmt":"2025-11-28T17:10:04","slug":"actualizacion-sobre-las-noticias-inmobiliarias-del-mes-de-septiembre-de-2025","status":"publish","type":"post","link":"https:\/\/www.rentila.es\/blog\/actualizacion-sobre-las-noticias-inmobiliarias-del-mes-de-septiembre-de-2025\/","title":{"rendered":"Actualizaci\u00f3n sobre las noticias inmobiliarias del mes de Septiembre de 2025"},"content":{"rendered":"<div><img decoding=\"async\" class=\"alignleft size-full wp-image-516\" title=\"newspaper\" src=\"https:\/\/www.rentila.es\/assets\/img\/blog\/blog_news.png\" alt=\"Actualizaci\u00f3n sobre las noticias inmobiliarias del mes\" width=\"100%\" height=\"\" \/><\/div>\n<p class=\"lead\">Como todos los meses, Rentila te ofrece una visi\u00f3n general de la prensa inmobiliaria. En el programa de este mes, correspondiente a Septiembre 2025, tenemos: precio del alquiler, inicio a\u00f1o acad\u00e9mico y mucho m\u00e1s&#8230;<\/p>\n<p><!--more--><\/p>\n<div class=\"phase-content__flag phase-1\">Mercado inmobiliario<\/div>\n<p><!--section--><\/p>\n<h5>El precio del alquiler sube un 13,1%: \u00bfd\u00f3nde se pagan las rentas m\u00e1s altas?<\/h5>\n<p>El precio de la vivienda en alquiler ha ca\u00eddo por segundo mes consecutivo un 2,4% en su variaci\u00f3n mensual y ha subido un 13,1% respecto al anterior, situando su precio en 14,03 euros\/m2 al mes en agosto.\u00a0As\u00ed se desprende de los \u00faltimos datos publicados por Fotocasa que destaca que , por una vivienda est\u00e1ndar de 80 m2, se est\u00e1n pagando rentas de 1.122 euros (130 euros m\u00e1s que hace un a\u00f1o). <a href=\"https:\/\/www.expansion.com\/inmobiliario\/mercado\/2025\/09\/15\/68c7c8a4e5fdeadb028b458e.html\" target=\"_blank\" rel=\"nofollow noopener noreferrer\">Leer m\u00e1s <span class=\"meta-nav\">\u2192<\/span><\/a><\/p>\n<hr \/>\n<h5>La fiebre por comprar vivienda jibariza la oferta: adi\u00f3s a cuatro de cada 10 pisos desde 2019<\/h5>\n<p>El mercado inmobiliario ha perdido el 39% de la oferta que ten\u00eda en el segundo trimestre de 2019, cuando Pedro S\u00e1nchez ya llevaba un a\u00f1o en la Moncloa. Es decir, cuatro de cada 10 pisos han desaparecido, seg\u00fan los datos del portal inmobiliario Idealista, lo que deja a los compradores con menos opciones en un mercado en el que los precios no dejan de crecer en todas las provincias. <a href=\"https:\/\/www.elmundo.es\/economia\/2025\/09\/18\/68cac255fc6c83937e8b458f.html\" target=\"_blank\" rel=\"nofollow noopener noreferrer\">Leer m\u00e1s <span class=\"meta-nav\">\u2192<\/span><\/a><\/p>\n<hr \/>\n<h5>Rodr\u00edguez, preocupada por los precios, mientras el Congreso le exige derogar la Ley de Vivienda<\/h5>\n<p>La ministra de Vivienda, Isabel Rodr\u00edguez, ha mostrado su preocupaci\u00f3n por la evoluci\u00f3n del precio de la vivienda, mientras desde el Congreso le exigen derogar la Ley de Vivienda en vigor, acus\u00e1ndola de haber provocado distorsiones en el mercado. <a href=\"https:\/\/www.idealista.com\/news\/inmobiliario\/vivienda\/2025\/09\/18\/860495-rodriguez-preocupada-por-los-precios-mientras-el-congreso-le-exige-derogar-la-ley\" target=\"_blank\" rel=\"nofollow noopener noreferrer\">Leer m\u00e1s <span class=\"meta-nav\">\u2192<\/span><\/a><\/p>\n<hr \/>\n<h5>El Sindicato de Inquilinas alerta de que el a\u00f1o que viene caducan 120.000 contratos de alquiler en Catalu\u00f1a<\/h5>\n<p>El Sindicato de Inquilinas ha revelado que unos 120.000 contratos firmados en 2021 caducar\u00e1n en 2026, con riesgo de no renovaci\u00f3n por parte de propietarios. Advierten que muchos inmuebles han sido comprados por inversores que podr\u00edan optar por el alquiler temporal o por habitaciones, sin regulaci\u00f3n de precios. <a href=\"https:\/\/elpais.com\/espana\/catalunya\/2025-09-17\/el-sindicato-de-inquilinas-alerta-de-que-el-ano-que-viene-caducan-120000-contratos-de-alquiler-en-cataluna.html\" target=\"_blank\" rel=\"nofollow noopener noreferrer\">Leer m\u00e1s <span class=\"meta-nav\">\u2192<\/span><\/a><\/p>\n<hr \/>\n<h5>El inicio del a\u00f1o acad\u00e9mico tensiona el alquiler: claves legales para acceder a una vivienda<\/h5>\n<p>El mes de septiembre, es un mes de vuelta a la rutina, de inicio del a\u00f1o acad\u00e9mico y de muchas gestiones, entre ellas, la b\u00fasqueda de vivienda. Un tr\u00e1mite cada vez m\u00e1s complicado dado el cada vez m\u00e1s elevado precio de los pisos, el aumento de la demanda, principalmente en estos meses en los que parece que todos tenemos las mismas necesidades, y unos requisitos cada vez m\u00e1s complicados de cumplir. <a href=\"https:\/\/www.lawyerpress.com\/2025\/09\/17\/el-inicio-del-ano-academico-tensiona-el-alquiler-claves-legales-para-acceder-a-una-vivienda\/\" target=\"_blank\" rel=\"nofollow noopener noreferrer\">Leer m\u00e1s <span class=\"meta-nav\">\u2192<\/span><\/a><\/p>\n<hr \/>\n<div class=\"phase-content__flag phase-1\">Consejos<\/div>\n<h5>Un experto inmobiliario alerta a futuros propietarios: \u00abNo compres nunca un piso sin revisar estas tres cosas\u00bb<\/h5>\n<p>Comprar una casa es un sue\u00f1o, uno lejano para muchos. El precio medio por metro cuadrado en Espa\u00f1a alcanz\u00f3 los 2.498 euros en agosto, lo que supone un alza del 14,8% respecto al a\u00f1o anterior, haciendo que adquirir un piso de 80 metros suponga casi 200.000 euros, una cifra inalcanzable para muchos bolsillos. <a href=\"https:\/\/www.larazon.es\/economia\/experto-inmobiliario-alerta-futuros-propietarios-compres-nunca-piso-revisar-estas-tres-cosas_2025091468c667fd0e72636c5e862c61.html\" target=\"_blank\" rel=\"nofollow noopener noreferrer\">Leer m\u00e1s <span class=\"meta-nav\">\u2192<\/span><\/a><\/p>\n<hr \/>\n<h5>Claves que todo inquilino y propietario debe conocer antes de firmar un contrato de alquiler de una vivienda: \u00abDerechos y obligaciones\u00bb<\/h5>\n<p>La Asociaci\u00f3n de Consumidores Irache ha recibido m\u00e1s de 400 reclamaciones y consultas relacionadas con los alquileres en los dos \u00faltimos meses, una cifra que ha puesto de manifiesto el gran desconocimiento que existe sobre este tema. <a href=\"https:\/\/www.cope.es\/emisoras\/navarra\/noticias\/claves-inquilino-propietario-debe-conocer-firmar-contrato-alquiler-vivienda-derechos-obligaciones-20250915_3213899.html\" target=\"_blank\" rel=\"nofollow noopener noreferrer\">Leer m\u00e1s <span class=\"meta-nav\">\u2192<\/span><\/a><\/p>\n<hr \/>\n<h5>La ley blinda a los inquilinos: podr\u00e1n quedarse aunque el propietario no renueve el contrato<\/h5>\n<p>Espa\u00f1a ha sido y sigue siendo un pa\u00eds de propietarios, ya que tres de cada cuatro personas han conseguido comprarse una casa. No obstante, esta tendencia est\u00e1 cambiando, no por gusto, sino por necesidad, puesto que el precio de adquisici\u00f3n es prohibitivo y convertirse en propietario es cada vez m\u00e1s dif\u00edcil. <a href=\"https:\/\/www.larazon.es\/economia\/ley-blinda-inquilinos-podran-quedarse-aunque-propietario-renueve-contrato_2025091568c7f79b0e72636c5e8a5372.html\" target=\"_blank\" rel=\"nofollow noopener noreferrer\">Leer m\u00e1s <span class=\"meta-nav\">\u2192<\/span><\/a><\/p>\n<hr \/>\n<div class=\"phase-content__flag phase-1\">Diversos<\/div>\n<h5>Denuncian \u00abilegalidad\u00bb al no depositar la fianza del alquiler en la C\u00e1mara de la Propiedad Urbana de Valladolid<\/h5>\n<p>La C\u00e1mara de la Propiedad Urbana de Valladolid (Campruva) advirti\u00f3 que cientos de contratos de alquiler incumplen la ley al no depositar la fianza, una obligaci\u00f3n legal que puede acarrear multas de entre 10.000 y 90.000 euros. El dep\u00f3sito asegura protecci\u00f3n jur\u00eddica tanto al inquilino como al propietario. <a href=\"https:\/\/www.diariodevalladolid.es\/negocios-cyl\/250826\/274281\/denuncian-ilegalidad-no-depositar-fianza-alquiler-camara-propiedad-urbana-valladolid.html\" target=\"_blank\" rel=\"nofollow noopener noreferrer\">Leer m\u00e1s <span class=\"meta-nav\">\u2192<\/span><\/a><\/p>\n<hr \/>\n<h5>Espa\u00f1a, pa\u00eds de propietarios: la mayor\u00eda antepone hipotecarse a pagar un alquiler porque ser inquilino es \u00abtirar el dinero\u00bb<\/h5>\n<p>El mercado inmobiliario espa\u00f1ol es imposible de acotar. Por un lado, precios inasumibles para los que quieren comprar y mensualidades cada vez m\u00e1s altas para los que necesitan alquilar, proceso que se presenta incluso m\u00e1s dif\u00edcil, ser inquilino que propietario. <a href=\"https:\/\/www.eleconomista.es\/vivienda-inmobiliario\/noticias\/13518470\/08\/25\/espana-pais-de-propietarios-la-mayoria-antepone-hipotecarse-a-pagar-un-alquiler-porque-hacerlo-es-tirar-el-dinero.html\" target=\"_blank\" rel=\"nofollow noopener noreferrer\">Leer m\u00e1s <span class=\"meta-nav\">\u2192<\/span><\/a><\/p>\n<hr \/>\n<h5>Se disparan las estafas del \u00abfalso inquilino\u00bb, el due\u00f1o desaparece cuando pagas la fianza<\/h5>\n<p>Seg\u00fan recoge El Caso, los Mossos d&#8217;Esquadra tienen una treintena de denuncias abiertas por la estafa del falso inquilino, un fraude en que un individuo publica anuncios de viviendas para entrar a vivir de manera inmediata, pero que despu\u00e9s la v\u00edctima no acaba entrando nunca. <a href=\"https:\/\/www.clm24.es\/articulo\/viral\/disparan-estafas-falso-inquilino-dueno-desaparece-cuando-pagas-fianza\/20250914194732459887.html\" target=\"_blank\" rel=\"nofollow noopener noreferrer\">Leer m\u00e1s <span class=\"meta-nav\">\u2192<\/span><\/a><\/p>\n","protected":false},"excerpt":{"rendered":"<p>Como todos los meses, Rentila te ofrece una visi\u00f3n general de la prensa inmobiliaria. En el programa de este mes, correspondiente a Septiembre 2025, tenemos: precio del alquiler, inicio a\u00f1o acad\u00e9mico y mucho m\u00e1s&#8230;<\/p>\n","protected":false},"author":5,"featured_media":0,"comment_status":"closed","ping_status":"closed","sticky":false,"template":"","format":"standard","meta":{"footnotes":""},"categories":[59],"tags":[],"class_list":["post-5375","post","type-post","status-publish","format-standard","hentry","category-news"],"yoast_head":"<!-- This site is optimized with the Yoast SEO plugin v27.5 - https:\/\/yoast.com\/product\/yoast-seo-wordpress\/ -->\n<title>Noticias inmobiliarias del mes de Septiembre de 2025<\/title>\n<meta name=\"description\" content=\"Como todos los meses, Rentila te ofrece una visi\u00f3n general de la prensa inmobiliaria.\" \/>\n<meta name=\"robots\" content=\"index, follow, max-snippet:-1, max-image-preview:large, max-video-preview:-1\" \/>\n<link rel=\"canonical\" href=\"https:\/\/www.rentila.es\/blog\/actualizacion-sobre-las-noticias-inmobiliarias-del-mes-de-septiembre-de-2025\/\" \/>\n<meta property=\"og:locale\" content=\"es_ES\" \/>\n<meta property=\"og:type\" content=\"article\" \/>\n<meta property=\"og:title\" content=\"Noticias inmobiliarias del mes de Septiembre de 2025\" \/>\n<meta property=\"og:description\" content=\"Como todos los meses, Rentila te ofrece una visi\u00f3n general de la prensa inmobiliaria.\" \/>\n<meta property=\"og:url\" content=\"https:\/\/www.rentila.es\/blog\/actualizacion-sobre-las-noticias-inmobiliarias-del-mes-de-septiembre-de-2025\/\" \/>\n<meta property=\"og:site_name\" content=\"Blog de administraci\u00f3n de propiedades para propietarios - Rentila\" \/>\n<meta property=\"article:publisher\" content=\"https:\/\/www.facebook.com\/Rentila-Espa%c3%b1a-234200993854422\/\" \/>\n<meta property=\"article:published_time\" content=\"2025-09-22T09:38:13+00:00\" \/>\n<meta property=\"article:modified_time\" content=\"2025-11-28T17:10:04+00:00\" \/>\n<meta name=\"author\" content=\"Victoria Ferrando\" \/>\n<meta name=\"twitter:card\" content=\"summary_large_image\" \/>\n<meta name=\"twitter:label1\" content=\"Escrito por\" \/>\n\t<meta name=\"twitter:data1\" content=\"Victoria Ferrando\" \/>\n\t<meta name=\"twitter:label2\" content=\"Tiempo de lectura\" \/>\n\t<meta name=\"twitter:data2\" content=\"4 minutos\" \/>\n<script type=\"application\/ld+json\" class=\"yoast-schema-graph\">{\"@context\":\"https:\\\/\\\/schema.org\",\"@graph\":[{\"@type\":\"Article\",\"@id\":\"https:\\\/\\\/www.rentila.es\\\/blog\\\/actualizacion-sobre-las-noticias-inmobiliarias-del-mes-de-septiembre-de-2025\\\/#article\",\"isPartOf\":{\"@id\":\"https:\\\/\\\/www.rentila.es\\\/blog\\\/actualizacion-sobre-las-noticias-inmobiliarias-del-mes-de-septiembre-de-2025\\\/\"},\"author\":{\"name\":\"Victoria Ferrando\",\"@id\":\"https:\\\/\\\/www.rentila.es\\\/blog\\\/#\\\/schema\\\/person\\\/0735e643ae469143cfe029568a0e6466\"},\"headline\":\"Actualizaci\u00f3n sobre las noticias inmobiliarias del mes de Septiembre de 2025\",\"datePublished\":\"2025-09-22T09:38:13+00:00\",\"dateModified\":\"2025-11-28T17:10:04+00:00\",\"mainEntityOfPage\":{\"@id\":\"https:\\\/\\\/www.rentila.es\\\/blog\\\/actualizacion-sobre-las-noticias-inmobiliarias-del-mes-de-septiembre-de-2025\\\/\"},\"wordCount\":879,\"image\":{\"@id\":\"https:\\\/\\\/www.rentila.es\\\/blog\\\/actualizacion-sobre-las-noticias-inmobiliarias-del-mes-de-septiembre-de-2025\\\/#primaryimage\"},\"thumbnailUrl\":\"https:\\\/\\\/www.rentila.es\\\/assets\\\/img\\\/blog\\\/blog_news.png\",\"articleSection\":[\"Noticias inmobiliarias\"],\"inLanguage\":\"es\"},{\"@type\":\"WebPage\",\"@id\":\"https:\\\/\\\/www.rentila.es\\\/blog\\\/actualizacion-sobre-las-noticias-inmobiliarias-del-mes-de-septiembre-de-2025\\\/\",\"url\":\"https:\\\/\\\/www.rentila.es\\\/blog\\\/actualizacion-sobre-las-noticias-inmobiliarias-del-mes-de-septiembre-de-2025\\\/\",\"name\":\"Noticias inmobiliarias del mes de Septiembre de 2025\",\"isPartOf\":{\"@id\":\"https:\\\/\\\/www.rentila.es\\\/blog\\\/#website\"},\"primaryImageOfPage\":{\"@id\":\"https:\\\/\\\/www.rentila.es\\\/blog\\\/actualizacion-sobre-las-noticias-inmobiliarias-del-mes-de-septiembre-de-2025\\\/#primaryimage\"},\"image\":{\"@id\":\"https:\\\/\\\/www.rentila.es\\\/blog\\\/actualizacion-sobre-las-noticias-inmobiliarias-del-mes-de-septiembre-de-2025\\\/#primaryimage\"},\"thumbnailUrl\":\"https:\\\/\\\/www.rentila.es\\\/assets\\\/img\\\/blog\\\/blog_news.png\",\"datePublished\":\"2025-09-22T09:38:13+00:00\",\"dateModified\":\"2025-11-28T17:10:04+00:00\",\"author\":{\"@id\":\"https:\\\/\\\/www.rentila.es\\\/blog\\\/#\\\/schema\\\/person\\\/0735e643ae469143cfe029568a0e6466\"},\"description\":\"Como todos los meses, Rentila te ofrece una visi\u00f3n general de la prensa inmobiliaria.\",\"breadcrumb\":{\"@id\":\"https:\\\/\\\/www.rentila.es\\\/blog\\\/actualizacion-sobre-las-noticias-inmobiliarias-del-mes-de-septiembre-de-2025\\\/#breadcrumb\"},\"inLanguage\":\"es\",\"potentialAction\":[{\"@type\":\"ReadAction\",\"target\":[\"https:\\\/\\\/www.rentila.es\\\/blog\\\/actualizacion-sobre-las-noticias-inmobiliarias-del-mes-de-septiembre-de-2025\\\/\"]}]},{\"@type\":\"ImageObject\",\"inLanguage\":\"es\",\"@id\":\"https:\\\/\\\/www.rentila.es\\\/blog\\\/actualizacion-sobre-las-noticias-inmobiliarias-del-mes-de-septiembre-de-2025\\\/#primaryimage\",\"url\":\"https:\\\/\\\/www.rentila.es\\\/assets\\\/img\\\/blog\\\/blog_news.png\",\"contentUrl\":\"https:\\\/\\\/www.rentila.es\\\/assets\\\/img\\\/blog\\\/blog_news.png\"},{\"@type\":\"BreadcrumbList\",\"@id\":\"https:\\\/\\\/www.rentila.es\\\/blog\\\/actualizacion-sobre-las-noticias-inmobiliarias-del-mes-de-septiembre-de-2025\\\/#breadcrumb\",\"itemListElement\":[{\"@type\":\"ListItem\",\"position\":1,\"name\":\"Home\",\"item\":\"https:\\\/\\\/www.rentila.es\\\/blog\\\/\"},{\"@type\":\"ListItem\",\"position\":2,\"name\":\"Actualizaci\u00f3n sobre las noticias inmobiliarias del mes de Septiembre de 2025\"}]},{\"@type\":\"WebSite\",\"@id\":\"https:\\\/\\\/www.rentila.es\\\/blog\\\/#website\",\"url\":\"https:\\\/\\\/www.rentila.es\\\/blog\\\/\",\"name\":\"Blog de administraci\u00f3n de propiedades para propietarios - Rentila\",\"description\":\"Consejos pr\u00e1cticos, noticias inmobiliarias\",\"potentialAction\":[{\"@type\":\"SearchAction\",\"target\":{\"@type\":\"EntryPoint\",\"urlTemplate\":\"https:\\\/\\\/www.rentila.es\\\/blog\\\/?s={search_term_string}\"},\"query-input\":{\"@type\":\"PropertyValueSpecification\",\"valueRequired\":true,\"valueName\":\"search_term_string\"}}],\"inLanguage\":\"es\"},{\"@type\":\"Person\",\"@id\":\"https:\\\/\\\/www.rentila.es\\\/blog\\\/#\\\/schema\\\/person\\\/0735e643ae469143cfe029568a0e6466\",\"name\":\"Victoria Ferrando\",\"image\":{\"@type\":\"ImageObject\",\"inLanguage\":\"es\",\"@id\":\"https:\\\/\\\/secure.gravatar.com\\\/avatar\\\/6bea5648856c2e0ce46d3edb303b49edcd633cf390d13984f0744ec934a9292f?s=96&d=mm&r=g\",\"url\":\"https:\\\/\\\/secure.gravatar.com\\\/avatar\\\/6bea5648856c2e0ce46d3edb303b49edcd633cf390d13984f0744ec934a9292f?s=96&d=mm&r=g\",\"contentUrl\":\"https:\\\/\\\/secure.gravatar.com\\\/avatar\\\/6bea5648856c2e0ce46d3edb303b49edcd633cf390d13984f0744ec934a9292f?s=96&d=mm&r=g\",\"caption\":\"Victoria Ferrando\"},\"sameAs\":[\"https:\\\/\\\/www.linkedin.com\\\/in\\\/victoria-ferrando\\\/\"],\"url\":\"https:\\\/\\\/www.rentila.es\\\/blog\\\/author\\\/victoria\\\/\"}]}<\/script>\n<!-- \/ Yoast SEO plugin. -->","yoast_head_json":{"title":"Noticias inmobiliarias del mes de Septiembre de 2025","description":"Como todos los meses, Rentila te ofrece una visi\u00f3n general de la prensa inmobiliaria.","robots":{"index":"index","follow":"follow","max-snippet":"max-snippet:-1","max-image-preview":"max-image-preview:large","max-video-preview":"max-video-preview:-1"},"canonical":"https:\/\/www.rentila.es\/blog\/actualizacion-sobre-las-noticias-inmobiliarias-del-mes-de-septiembre-de-2025\/","og_locale":"es_ES","og_type":"article","og_title":"Noticias inmobiliarias del mes de Septiembre de 2025","og_description":"Como todos los meses, Rentila te ofrece una visi\u00f3n general de la prensa inmobiliaria.","og_url":"https:\/\/www.rentila.es\/blog\/actualizacion-sobre-las-noticias-inmobiliarias-del-mes-de-septiembre-de-2025\/","og_site_name":"Blog de administraci\u00f3n de propiedades para propietarios - Rentila","article_publisher":"https:\/\/www.facebook.com\/Rentila-Espa%c3%b1a-234200993854422\/","article_published_time":"2025-09-22T09:38:13+00:00","article_modified_time":"2025-11-28T17:10:04+00:00","author":"Victoria Ferrando","twitter_card":"summary_large_image","twitter_misc":{"Escrito por":"Victoria Ferrando","Tiempo de lectura":"4 minutos"},"schema":{"@context":"https:\/\/schema.org","@graph":[{"@type":"Article","@id":"https:\/\/www.rentila.es\/blog\/actualizacion-sobre-las-noticias-inmobiliarias-del-mes-de-septiembre-de-2025\/#article","isPartOf":{"@id":"https:\/\/www.rentila.es\/blog\/actualizacion-sobre-las-noticias-inmobiliarias-del-mes-de-septiembre-de-2025\/"},"author":{"name":"Victoria Ferrando","@id":"https:\/\/www.rentila.es\/blog\/#\/schema\/person\/0735e643ae469143cfe029568a0e6466"},"headline":"Actualizaci\u00f3n sobre las noticias inmobiliarias del mes de Septiembre de 2025","datePublished":"2025-09-22T09:38:13+00:00","dateModified":"2025-11-28T17:10:04+00:00","mainEntityOfPage":{"@id":"https:\/\/www.rentila.es\/blog\/actualizacion-sobre-las-noticias-inmobiliarias-del-mes-de-septiembre-de-2025\/"},"wordCount":879,"image":{"@id":"https:\/\/www.rentila.es\/blog\/actualizacion-sobre-las-noticias-inmobiliarias-del-mes-de-septiembre-de-2025\/#primaryimage"},"thumbnailUrl":"https:\/\/www.rentila.es\/assets\/img\/blog\/blog_news.png","articleSection":["Noticias inmobiliarias"],"inLanguage":"es"},{"@type":"WebPage","@id":"https:\/\/www.rentila.es\/blog\/actualizacion-sobre-las-noticias-inmobiliarias-del-mes-de-septiembre-de-2025\/","url":"https:\/\/www.rentila.es\/blog\/actualizacion-sobre-las-noticias-inmobiliarias-del-mes-de-septiembre-de-2025\/","name":"Noticias inmobiliarias del mes de Septiembre de 2025","isPartOf":{"@id":"https:\/\/www.rentila.es\/blog\/#website"},"primaryImageOfPage":{"@id":"https:\/\/www.rentila.es\/blog\/actualizacion-sobre-las-noticias-inmobiliarias-del-mes-de-septiembre-de-2025\/#primaryimage"},"image":{"@id":"https:\/\/www.rentila.es\/blog\/actualizacion-sobre-las-noticias-inmobiliarias-del-mes-de-septiembre-de-2025\/#primaryimage"},"thumbnailUrl":"https:\/\/www.rentila.es\/assets\/img\/blog\/blog_news.png","datePublished":"2025-09-22T09:38:13+00:00","dateModified":"2025-11-28T17:10:04+00:00","author":{"@id":"https:\/\/www.rentila.es\/blog\/#\/schema\/person\/0735e643ae469143cfe029568a0e6466"},"description":"Como todos los meses, Rentila te ofrece una visi\u00f3n general de la prensa inmobiliaria.","breadcrumb":{"@id":"https:\/\/www.rentila.es\/blog\/actualizacion-sobre-las-noticias-inmobiliarias-del-mes-de-septiembre-de-2025\/#breadcrumb"},"inLanguage":"es","potentialAction":[{"@type":"ReadAction","target":["https:\/\/www.rentila.es\/blog\/actualizacion-sobre-las-noticias-inmobiliarias-del-mes-de-septiembre-de-2025\/"]}]},{"@type":"ImageObject","inLanguage":"es","@id":"https:\/\/www.rentila.es\/blog\/actualizacion-sobre-las-noticias-inmobiliarias-del-mes-de-septiembre-de-2025\/#primaryimage","url":"https:\/\/www.rentila.es\/assets\/img\/blog\/blog_news.png","contentUrl":"https:\/\/www.rentila.es\/assets\/img\/blog\/blog_news.png"},{"@type":"BreadcrumbList","@id":"https:\/\/www.rentila.es\/blog\/actualizacion-sobre-las-noticias-inmobiliarias-del-mes-de-septiembre-de-2025\/#breadcrumb","itemListElement":[{"@type":"ListItem","position":1,"name":"Home","item":"https:\/\/www.rentila.es\/blog\/"},{"@type":"ListItem","position":2,"name":"Actualizaci\u00f3n sobre las noticias inmobiliarias del mes de Septiembre de 2025"}]},{"@type":"WebSite","@id":"https:\/\/www.rentila.es\/blog\/#website","url":"https:\/\/www.rentila.es\/blog\/","name":"Blog de administraci\u00f3n de propiedades para propietarios - Rentila","description":"Consejos pr\u00e1cticos, noticias inmobiliarias","potentialAction":[{"@type":"SearchAction","target":{"@type":"EntryPoint","urlTemplate":"https:\/\/www.rentila.es\/blog\/?s={search_term_string}"},"query-input":{"@type":"PropertyValueSpecification","valueRequired":true,"valueName":"search_term_string"}}],"inLanguage":"es"},{"@type":"Person","@id":"https:\/\/www.rentila.es\/blog\/#\/schema\/person\/0735e643ae469143cfe029568a0e6466","name":"Victoria Ferrando","image":{"@type":"ImageObject","inLanguage":"es","@id":"https:\/\/secure.gravatar.com\/avatar\/6bea5648856c2e0ce46d3edb303b49edcd633cf390d13984f0744ec934a9292f?s=96&d=mm&r=g","url":"https:\/\/secure.gravatar.com\/avatar\/6bea5648856c2e0ce46d3edb303b49edcd633cf390d13984f0744ec934a9292f?s=96&d=mm&r=g","contentUrl":"https:\/\/secure.gravatar.com\/avatar\/6bea5648856c2e0ce46d3edb303b49edcd633cf390d13984f0744ec934a9292f?s=96&d=mm&r=g","caption":"Victoria Ferrando"},"sameAs":["https:\/\/www.linkedin.com\/in\/victoria-ferrando\/"],"url":"https:\/\/www.rentila.es\/blog\/author\/victoria\/"}]}},"_links":{"self":[{"href":"https:\/\/www.rentila.es\/blog\/wp-json\/wp\/v2\/posts\/5375","targetHints":{"allow":["GET"]}}],"collection":[{"href":"https:\/\/www.rentila.es\/blog\/wp-json\/wp\/v2\/posts"}],"about":[{"href":"https:\/\/www.rentila.es\/blog\/wp-json\/wp\/v2\/types\/post"}],"author":[{"embeddable":true,"href":"https:\/\/www.rentila.es\/blog\/wp-json\/wp\/v2\/users\/5"}],"replies":[{"embeddable":true,"href":"https:\/\/www.rentila.es\/blog\/wp-json\/wp\/v2\/comments?post=5375"}],"version-history":[{"count":5,"href":"https:\/\/www.rentila.es\/blog\/wp-json\/wp\/v2\/posts\/5375\/revisions"}],"predecessor-version":[{"id":5577,"href":"https:\/\/www.rentila.es\/blog\/wp-json\/wp\/v2\/posts\/5375\/revisions\/5577"}],"wp:attachment":[{"href":"https:\/\/www.rentila.es\/blog\/wp-json\/wp\/v2\/media?parent=5375"}],"wp:term":[{"taxonomy":"category","embeddable":true,"href":"https:\/\/www.rentila.es\/blog\/wp-json\/wp\/v2\/categories?post=5375"},{"taxonomy":"post_tag","embeddable":true,"href":"https:\/\/www.rentila.es\/blog\/wp-json\/wp\/v2\/tags?post=5375"}],"curies":[{"name":"wp","href":"https:\/\/api.w.org\/{rel}","templated":true}]}}