{"id":5671,"date":"2025-12-24T12:01:43","date_gmt":"2025-12-24T12:01:43","guid":{"rendered":"https:\/\/www.rentila.es\/blog\/?p=5671"},"modified":"2025-12-28T11:56:16","modified_gmt":"2025-12-28T11:56:16","slug":"actualizacion-sobre-las-noticias-inmobiliarias-del-mes-de-diciembre-de-2025","status":"publish","type":"post","link":"https:\/\/www.rentila.es\/blog\/actualizacion-sobre-las-noticias-inmobiliarias-del-mes-de-diciembre-de-2025\/","title":{"rendered":"Actualizaci\u00f3n sobre las noticias inmobiliarias del mes de Diciembre de 2025"},"content":{"rendered":"<div><img decoding=\"async\" class=\"alignleft size-full wp-image-516\" title=\"newspaper\" src=\"https:\/\/www.rentila.com\/assets\/img\/blog\/blog_news_5.png\" alt=\"Actualizaci\u00f3n sobre las noticias inmobiliarias del mes\" width=\"100%\" height=\"\" \/><\/div>\n<p class=\"lead\">Como todos los meses, Rentila te ofrece una visi\u00f3n general de la prensa inmobiliaria. En el programa de este mes, correspondiente a Diciembre 2025, tenemos: mercado inmobiliario en 2026, hipotecas, fianza y mucho m\u00e1s&#8230;<\/p>\n<p><!--more--><\/p>\n<div class=\"phase-content__flag phase-1\">Mercado inmobiliario<\/div>\n<p><!--section--><\/p>\n<h5>La actividad inmobiliaria repunta en 2025 en todas las comunidades, con Madrid a la cabeza<\/h5>\n<p>El mercado inmobiliario espa\u00f1ol muestra un fuerte dinamismo en 2025, con todas las grandes comunidades registrando incrementos significativos. Madrid lidera la actividad, con un 36% de participaci\u00f3n de particulares, mientras que Catalu\u00f1a y Andaluc\u00eda alcanzan un 34% y un 31%, respectivamente. La Comunidad Valenciana destaca por registrar el mayor aumento interanual, pasando del 28% al 34%, como recoge el informe Radiograf\u00eda del mercado de la vivienda en el segundo semestre de 2025 de Fotocasa Research.<br \/>\n<a href=\"https:\/\/brainsre.news\/actividad-inmobiliaria-repunta-2025-todas-regiones\/\" target=\"_blank\" rel=\"nofollow noopener noreferrer\">Leer m\u00e1s <span class=\"meta-nav\">\u2192<\/span><\/a><\/p>\n<hr \/>\n<h5>As\u00ed ser\u00e1 el mercado inmobiliario en 2026: precios al alza, presi\u00f3n en la demanda y escasa oferta<\/h5>\n<p>l pr\u00f3ximo ejercicio no trae buenas noticias para aquellos que busquen comprar o alquilar una vivienda. En 2026 los precios de las casas seguir\u00e1n al alza y la oferta de casas continuar\u00e1 bajando, tanto para venta como para alquiler, debido a la \u00abincertidumbre legislativa\u00bb y a la \u00abfalta de acuerdos m\u00ednimos\u00bb que provocar\u00e1n que sea \u00abcasi imposible\u00bb aprobar o modificar ninguna ley que mejore la accesibilidad de la vivienda, seg\u00fan un an\u00e1lisis del portal idealista.<br \/>\n<a href=\"https:\/\/www.eleconomista.es\/vivienda-inmobiliario\/noticias\/13686098\/12\/25\/asi-sera-el-mercado-inmobiliario-en-2026-precios-al-alza-presion-en-la-demanda-y-escasa-oferta.html\" target=\"_blank\" rel=\"nofollow noopener noreferrer\">Leer m\u00e1s <span class=\"meta-nav\">\u2192<\/span><\/a><\/p>\n<hr \/>\n<h5>El municipio catal\u00e1n para comprar una vivienda m\u00e1s asequible y sin topes en los precios del alquiler<\/h5>\n<p>Cada vez es m\u00e1s complicado comprar o alquilar vivienda en Catalu\u00f1a. En especial en la capital, Barcelona y su \u00e1rea metropolitana. En la presentaci\u00f3n sobre la radiograf\u00eda del sector, de la inmobiliaria Forcadell, el economista y profesor de la Universidad de Barcelona, Gonzalo Bernardos, dio a conocer que es interesante invertir en vivienda en determinadas zonas, m\u00e1s all\u00e1 de Barcelona.<br \/>\n<a href=\"https:\/\/www.idealista.com\/news\/inmobiliario\/vivienda\/2025\/12\/08\/873238-el-municipio-catalan-para-comprar-una-vivienda-mas-asequible-y-sin-topes-en-los\" target=\"_blank\" rel=\"nofollow noopener noreferrer\">Leer m\u00e1s <span class=\"meta-nav\">\u2192<\/span><\/a><\/p>\n<hr \/>\n<h5>La vivienda en Cartagena alcanza en noviembre los 1.571 euros\/m\u00b2 tras subir un 21% en un a\u00f1o<\/h5>\n<p>El precio medio de la vivienda en Cartagena se ha situado en 1.571 euros por metro cuadrado en noviembre de 2025, seg\u00fan los \u00faltimos datos de idealista. Esta cifra supone una subida del 2% respecto a octubre, un avance del 4,8% en el \u00faltimo trimestre y, sobre todo, un fuerte incremento interanual del 21,3%, uno de los m\u00e1s destacados del sureste espa\u00f1ol.<br \/>\n<a href=\"https:\/\/www.idealista.com\/news\/inmobiliario\/vivienda\/2025\/12\/22\/877692-la-vivienda-en-cartagena-alcanza-en-noviembre-los-1-571-euros-m2-tras-subir-un-21\" target=\"_blank\" rel=\"nofollow noopener noreferrer\">Leer m\u00e1s <span class=\"meta-nav\">\u2192<\/span><\/a><\/p>\n<hr \/>\n<h5>Los tipos del mercado empujan a los bancos a encarecer el precio de las nuevas hipotecas<\/h5>\n<p>La reciente guerra hipotecaria que ha acompa\u00f1ado a la ebullici\u00f3n del mercado inmobiliario podr\u00eda tener los d\u00edas contados. Durante meses, algunas entidades se han lanzado a captar negocio con unos cr\u00e9ditos excepcionalmente baratos en relaci\u00f3n con el nivel general de los tipos de referencia. Otras, en cambio, han preferido perder cuota de mercado porque no ve\u00edan la forma de que los pr\u00e9stamos les fueran rentables a esos precios.<br \/>\n<a href=\"https:\/\/www.informacion.es\/economia\/2025\/12\/08\/tipos-mercado-empujan-bancos-encarecer-hipotecas-3-124561561.html\" target=\"_blank\" rel=\"nofollow noopener noreferrer\">Leer m\u00e1s <span class=\"meta-nav\">\u2192<\/span><\/a><\/p>\n<hr \/>\n<div class=\"phase-content__flag phase-1\">Consejos<\/div>\n<h5>La Ley de Alquiler lo confirma: el propietario debe devolver la fianza al inquilino en este plazo o tendr\u00e1 que pagar intereses<\/h5>\n<p>La Ley de Arrendamientos Urbanos, publicada en el Bolet\u00edn Oficial del Estado, es la encargada de regular los alquileres en Espa\u00f1a. En este sentido, establece la normativa sobre la fianza que deben pagar los inquilinos al casero, estipulando qu\u00e9 cantidad se debe entregar y en qu\u00e9 plazos.<br \/>\n<a href=\"https:\/\/www.lasprovincias.es\/economia\/ley-alquiler-confirma-propietario-debe-devolver-fianza-20251211011222-nt.html?ref=https%3A%2F%2Fwww.lasprovincias.es%2Feconomia%2Fley-alquiler-confirma-propietario-debe-devolver-fianza-20251211011222-nt.html\" target=\"_blank\" rel=\"nofollow noopener noreferrer\">Leer m\u00e1s <span class=\"meta-nav\">\u2192<\/span><\/a><\/p>\n<hr \/>\n<h5>El Gobierno compensar\u00e1 a los caseros por impagos o da\u00f1os causados por inquilinos j\u00f3venes o vulnerables<\/h5>\n<p>El Consejo de Ministros ha aprobado una cobertura que compensar\u00e1 a los propietarios ante eventuales impagos o da\u00f1os en las viviendas, adem\u00e1s del corte de suministros, que causen inquilinos menores de 35 a\u00f1os o vulnerables.<br \/>\n<a href=\"https:\/\/www.elespanol.com\/invertia\/observatorios\/vivienda\/20251209\/gobierno-compensara-caseros-impagos-danos-causados-inquilinos-jovenes-vulnerables\/1003744047665_0.html\" target=\"_blank\" rel=\"nofollow noopener noreferrer\">Leer m\u00e1s <span class=\"meta-nav\">\u2192<\/span><\/a><\/p>\n<hr \/>\n<h5>Contratos de alquiler en Espa\u00f1a: \u00bfpor qu\u00e9 duran cinco a\u00f1os seg\u00fan la ley?<\/h5>\n<p>La duraci\u00f3n contratos alquiler en Espa\u00f1a sigue creando confusi\u00f3n entre inquilinos y propietarios, sobre todo ahora que la estabilidad alquiler Espa\u00f1a es una gran preocupaci\u00f3n. Aunque muchos creen que los contratos de arrendamiento deben firmarse por un a\u00f1o, esta pr\u00e1ctica no se ajusta a la Ley de Arrendamientos Urbanos vigente. As\u00ed lo aclara, en exclusiva para La Provincia, el abogado canario Sergio Choolani, quien advierte de que estas cl\u00e1usulas de duraci\u00f3n anual \u201cson nulas de pleno derecho\u201d.<br \/>\n<a href=\"https:\/\/www.laprovincia.es\/canarias\/2025\/12\/09\/contratos-alquiler-espana-duran-cinco-124587719.html\" target=\"_blank\" rel=\"nofollow noopener noreferrer\">Leer m\u00e1s <span class=\"meta-nav\">\u2192<\/span><\/a><\/p>\n<hr \/>\n<div class=\"phase-content__flag phase-1\">Diversos<\/div>\n<h5>M\u00e1s de 24.400 contratos de alquiler finalizan en Baleares durante 2026: los inquilinos pagar\u00e1n 4.615 euros m\u00e1s al a\u00f1o<\/h5>\n<p>Un total de 24.456 contratos del alquiler finalizar\u00e1n en Baleares a lo largo de 2026 y los inquilinos se exponen a subidas de las rentas muy elevadas, seg\u00fan ha precisado este lunes el Ministerio de Derechos Sociales, Consumo y Agenda 2030. En concreto, los acuerdos fueron suscritos en el ejercicio 2021, cuando los precios eran mucho m\u00e1s bajos debido al descenso de la demanda por la COVID-19.<br \/>\n<a href=\"https:\/\/www.ultimahora.es\/noticias\/local\/2025\/12\/09\/2527885\/mas-24400-contratos-alquiler-finalizan-baleares-durante-2026-inquilinos-pagaran-4615-euros-mas-ano.html\" target=\"_blank\" rel=\"nofollow noopener noreferrer\">Leer m\u00e1s <span class=\"meta-nav\">\u2192<\/span><\/a><\/p>\n<hr \/>\n<h5>La legislaci\u00f3n europea dificulta el plan del Gobierno para limitar la compra \u00abespeculativa\u00bb de vivienda<\/h5>\n<p>El Gobierno busca f\u00f3rmulas para vetar lo que califican como \u00abuso especulativo\u00bb de la vivienda con el objetivo de frenar la escalada de precios de este bien de primera necesidad. Una de las propuestas que sirve como punto de partida es el conocido como modelo \u00c1msterdam, por el que se obliga desde 2022 a los propietarios a residir durante cuatro a\u00f1os en el inmueble si se compra en determinados barrios de algunas ciudades de Pa\u00edses Bajos.<br \/>\n<a href=\"https:\/\/www.eleconomista.es\/vivienda-inmobiliario\/noticias\/13692215\/12\/25\/la-ue-veta-normativas-que-prohiban-la-compra-de-vivienda-especulativa-como-quiere-moncloa.html\" target=\"_blank\" rel=\"nofollow noopener noreferrer\">Leer m\u00e1s <span class=\"meta-nav\">\u2192<\/span><\/a><\/p>\n<hr \/>\n<h5>Las consultoras prev\u00e9n que 2025 ser\u00e1 el tercer mejor a\u00f1o hist\u00f3rico para la inversi\u00f3n inmobiliaria<\/h5>\n<p>BNP Paribas Real Estate, Catella, CBRE, Colliers, Cushman &amp; Wakefield, JLL, Knight Frank y Savills estiman, a trav\u00e9s de la Asociaci\u00f3n de Consultoras Inmobiliarias (ACI), que en 2025 los inversores nacionales e internacionales destinar\u00e1n en torno a 17.000 millones de euros a la compra de activos inmobiliarios en Espa\u00f1a, lo que supone un incremento del 30% respecto a 2024.<br \/>\n<a href=\"https:\/\/observatorioinmobiliario.es\/noticias\/inversion-inmobiliaria\/las-consultoras-prev%C3%A9n-que-2025-ser%C3%A1-el-tercer-mejor-a%C3%B1o-hist%C3%B3rico-para-la-inversi%C3%B3n-inmobiliaria\/\" target=\"_blank\" rel=\"nofollow noopener noreferrer\">Leer m\u00e1s <span class=\"meta-nav\">\u2192<\/span><\/a><\/p>\n","protected":false},"excerpt":{"rendered":"<p>Como todos los meses, Rentila te ofrece una visi\u00f3n general de la prensa inmobiliaria. En el programa de este mes, correspondiente a Diciembre 2025, tenemos: mercado inmobiliario en 2026, hipotecas, fianza y mucho m\u00e1s&#8230;<\/p>\n","protected":false},"author":5,"featured_media":0,"comment_status":"closed","ping_status":"closed","sticky":false,"template":"","format":"standard","meta":{"footnotes":""},"categories":[59],"tags":[],"class_list":["post-5671","post","type-post","status-publish","format-standard","hentry","category-news"],"yoast_head":"<!-- This site is optimized with the Yoast SEO plugin v27.5 - https:\/\/yoast.com\/product\/yoast-seo-wordpress\/ -->\n<title>Noticias inmobiliarias del mes de Diciembre de 2025<\/title>\n<meta name=\"description\" content=\"Como todos los meses, Rentila te ofrece una visi\u00f3n general de la prensa inmobiliaria.\" \/>\n<meta name=\"robots\" content=\"index, follow, max-snippet:-1, max-image-preview:large, max-video-preview:-1\" \/>\n<link rel=\"canonical\" href=\"https:\/\/www.rentila.es\/blog\/actualizacion-sobre-las-noticias-inmobiliarias-del-mes-de-diciembre-de-2025\/\" \/>\n<meta property=\"og:locale\" content=\"es_ES\" \/>\n<meta property=\"og:type\" content=\"article\" \/>\n<meta property=\"og:title\" content=\"Noticias inmobiliarias del mes de Diciembre de 2025\" \/>\n<meta property=\"og:description\" content=\"Como todos los meses, Rentila te ofrece una visi\u00f3n general de la prensa inmobiliaria.\" \/>\n<meta property=\"og:url\" content=\"https:\/\/www.rentila.es\/blog\/actualizacion-sobre-las-noticias-inmobiliarias-del-mes-de-diciembre-de-2025\/\" \/>\n<meta property=\"og:site_name\" content=\"Blog de administraci\u00f3n de propiedades para propietarios - Rentila\" \/>\n<meta property=\"article:publisher\" content=\"https:\/\/www.facebook.com\/Rentila-Espa%c3%b1a-234200993854422\/\" \/>\n<meta property=\"article:published_time\" content=\"2025-12-24T12:01:43+00:00\" \/>\n<meta property=\"article:modified_time\" content=\"2025-12-28T11:56:16+00:00\" \/>\n<meta name=\"author\" content=\"Victoria Ferrando\" \/>\n<meta name=\"twitter:card\" content=\"summary_large_image\" \/>\n<meta name=\"twitter:label1\" content=\"Escrito por\" \/>\n\t<meta name=\"twitter:data1\" content=\"Victoria Ferrando\" \/>\n\t<meta name=\"twitter:label2\" content=\"Tiempo de lectura\" \/>\n\t<meta name=\"twitter:data2\" content=\"5 minutos\" \/>\n<script type=\"application\/ld+json\" class=\"yoast-schema-graph\">{\"@context\":\"https:\\\/\\\/schema.org\",\"@graph\":[{\"@type\":\"Article\",\"@id\":\"https:\\\/\\\/www.rentila.es\\\/blog\\\/actualizacion-sobre-las-noticias-inmobiliarias-del-mes-de-diciembre-de-2025\\\/#article\",\"isPartOf\":{\"@id\":\"https:\\\/\\\/www.rentila.es\\\/blog\\\/actualizacion-sobre-las-noticias-inmobiliarias-del-mes-de-diciembre-de-2025\\\/\"},\"author\":{\"name\":\"Victoria Ferrando\",\"@id\":\"https:\\\/\\\/www.rentila.es\\\/blog\\\/#\\\/schema\\\/person\\\/0735e643ae469143cfe029568a0e6466\"},\"headline\":\"Actualizaci\u00f3n sobre las noticias inmobiliarias del mes de Diciembre de 2025\",\"datePublished\":\"2025-12-24T12:01:43+00:00\",\"dateModified\":\"2025-12-28T11:56:16+00:00\",\"mainEntityOfPage\":{\"@id\":\"https:\\\/\\\/www.rentila.es\\\/blog\\\/actualizacion-sobre-las-noticias-inmobiliarias-del-mes-de-diciembre-de-2025\\\/\"},\"wordCount\":1004,\"image\":{\"@id\":\"https:\\\/\\\/www.rentila.es\\\/blog\\\/actualizacion-sobre-las-noticias-inmobiliarias-del-mes-de-diciembre-de-2025\\\/#primaryimage\"},\"thumbnailUrl\":\"https:\\\/\\\/www.rentila.com\\\/assets\\\/img\\\/blog\\\/blog_news_5.png\",\"articleSection\":[\"Noticias inmobiliarias\"],\"inLanguage\":\"es\"},{\"@type\":\"WebPage\",\"@id\":\"https:\\\/\\\/www.rentila.es\\\/blog\\\/actualizacion-sobre-las-noticias-inmobiliarias-del-mes-de-diciembre-de-2025\\\/\",\"url\":\"https:\\\/\\\/www.rentila.es\\\/blog\\\/actualizacion-sobre-las-noticias-inmobiliarias-del-mes-de-diciembre-de-2025\\\/\",\"name\":\"Noticias inmobiliarias del mes de Diciembre de 2025\",\"isPartOf\":{\"@id\":\"https:\\\/\\\/www.rentila.es\\\/blog\\\/#website\"},\"primaryImageOfPage\":{\"@id\":\"https:\\\/\\\/www.rentila.es\\\/blog\\\/actualizacion-sobre-las-noticias-inmobiliarias-del-mes-de-diciembre-de-2025\\\/#primaryimage\"},\"image\":{\"@id\":\"https:\\\/\\\/www.rentila.es\\\/blog\\\/actualizacion-sobre-las-noticias-inmobiliarias-del-mes-de-diciembre-de-2025\\\/#primaryimage\"},\"thumbnailUrl\":\"https:\\\/\\\/www.rentila.com\\\/assets\\\/img\\\/blog\\\/blog_news_5.png\",\"datePublished\":\"2025-12-24T12:01:43+00:00\",\"dateModified\":\"2025-12-28T11:56:16+00:00\",\"author\":{\"@id\":\"https:\\\/\\\/www.rentila.es\\\/blog\\\/#\\\/schema\\\/person\\\/0735e643ae469143cfe029568a0e6466\"},\"description\":\"Como todos los meses, Rentila te ofrece una visi\u00f3n general de la prensa inmobiliaria.\",\"breadcrumb\":{\"@id\":\"https:\\\/\\\/www.rentila.es\\\/blog\\\/actualizacion-sobre-las-noticias-inmobiliarias-del-mes-de-diciembre-de-2025\\\/#breadcrumb\"},\"inLanguage\":\"es\",\"potentialAction\":[{\"@type\":\"ReadAction\",\"target\":[\"https:\\\/\\\/www.rentila.es\\\/blog\\\/actualizacion-sobre-las-noticias-inmobiliarias-del-mes-de-diciembre-de-2025\\\/\"]}]},{\"@type\":\"ImageObject\",\"inLanguage\":\"es\",\"@id\":\"https:\\\/\\\/www.rentila.es\\\/blog\\\/actualizacion-sobre-las-noticias-inmobiliarias-del-mes-de-diciembre-de-2025\\\/#primaryimage\",\"url\":\"https:\\\/\\\/www.rentila.com\\\/assets\\\/img\\\/blog\\\/blog_news_5.png\",\"contentUrl\":\"https:\\\/\\\/www.rentila.com\\\/assets\\\/img\\\/blog\\\/blog_news_5.png\"},{\"@type\":\"BreadcrumbList\",\"@id\":\"https:\\\/\\\/www.rentila.es\\\/blog\\\/actualizacion-sobre-las-noticias-inmobiliarias-del-mes-de-diciembre-de-2025\\\/#breadcrumb\",\"itemListElement\":[{\"@type\":\"ListItem\",\"position\":1,\"name\":\"Home\",\"item\":\"https:\\\/\\\/www.rentila.es\\\/blog\\\/\"},{\"@type\":\"ListItem\",\"position\":2,\"name\":\"Actualizaci\u00f3n sobre las noticias inmobiliarias del mes de Diciembre de 2025\"}]},{\"@type\":\"WebSite\",\"@id\":\"https:\\\/\\\/www.rentila.es\\\/blog\\\/#website\",\"url\":\"https:\\\/\\\/www.rentila.es\\\/blog\\\/\",\"name\":\"Blog de administraci\u00f3n de propiedades para propietarios - Rentila\",\"description\":\"Consejos pr\u00e1cticos, noticias inmobiliarias\",\"potentialAction\":[{\"@type\":\"SearchAction\",\"target\":{\"@type\":\"EntryPoint\",\"urlTemplate\":\"https:\\\/\\\/www.rentila.es\\\/blog\\\/?s={search_term_string}\"},\"query-input\":{\"@type\":\"PropertyValueSpecification\",\"valueRequired\":true,\"valueName\":\"search_term_string\"}}],\"inLanguage\":\"es\"},{\"@type\":\"Person\",\"@id\":\"https:\\\/\\\/www.rentila.es\\\/blog\\\/#\\\/schema\\\/person\\\/0735e643ae469143cfe029568a0e6466\",\"name\":\"Victoria Ferrando\",\"image\":{\"@type\":\"ImageObject\",\"inLanguage\":\"es\",\"@id\":\"https:\\\/\\\/secure.gravatar.com\\\/avatar\\\/6bea5648856c2e0ce46d3edb303b49edcd633cf390d13984f0744ec934a9292f?s=96&d=mm&r=g\",\"url\":\"https:\\\/\\\/secure.gravatar.com\\\/avatar\\\/6bea5648856c2e0ce46d3edb303b49edcd633cf390d13984f0744ec934a9292f?s=96&d=mm&r=g\",\"contentUrl\":\"https:\\\/\\\/secure.gravatar.com\\\/avatar\\\/6bea5648856c2e0ce46d3edb303b49edcd633cf390d13984f0744ec934a9292f?s=96&d=mm&r=g\",\"caption\":\"Victoria Ferrando\"},\"sameAs\":[\"https:\\\/\\\/www.linkedin.com\\\/in\\\/victoria-ferrando\\\/\"],\"url\":\"https:\\\/\\\/www.rentila.es\\\/blog\\\/author\\\/victoria\\\/\"}]}<\/script>\n<!-- \/ Yoast SEO plugin. -->","yoast_head_json":{"title":"Noticias inmobiliarias del mes de Diciembre de 2025","description":"Como todos los meses, Rentila te ofrece una visi\u00f3n general de la prensa inmobiliaria.","robots":{"index":"index","follow":"follow","max-snippet":"max-snippet:-1","max-image-preview":"max-image-preview:large","max-video-preview":"max-video-preview:-1"},"canonical":"https:\/\/www.rentila.es\/blog\/actualizacion-sobre-las-noticias-inmobiliarias-del-mes-de-diciembre-de-2025\/","og_locale":"es_ES","og_type":"article","og_title":"Noticias inmobiliarias del mes de Diciembre de 2025","og_description":"Como todos los meses, Rentila te ofrece una visi\u00f3n general de la prensa inmobiliaria.","og_url":"https:\/\/www.rentila.es\/blog\/actualizacion-sobre-las-noticias-inmobiliarias-del-mes-de-diciembre-de-2025\/","og_site_name":"Blog de administraci\u00f3n de propiedades para propietarios - Rentila","article_publisher":"https:\/\/www.facebook.com\/Rentila-Espa%c3%b1a-234200993854422\/","article_published_time":"2025-12-24T12:01:43+00:00","article_modified_time":"2025-12-28T11:56:16+00:00","author":"Victoria Ferrando","twitter_card":"summary_large_image","twitter_misc":{"Escrito por":"Victoria Ferrando","Tiempo de lectura":"5 minutos"},"schema":{"@context":"https:\/\/schema.org","@graph":[{"@type":"Article","@id":"https:\/\/www.rentila.es\/blog\/actualizacion-sobre-las-noticias-inmobiliarias-del-mes-de-diciembre-de-2025\/#article","isPartOf":{"@id":"https:\/\/www.rentila.es\/blog\/actualizacion-sobre-las-noticias-inmobiliarias-del-mes-de-diciembre-de-2025\/"},"author":{"name":"Victoria Ferrando","@id":"https:\/\/www.rentila.es\/blog\/#\/schema\/person\/0735e643ae469143cfe029568a0e6466"},"headline":"Actualizaci\u00f3n sobre las noticias inmobiliarias del mes de Diciembre de 2025","datePublished":"2025-12-24T12:01:43+00:00","dateModified":"2025-12-28T11:56:16+00:00","mainEntityOfPage":{"@id":"https:\/\/www.rentila.es\/blog\/actualizacion-sobre-las-noticias-inmobiliarias-del-mes-de-diciembre-de-2025\/"},"wordCount":1004,"image":{"@id":"https:\/\/www.rentila.es\/blog\/actualizacion-sobre-las-noticias-inmobiliarias-del-mes-de-diciembre-de-2025\/#primaryimage"},"thumbnailUrl":"https:\/\/www.rentila.com\/assets\/img\/blog\/blog_news_5.png","articleSection":["Noticias inmobiliarias"],"inLanguage":"es"},{"@type":"WebPage","@id":"https:\/\/www.rentila.es\/blog\/actualizacion-sobre-las-noticias-inmobiliarias-del-mes-de-diciembre-de-2025\/","url":"https:\/\/www.rentila.es\/blog\/actualizacion-sobre-las-noticias-inmobiliarias-del-mes-de-diciembre-de-2025\/","name":"Noticias inmobiliarias del mes de Diciembre de 2025","isPartOf":{"@id":"https:\/\/www.rentila.es\/blog\/#website"},"primaryImageOfPage":{"@id":"https:\/\/www.rentila.es\/blog\/actualizacion-sobre-las-noticias-inmobiliarias-del-mes-de-diciembre-de-2025\/#primaryimage"},"image":{"@id":"https:\/\/www.rentila.es\/blog\/actualizacion-sobre-las-noticias-inmobiliarias-del-mes-de-diciembre-de-2025\/#primaryimage"},"thumbnailUrl":"https:\/\/www.rentila.com\/assets\/img\/blog\/blog_news_5.png","datePublished":"2025-12-24T12:01:43+00:00","dateModified":"2025-12-28T11:56:16+00:00","author":{"@id":"https:\/\/www.rentila.es\/blog\/#\/schema\/person\/0735e643ae469143cfe029568a0e6466"},"description":"Como todos los meses, Rentila te ofrece una visi\u00f3n general de la prensa inmobiliaria.","breadcrumb":{"@id":"https:\/\/www.rentila.es\/blog\/actualizacion-sobre-las-noticias-inmobiliarias-del-mes-de-diciembre-de-2025\/#breadcrumb"},"inLanguage":"es","potentialAction":[{"@type":"ReadAction","target":["https:\/\/www.rentila.es\/blog\/actualizacion-sobre-las-noticias-inmobiliarias-del-mes-de-diciembre-de-2025\/"]}]},{"@type":"ImageObject","inLanguage":"es","@id":"https:\/\/www.rentila.es\/blog\/actualizacion-sobre-las-noticias-inmobiliarias-del-mes-de-diciembre-de-2025\/#primaryimage","url":"https:\/\/www.rentila.com\/assets\/img\/blog\/blog_news_5.png","contentUrl":"https:\/\/www.rentila.com\/assets\/img\/blog\/blog_news_5.png"},{"@type":"BreadcrumbList","@id":"https:\/\/www.rentila.es\/blog\/actualizacion-sobre-las-noticias-inmobiliarias-del-mes-de-diciembre-de-2025\/#breadcrumb","itemListElement":[{"@type":"ListItem","position":1,"name":"Home","item":"https:\/\/www.rentila.es\/blog\/"},{"@type":"ListItem","position":2,"name":"Actualizaci\u00f3n sobre las noticias inmobiliarias del mes de Diciembre de 2025"}]},{"@type":"WebSite","@id":"https:\/\/www.rentila.es\/blog\/#website","url":"https:\/\/www.rentila.es\/blog\/","name":"Blog de administraci\u00f3n de propiedades para propietarios - Rentila","description":"Consejos pr\u00e1cticos, noticias inmobiliarias","potentialAction":[{"@type":"SearchAction","target":{"@type":"EntryPoint","urlTemplate":"https:\/\/www.rentila.es\/blog\/?s={search_term_string}"},"query-input":{"@type":"PropertyValueSpecification","valueRequired":true,"valueName":"search_term_string"}}],"inLanguage":"es"},{"@type":"Person","@id":"https:\/\/www.rentila.es\/blog\/#\/schema\/person\/0735e643ae469143cfe029568a0e6466","name":"Victoria Ferrando","image":{"@type":"ImageObject","inLanguage":"es","@id":"https:\/\/secure.gravatar.com\/avatar\/6bea5648856c2e0ce46d3edb303b49edcd633cf390d13984f0744ec934a9292f?s=96&d=mm&r=g","url":"https:\/\/secure.gravatar.com\/avatar\/6bea5648856c2e0ce46d3edb303b49edcd633cf390d13984f0744ec934a9292f?s=96&d=mm&r=g","contentUrl":"https:\/\/secure.gravatar.com\/avatar\/6bea5648856c2e0ce46d3edb303b49edcd633cf390d13984f0744ec934a9292f?s=96&d=mm&r=g","caption":"Victoria Ferrando"},"sameAs":["https:\/\/www.linkedin.com\/in\/victoria-ferrando\/"],"url":"https:\/\/www.rentila.es\/blog\/author\/victoria\/"}]}},"_links":{"self":[{"href":"https:\/\/www.rentila.es\/blog\/wp-json\/wp\/v2\/posts\/5671","targetHints":{"allow":["GET"]}}],"collection":[{"href":"https:\/\/www.rentila.es\/blog\/wp-json\/wp\/v2\/posts"}],"about":[{"href":"https:\/\/www.rentila.es\/blog\/wp-json\/wp\/v2\/types\/post"}],"author":[{"embeddable":true,"href":"https:\/\/www.rentila.es\/blog\/wp-json\/wp\/v2\/users\/5"}],"replies":[{"embeddable":true,"href":"https:\/\/www.rentila.es\/blog\/wp-json\/wp\/v2\/comments?post=5671"}],"version-history":[{"count":6,"href":"https:\/\/www.rentila.es\/blog\/wp-json\/wp\/v2\/posts\/5671\/revisions"}],"predecessor-version":[{"id":5691,"href":"https:\/\/www.rentila.es\/blog\/wp-json\/wp\/v2\/posts\/5671\/revisions\/5691"}],"wp:attachment":[{"href":"https:\/\/www.rentila.es\/blog\/wp-json\/wp\/v2\/media?parent=5671"}],"wp:term":[{"taxonomy":"category","embeddable":true,"href":"https:\/\/www.rentila.es\/blog\/wp-json\/wp\/v2\/categories?post=5671"},{"taxonomy":"post_tag","embeddable":true,"href":"https:\/\/www.rentila.es\/blog\/wp-json\/wp\/v2\/tags?post=5671"}],"curies":[{"name":"wp","href":"https:\/\/api.w.org\/{rel}","templated":true}]}}