{"id":3227,"date":"2023-10-25T11:51:54","date_gmt":"2023-10-25T09:51:54","guid":{"rendered":"https:\/\/www.rentila.es\/support\/?p=3227"},"modified":"2024-06-07T20:20:48","modified_gmt":"2024-06-07T18:20:48","slug":"finalizar-el-contrato-de-alquiler-y-registrar-una-salida","status":"publish","type":"post","link":"https:\/\/www.rentila.es\/support\/archives\/3227","title":{"rendered":"Salida del inquilino"},"content":{"rendered":"<h3>Finalizar el contrato de alquiler y registrar una salida<\/h3>\n<p>Para registrar la salida de un inquilino, accede a la secci\u00f3n \u00abContratos de alquiler\u00bb y haz clic en la opci\u00f3n \u00abFinalizar el contrato\u00bb a la derecha. Completa la informaci\u00f3n requerida, como la fecha de salida, el dep\u00f3sito de garant\u00eda a devolver, el \u00faltimo recibo de alquiler y la nueva direcci\u00f3n, luego haz clic en \u00abGuardar\u00bb.<\/p>\n<p>Una vez registrada la salida, el sistema desactivar\u00e1 el contrato de alquiler y dejar\u00e1 de generar las rentas. La fecha de finalizaci\u00f3n del contrato se modificar\u00e1 para que coincida con la fecha de salida. Luego puedes archivar el contrato de alquiler.<\/p>\n<p>Se generar\u00e1 una l\u00ednea para la devoluci\u00f3n del dep\u00f3sito de garant\u00eda (si los campos correspondientes se han completado).<\/p>\n<p>Si desactivas el contrato de alquiler tarde, ser\u00e1 necesario eliminar manualmente las rentas ya generadas en la secci\u00f3n \u00abFinanzas\u00bb.<\/p>\n<div class=\"alert\">\n<p><span class=\"lead\">\u00a1Atenci\u00f3n!<\/span><\/p>\n<p>Eliminar el contrato de alquiler provocar\u00e1 la eliminaci\u00f3n de todas las operaciones financieras asociadas.<\/p>\n<p>Es preferible no eliminar los contratos de alquiler, sino archivarlos.<\/p>\n<p>No olvides crear un nuevo contrato de alquiler para cada nuevo inquilino. No modifiques un contrato de alquiler existente.<\/p>\n<\/div>\n<h3>\u00daltima renta<\/h3>\n<p>Si la \u00faltima renta es parcial, debes crearla manualmente o completarla en el formulario \u00abFinalizar el contrato de alquiler\u00bb.<\/p>\n<p>Si la renta ya se ha registrado en la secci\u00f3n \u00abFinanzas\u00bb, tienes la opci\u00f3n de modificar la l\u00ednea correspondiente ajustando las fechas y los importes, y luego guardar los cambios. De lo contrario, puedes crear un nuevo ingreso.<\/p>\n<p>La f\u00f3rmula para calcular una renta parcial es: Renta mensual \/ N\u00famero de d\u00edas en el mes x N\u00famero de d\u00edas de ocupaci\u00f3n.<\/p>\n<h3>Reemplazar a un compa\u00f1ero de piso<\/h3>\n<p>Para reemplazar a un compa\u00f1ero de piso, accede a la secci\u00f3n \u00abContratos de alquiler\u00bb, haz clic en la opci\u00f3n \u00abModificar\u00bb, elimina al inquilino que se va, agrega al nuevo inquilino y haz clic en \u00abGuardar\u00bb.<\/p>\n<p>El nuevo inquilino aparecer\u00e1 en los futuros recibos de alquiler y facturas.<\/p>\n<h3>\u00daltimo recibo de alquiler<\/h3>\n<p>Puedes crear el \u00faltimo recibo de alquiler desde el formulario \u00abFinalizar el contrato de alquiler\u00bb.<\/p>\n<p>Tambi\u00e9n tienes la opci\u00f3n de crear o modificar manualmente el \u00faltimo recibo de alquiler desde la secci\u00f3n \u00abFinanzas\u00bb.<\/p>\n<ul>\n<li>Si la renta ya ha sido generada, simplemente modifica la fecha de vencimiento.<\/li>\n<li>Si la renta a\u00fan no ha sido generada, crea un ingreso correspondiente.<\/li>\n<\/ul>\n<h3>Para las cuentas gratuitas<\/h3>\n<p>Para no superar los l\u00edmites de una cuenta gratuita, puedes optar por eliminar el contrato de alquiler de forma permanente. Sin embargo, ten en cuenta que la eliminaci\u00f3n de un contrato de alquiler provocar\u00e1 la eliminaci\u00f3n de todo el historial financiero asociado.<\/p>\n<h3>Dep\u00f3sito<\/h3>\n<p>Al finalizar el alquiler, el inquilino solicita al arrendador (o a la agencia de alquiler) el dep\u00f3sito, que podr\u00e1 no ser devuelto en su totalidad en caso de que el inquilino deba alquileres anteriores o da\u00f1os en la propiedad o muebles. Esto no deber\u00eda aplicarse al \u00abdesgaste y desgaste razonable\u00bb.<\/p>\n<p>El dep\u00f3sito o fianza deber\u00e1 devolverse al inquilino en un plazo de 30 d\u00edas desde que se acuerde el importe, pero esto puede tardar m\u00e1s en caso de desacuerdo. Recuerde, normalmente existen servicios gratuitos de resoluci\u00f3n de disputas vinculados al sistema de protecci\u00f3n del dep\u00f3sito de arrendamiento si el dep\u00f3sito est\u00e1 protegido.<\/p>\n","protected":false},"excerpt":{"rendered":"<p>Finalizar el contrato de alquiler y registrar una salida Para registrar la salida de un inquilino, accede a la secci\u00f3n \u00abContratos de alquiler\u00bb y haz clic en la opci\u00f3n \u00abFinalizar el contrato\u00bb a la derecha. Completa la informaci\u00f3n requerida, como la fecha de salida, el dep\u00f3sito de garant\u00eda a devolver, el \u00faltimo recibo de alquiler<\/p>\n","protected":false},"author":1001007,"featured_media":0,"comment_status":"closed","ping_status":"closed","sticky":false,"template":"","format":"standard","meta":{"footnotes":""},"categories":[8,7],"tags":[24],"class_list":["post-3227","post","type-post","status-publish","format-standard","hentry","category-tenants","category-tenancies","tag-inquilinos"],"yoast_head":"<!-- This site is optimized with the Yoast SEO plugin v27.3 - https:\/\/yoast.com\/product\/yoast-seo-wordpress\/ -->\n<title>Salida del inquilino Centro de Apoyo - Rentila<\/title>\n<meta name=\"robots\" content=\"index, follow, max-snippet:-1, max-image-preview:large, max-video-preview:-1\" \/>\n<link rel=\"canonical\" href=\"https:\/\/www.rentila.es\/support\/archives\/3227\" \/>\n<meta property=\"og:locale\" content=\"es_ES\" \/>\n<meta property=\"og:type\" content=\"article\" \/>\n<meta property=\"og:title\" content=\"Salida del inquilino Centro de Apoyo - Rentila\" \/>\n<meta property=\"og:description\" content=\"Finalizar el contrato de alquiler y registrar una salida Para registrar la salida de un inquilino, accede a la secci\u00f3n \u00abContratos de alquiler\u00bb y haz clic en la opci\u00f3n \u00abFinalizar el contrato\u00bb a la derecha. Completa la informaci\u00f3n requerida, como la fecha de salida, el dep\u00f3sito de garant\u00eda a devolver, el \u00faltimo recibo de alquiler\" \/>\n<meta property=\"og:url\" content=\"https:\/\/www.rentila.es\/support\/archives\/3227\" \/>\n<meta property=\"og:site_name\" content=\"Centro de Apoyo - Rentila\" \/>\n<meta property=\"article:published_time\" content=\"2023-10-25T09:51:54+00:00\" \/>\n<meta property=\"article:modified_time\" content=\"2024-06-07T18:20:48+00:00\" \/>\n<meta name=\"author\" content=\"Aleksander\" \/>\n<meta name=\"twitter:card\" content=\"summary_large_image\" \/>\n<meta name=\"twitter:label1\" content=\"Escrito por\" \/>\n\t<meta name=\"twitter:data1\" content=\"Aleksander\" \/>\n\t<meta name=\"twitter:label2\" content=\"Tiempo de lectura\" \/>\n\t<meta name=\"twitter:data2\" content=\"3 minutos\" \/>\n<script type=\"application\/ld+json\" class=\"yoast-schema-graph\">{\"@context\":\"https:\\\/\\\/schema.org\",\"@graph\":[{\"@type\":\"Article\",\"@id\":\"https:\\\/\\\/www.rentila.es\\\/support\\\/archives\\\/3227#article\",\"isPartOf\":{\"@id\":\"https:\\\/\\\/www.rentila.es\\\/support\\\/archives\\\/3227\"},\"author\":{\"name\":\"Aleksander\",\"@id\":\"https:\\\/\\\/www.rentila.es\\\/support\\\/#\\\/schema\\\/person\\\/3c40c42e13536e2e3887b21485c40ee3\"},\"headline\":\"Salida del inquilino\",\"datePublished\":\"2023-10-25T09:51:54+00:00\",\"dateModified\":\"2024-06-07T18:20:48+00:00\",\"mainEntityOfPage\":{\"@id\":\"https:\\\/\\\/www.rentila.es\\\/support\\\/archives\\\/3227\"},\"wordCount\":578,\"keywords\":[\"Inquilinos\"],\"articleSection\":[\"Inquilinos\",\"Alquileres\"],\"inLanguage\":\"es\"},{\"@type\":\"WebPage\",\"@id\":\"https:\\\/\\\/www.rentila.es\\\/support\\\/archives\\\/3227\",\"url\":\"https:\\\/\\\/www.rentila.es\\\/support\\\/archives\\\/3227\",\"name\":\"Salida del inquilino Centro de Apoyo - Rentila\",\"isPartOf\":{\"@id\":\"https:\\\/\\\/www.rentila.es\\\/support\\\/#website\"},\"datePublished\":\"2023-10-25T09:51:54+00:00\",\"dateModified\":\"2024-06-07T18:20:48+00:00\",\"author\":{\"@id\":\"https:\\\/\\\/www.rentila.es\\\/support\\\/#\\\/schema\\\/person\\\/3c40c42e13536e2e3887b21485c40ee3\"},\"breadcrumb\":{\"@id\":\"https:\\\/\\\/www.rentila.es\\\/support\\\/archives\\\/3227#breadcrumb\"},\"inLanguage\":\"es\",\"potentialAction\":[{\"@type\":\"ReadAction\",\"target\":[\"https:\\\/\\\/www.rentila.es\\\/support\\\/archives\\\/3227\"]}]},{\"@type\":\"BreadcrumbList\",\"@id\":\"https:\\\/\\\/www.rentila.es\\\/support\\\/archives\\\/3227#breadcrumb\",\"itemListElement\":[{\"@type\":\"ListItem\",\"position\":1,\"name\":\"Accueil\",\"item\":\"https:\\\/\\\/www.rentila.es\\\/support\\\/\"},{\"@type\":\"ListItem\",\"position\":2,\"name\":\"Salida del inquilino\"}]},{\"@type\":\"WebSite\",\"@id\":\"https:\\\/\\\/www.rentila.es\\\/support\\\/#website\",\"url\":\"https:\\\/\\\/www.rentila.es\\\/support\\\/\",\"name\":\"Centro de Apoyo - Rentila\",\"description\":\"\",\"potentialAction\":[{\"@type\":\"SearchAction\",\"target\":{\"@type\":\"EntryPoint\",\"urlTemplate\":\"https:\\\/\\\/www.rentila.es\\\/support\\\/?s={search_term_string}\"},\"query-input\":{\"@type\":\"PropertyValueSpecification\",\"valueRequired\":true,\"valueName\":\"search_term_string\"}}],\"inLanguage\":\"es\"},{\"@type\":\"Person\",\"@id\":\"https:\\\/\\\/www.rentila.es\\\/support\\\/#\\\/schema\\\/person\\\/3c40c42e13536e2e3887b21485c40ee3\",\"name\":\"Aleksander\",\"image\":{\"@type\":\"ImageObject\",\"inLanguage\":\"es\",\"@id\":\"https:\\\/\\\/secure.gravatar.com\\\/avatar\\\/4bdb9535d4b647418f453d947c745cfc28719611a05446106ca9b33be02fe21a?s=96&d=mm&r=g\",\"url\":\"https:\\\/\\\/secure.gravatar.com\\\/avatar\\\/4bdb9535d4b647418f453d947c745cfc28719611a05446106ca9b33be02fe21a?s=96&d=mm&r=g\",\"contentUrl\":\"https:\\\/\\\/secure.gravatar.com\\\/avatar\\\/4bdb9535d4b647418f453d947c745cfc28719611a05446106ca9b33be02fe21a?s=96&d=mm&r=g\",\"caption\":\"Aleksander\"},\"url\":\"https:\\\/\\\/www.rentila.es\\\/support\\\/archives\\\/author\\\/alek\"}]}<\/script>\n<!-- \/ Yoast SEO plugin. -->","yoast_head_json":{"title":"Salida del inquilino Centro de Apoyo - Rentila","robots":{"index":"index","follow":"follow","max-snippet":"max-snippet:-1","max-image-preview":"max-image-preview:large","max-video-preview":"max-video-preview:-1"},"canonical":"https:\/\/www.rentila.es\/support\/archives\/3227","og_locale":"es_ES","og_type":"article","og_title":"Salida del inquilino Centro de Apoyo - Rentila","og_description":"Finalizar el contrato de alquiler y registrar una salida Para registrar la salida de un inquilino, accede a la secci\u00f3n \u00abContratos de alquiler\u00bb y haz clic en la opci\u00f3n \u00abFinalizar el contrato\u00bb a la derecha. Completa la informaci\u00f3n requerida, como la fecha de salida, el dep\u00f3sito de garant\u00eda a devolver, el \u00faltimo recibo de alquiler","og_url":"https:\/\/www.rentila.es\/support\/archives\/3227","og_site_name":"Centro de Apoyo - Rentila","article_published_time":"2023-10-25T09:51:54+00:00","article_modified_time":"2024-06-07T18:20:48+00:00","author":"Aleksander","twitter_card":"summary_large_image","twitter_misc":{"Escrito por":"Aleksander","Tiempo de lectura":"3 minutos"},"schema":{"@context":"https:\/\/schema.org","@graph":[{"@type":"Article","@id":"https:\/\/www.rentila.es\/support\/archives\/3227#article","isPartOf":{"@id":"https:\/\/www.rentila.es\/support\/archives\/3227"},"author":{"name":"Aleksander","@id":"https:\/\/www.rentila.es\/support\/#\/schema\/person\/3c40c42e13536e2e3887b21485c40ee3"},"headline":"Salida del inquilino","datePublished":"2023-10-25T09:51:54+00:00","dateModified":"2024-06-07T18:20:48+00:00","mainEntityOfPage":{"@id":"https:\/\/www.rentila.es\/support\/archives\/3227"},"wordCount":578,"keywords":["Inquilinos"],"articleSection":["Inquilinos","Alquileres"],"inLanguage":"es"},{"@type":"WebPage","@id":"https:\/\/www.rentila.es\/support\/archives\/3227","url":"https:\/\/www.rentila.es\/support\/archives\/3227","name":"Salida del inquilino Centro de Apoyo - Rentila","isPartOf":{"@id":"https:\/\/www.rentila.es\/support\/#website"},"datePublished":"2023-10-25T09:51:54+00:00","dateModified":"2024-06-07T18:20:48+00:00","author":{"@id":"https:\/\/www.rentila.es\/support\/#\/schema\/person\/3c40c42e13536e2e3887b21485c40ee3"},"breadcrumb":{"@id":"https:\/\/www.rentila.es\/support\/archives\/3227#breadcrumb"},"inLanguage":"es","potentialAction":[{"@type":"ReadAction","target":["https:\/\/www.rentila.es\/support\/archives\/3227"]}]},{"@type":"BreadcrumbList","@id":"https:\/\/www.rentila.es\/support\/archives\/3227#breadcrumb","itemListElement":[{"@type":"ListItem","position":1,"name":"Accueil","item":"https:\/\/www.rentila.es\/support\/"},{"@type":"ListItem","position":2,"name":"Salida del inquilino"}]},{"@type":"WebSite","@id":"https:\/\/www.rentila.es\/support\/#website","url":"https:\/\/www.rentila.es\/support\/","name":"Centro de Apoyo - Rentila","description":"","potentialAction":[{"@type":"SearchAction","target":{"@type":"EntryPoint","urlTemplate":"https:\/\/www.rentila.es\/support\/?s={search_term_string}"},"query-input":{"@type":"PropertyValueSpecification","valueRequired":true,"valueName":"search_term_string"}}],"inLanguage":"es"},{"@type":"Person","@id":"https:\/\/www.rentila.es\/support\/#\/schema\/person\/3c40c42e13536e2e3887b21485c40ee3","name":"Aleksander","image":{"@type":"ImageObject","inLanguage":"es","@id":"https:\/\/secure.gravatar.com\/avatar\/4bdb9535d4b647418f453d947c745cfc28719611a05446106ca9b33be02fe21a?s=96&d=mm&r=g","url":"https:\/\/secure.gravatar.com\/avatar\/4bdb9535d4b647418f453d947c745cfc28719611a05446106ca9b33be02fe21a?s=96&d=mm&r=g","contentUrl":"https:\/\/secure.gravatar.com\/avatar\/4bdb9535d4b647418f453d947c745cfc28719611a05446106ca9b33be02fe21a?s=96&d=mm&r=g","caption":"Aleksander"},"url":"https:\/\/www.rentila.es\/support\/archives\/author\/alek"}]}},"_links":{"self":[{"href":"https:\/\/www.rentila.es\/support\/wp-json\/wp\/v2\/posts\/3227","targetHints":{"allow":["GET"]}}],"collection":[{"href":"https:\/\/www.rentila.es\/support\/wp-json\/wp\/v2\/posts"}],"about":[{"href":"https:\/\/www.rentila.es\/support\/wp-json\/wp\/v2\/types\/post"}],"author":[{"embeddable":true,"href":"https:\/\/www.rentila.es\/support\/wp-json\/wp\/v2\/users\/1001007"}],"replies":[{"embeddable":true,"href":"https:\/\/www.rentila.es\/support\/wp-json\/wp\/v2\/comments?post=3227"}],"version-history":[{"count":6,"href":"https:\/\/www.rentila.es\/support\/wp-json\/wp\/v2\/posts\/3227\/revisions"}],"predecessor-version":[{"id":3495,"href":"https:\/\/www.rentila.es\/support\/wp-json\/wp\/v2\/posts\/3227\/revisions\/3495"}],"wp:attachment":[{"href":"https:\/\/www.rentila.es\/support\/wp-json\/wp\/v2\/media?parent=3227"}],"wp:term":[{"taxonomy":"category","embeddable":true,"href":"https:\/\/www.rentila.es\/support\/wp-json\/wp\/v2\/categories?post=3227"},{"taxonomy":"post_tag","embeddable":true,"href":"https:\/\/www.rentila.es\/support\/wp-json\/wp\/v2\/tags?post=3227"}],"curies":[{"name":"wp","href":"https:\/\/api.w.org\/{rel}","templated":true}]}}