{"id":396,"date":"2014-04-13T12:14:39","date_gmt":"2014-04-13T10:14:39","guid":{"rendered":"http:\/\/support.rentila.com\/?p=396"},"modified":"2024-06-04T17:09:38","modified_gmt":"2024-06-04T15:09:38","slug":"report-de-paiement","status":"publish","type":"post","link":"https:\/\/www.rentila.es\/support\/archives\/396","title":{"rendered":"Registrar un pago utilizando el balance del inquilino"},"content":{"rendered":"<h3>Diferencia manual<\/h3>\n<p>Una vez que se genera el alquiler en la secci\u00f3n Finanzas, puede registrar el pago. Para hacer esto, haga clic en la acci\u00f3n Registrar un pago.<\/p>\n<p>Cuando registra un pago, puede usar y diferir todo o parte del balance del inquilino.<\/p>\n<p>Esta opci\u00f3n est\u00e1 disponible solo cuando la cuenta del inquilino tiene un saldo positivo o negativo (alquiler no pagado o pagado en exceso).<\/p>\n\n\n<div class=\"htmlexample\" style=\"width:350px;\">\n<div class=\"controls\">\n<p><span class=\"red\">63\u20ac<\/span> hasta 23\/11\/2020<\/p>\n                <label class=\"radio cb-rb\"><input type=\"radio\" name=\"radio\" checked=\"checked\" value=\"0\"> <span>Sin aplazamiento<\/span><\/label>\n                <label class=\"radio cb-rb\"><input type=\"radio\" name=\"radio\" value=\"1\"> <span>Aplazar el saldo al pr\u00f3ximo alquiler<\/span> <\/label>\n<label class=\"radio cb-rb\"><input type=\"radio\" name=\"radio\" value=\"2\"> <span>Aplazar el saldo a este alquiler<\/span> <\/label>\n                \n            <\/div>\n<\/div>\n\n\n<p>Puede diferir y usar el saldo disponible (total o parcial) para el pago actual o el pr\u00f3ximo pago.<\/p>\n<ul>\n<li>El monto de <b> Balance Negativo <\/b> se agrega al Alquiler.<\/li>\n<li>El monto de <b> Balance Positivo <\/b> se elimina del Alquiler.<\/li>\n<\/ul>\n<p>El software disminuye o aumenta la cantidad de renta.<\/p>\n<h3>Diferimiento autom\u00e1tico<\/h3>\n<p>Puede activar el diferimiento del balance autom\u00e1tico en el formulario de Alquiler. La secci\u00f3n se encuentra en la pesta\u00f1a Informaci\u00f3n adicional.<\/p>\n\n\n<div class=\"htmlexample\" style=\"width:100%;\">\n<div class=\"controls\">\n                <label class=\"radio cb-rb\"><input type=\"radio\" name=\"LeaseSoldeReport\" checked=\"checked\" value=\"0\"> <span>Manual<\/span><\/label>\n                <label class=\"radio cb-rb\"><input type=\"radio\" name=\"LeaseSoldeReport\" value=\"1\"> <span>Autom\u00e1tico<\/span> <\/label>\n                <span class=\"help-block\">En caso de diferimiento autom\u00e1tico, por cada nuevo pago de alquiler generado en Finanzas, el sistema modificar\u00e1 la fecha de vencimiento. Esta cantidad se incrementar\u00e1 \/ disminuir\u00e1 usando la cantidad transferida.\n                <\/span>\n            <\/div>\n<\/div>\n\n\n<p>Para cada nuevo pago de alquiler generado en la secci\u00f3n Finanzas, <b> el sistema cambiar\u00e1 el monto <\/b>. El <b> monto de alquiler aumentar\u00e1 o disminuir\u00e1 <\/b> seg\u00fan el balance de inquilino disponible.<\/p>\n<div class=\"alert alert-info\"><span class=\"lead\"> Ejemplo <\/span><p><\/p>\n<p>El alquiler no pagado o atrasado de enero de 500 \u20ac se agregar\u00e1 autom\u00e1ticamente a la renta de febrero. El monto del alquiler de febrero se modificar\u00e1 y ser\u00e1 de 1000 \u20ac (500 \u20ac de febrero + 500 \u20ac diferido de enero). Si no registra un pago tambi\u00e9n para febrero, los 1000 \u20ac se diferir\u00e1n a marzo y as\u00ed sucesivamente &#8230;<\/p>\n<\/div>\n<div class=\"alert\"><span class=\"lead\"> \u00a1Importante! <\/span><p><\/p>\n<p>Es muy importante monitorear regularmente su contabilidad, registrar los pagos del inquilino cada mes y corregir el balance del inquilino si es necesario.<\/p>\n<\/div>","protected":false},"excerpt":{"rendered":"<p>Diferencia manual Una vez que se genera el alquiler en la secci\u00f3n Finanzas, puede registrar el pago. Para hacer esto, haga clic en la acci\u00f3n Registrar un pago. Cuando registra un pago, puede usar y diferir todo o parte del balance del inquilino. Esta opci\u00f3n est\u00e1 disponible solo cuando la cuenta del inquilino tiene un<\/p>\n","protected":false},"author":1,"featured_media":0,"comment_status":"closed","ping_status":"closed","sticky":false,"template":"","format":"standard","meta":{"footnotes":""},"categories":[9],"tags":[162],"class_list":["post-396","post","type-post","status-publish","format-standard","hentry","category-finance","tag-balance-inquilino"],"yoast_head":"<!-- This site is optimized with the Yoast SEO plugin v27.3 - https:\/\/yoast.com\/product\/yoast-seo-wordpress\/ -->\n<title>Registrar un pago utilizando el balance del inquilino Centro de Apoyo - Rentila<\/title>\n<meta name=\"robots\" content=\"index, follow, max-snippet:-1, max-image-preview:large, max-video-preview:-1\" \/>\n<link rel=\"canonical\" href=\"https:\/\/www.rentila.es\/support\/archives\/396\" \/>\n<meta property=\"og:locale\" content=\"es_ES\" \/>\n<meta property=\"og:type\" content=\"article\" \/>\n<meta property=\"og:title\" content=\"Registrar un pago utilizando el balance del inquilino Centro de Apoyo - Rentila\" \/>\n<meta property=\"og:description\" content=\"Diferencia manual Una vez que se genera el alquiler en la secci\u00f3n Finanzas, puede registrar el pago. Para hacer esto, haga clic en la acci\u00f3n Registrar un pago. Cuando registra un pago, puede usar y diferir todo o parte del balance del inquilino. Esta opci\u00f3n est\u00e1 disponible solo cuando la cuenta del inquilino tiene un\" \/>\n<meta property=\"og:url\" content=\"https:\/\/www.rentila.es\/support\/archives\/396\" \/>\n<meta property=\"og:site_name\" content=\"Centro de Apoyo - Rentila\" \/>\n<meta property=\"article:published_time\" content=\"2014-04-13T10:14:39+00:00\" \/>\n<meta property=\"article:modified_time\" content=\"2024-06-04T15:09:38+00:00\" \/>\n<meta name=\"author\" content=\"admin\" \/>\n<meta name=\"twitter:card\" content=\"summary_large_image\" \/>\n<meta name=\"twitter:label1\" content=\"Escrito por\" \/>\n\t<meta name=\"twitter:data1\" content=\"admin\" \/>\n\t<meta name=\"twitter:label2\" content=\"Tiempo de lectura\" \/>\n\t<meta name=\"twitter:data2\" content=\"2 minutos\" \/>\n<script type=\"application\/ld+json\" class=\"yoast-schema-graph\">{\"@context\":\"https:\\\/\\\/schema.org\",\"@graph\":[{\"@type\":\"Article\",\"@id\":\"https:\\\/\\\/www.rentila.es\\\/support\\\/archives\\\/396#article\",\"isPartOf\":{\"@id\":\"https:\\\/\\\/www.rentila.es\\\/support\\\/archives\\\/396\"},\"author\":{\"name\":\"admin\",\"@id\":\"https:\\\/\\\/www.rentila.es\\\/support\\\/#\\\/schema\\\/person\\\/93c91de0563e856d4f360178efd045e1\"},\"headline\":\"Registrar un pago utilizando el balance del inquilino\",\"datePublished\":\"2014-04-13T10:14:39+00:00\",\"dateModified\":\"2024-06-04T15:09:38+00:00\",\"mainEntityOfPage\":{\"@id\":\"https:\\\/\\\/www.rentila.es\\\/support\\\/archives\\\/396\"},\"wordCount\":309,\"keywords\":[\"Balance inquilino\"],\"articleSection\":[\"Finanzas\"],\"inLanguage\":\"es\"},{\"@type\":\"WebPage\",\"@id\":\"https:\\\/\\\/www.rentila.es\\\/support\\\/archives\\\/396\",\"url\":\"https:\\\/\\\/www.rentila.es\\\/support\\\/archives\\\/396\",\"name\":\"Registrar un pago utilizando el balance del inquilino Centro de Apoyo - Rentila\",\"isPartOf\":{\"@id\":\"https:\\\/\\\/www.rentila.es\\\/support\\\/#website\"},\"datePublished\":\"2014-04-13T10:14:39+00:00\",\"dateModified\":\"2024-06-04T15:09:38+00:00\",\"author\":{\"@id\":\"https:\\\/\\\/www.rentila.es\\\/support\\\/#\\\/schema\\\/person\\\/93c91de0563e856d4f360178efd045e1\"},\"breadcrumb\":{\"@id\":\"https:\\\/\\\/www.rentila.es\\\/support\\\/archives\\\/396#breadcrumb\"},\"inLanguage\":\"es\",\"potentialAction\":[{\"@type\":\"ReadAction\",\"target\":[\"https:\\\/\\\/www.rentila.es\\\/support\\\/archives\\\/396\"]}]},{\"@type\":\"BreadcrumbList\",\"@id\":\"https:\\\/\\\/www.rentila.es\\\/support\\\/archives\\\/396#breadcrumb\",\"itemListElement\":[{\"@type\":\"ListItem\",\"position\":1,\"name\":\"Accueil\",\"item\":\"https:\\\/\\\/www.rentila.es\\\/support\\\/\"},{\"@type\":\"ListItem\",\"position\":2,\"name\":\"Registrar un pago utilizando el balance del inquilino\"}]},{\"@type\":\"WebSite\",\"@id\":\"https:\\\/\\\/www.rentila.es\\\/support\\\/#website\",\"url\":\"https:\\\/\\\/www.rentila.es\\\/support\\\/\",\"name\":\"Centro de Apoyo - Rentila\",\"description\":\"\",\"potentialAction\":[{\"@type\":\"SearchAction\",\"target\":{\"@type\":\"EntryPoint\",\"urlTemplate\":\"https:\\\/\\\/www.rentila.es\\\/support\\\/?s={search_term_string}\"},\"query-input\":{\"@type\":\"PropertyValueSpecification\",\"valueRequired\":true,\"valueName\":\"search_term_string\"}}],\"inLanguage\":\"es\"},{\"@type\":\"Person\",\"@id\":\"https:\\\/\\\/www.rentila.es\\\/support\\\/#\\\/schema\\\/person\\\/93c91de0563e856d4f360178efd045e1\",\"name\":\"admin\",\"image\":{\"@type\":\"ImageObject\",\"inLanguage\":\"es\",\"@id\":\"https:\\\/\\\/secure.gravatar.com\\\/avatar\\\/20e4a7d3e81bf2b540f56b8c153cb632e62dc95802d33694aa38846415dc20d1?s=96&d=mm&r=g\",\"url\":\"https:\\\/\\\/secure.gravatar.com\\\/avatar\\\/20e4a7d3e81bf2b540f56b8c153cb632e62dc95802d33694aa38846415dc20d1?s=96&d=mm&r=g\",\"contentUrl\":\"https:\\\/\\\/secure.gravatar.com\\\/avatar\\\/20e4a7d3e81bf2b540f56b8c153cb632e62dc95802d33694aa38846415dc20d1?s=96&d=mm&r=g\",\"caption\":\"admin\"},\"url\":\"https:\\\/\\\/www.rentila.es\\\/support\\\/archives\\\/author\\\/admin\"}]}<\/script>\n<!-- \/ Yoast SEO plugin. -->","yoast_head_json":{"title":"Registrar un pago utilizando el balance del inquilino Centro de Apoyo - Rentila","robots":{"index":"index","follow":"follow","max-snippet":"max-snippet:-1","max-image-preview":"max-image-preview:large","max-video-preview":"max-video-preview:-1"},"canonical":"https:\/\/www.rentila.es\/support\/archives\/396","og_locale":"es_ES","og_type":"article","og_title":"Registrar un pago utilizando el balance del inquilino Centro de Apoyo - Rentila","og_description":"Diferencia manual Una vez que se genera el alquiler en la secci\u00f3n Finanzas, puede registrar el pago. Para hacer esto, haga clic en la acci\u00f3n Registrar un pago. Cuando registra un pago, puede usar y diferir todo o parte del balance del inquilino. Esta opci\u00f3n est\u00e1 disponible solo cuando la cuenta del inquilino tiene un","og_url":"https:\/\/www.rentila.es\/support\/archives\/396","og_site_name":"Centro de Apoyo - Rentila","article_published_time":"2014-04-13T10:14:39+00:00","article_modified_time":"2024-06-04T15:09:38+00:00","author":"admin","twitter_card":"summary_large_image","twitter_misc":{"Escrito por":"admin","Tiempo de lectura":"2 minutos"},"schema":{"@context":"https:\/\/schema.org","@graph":[{"@type":"Article","@id":"https:\/\/www.rentila.es\/support\/archives\/396#article","isPartOf":{"@id":"https:\/\/www.rentila.es\/support\/archives\/396"},"author":{"name":"admin","@id":"https:\/\/www.rentila.es\/support\/#\/schema\/person\/93c91de0563e856d4f360178efd045e1"},"headline":"Registrar un pago utilizando el balance del inquilino","datePublished":"2014-04-13T10:14:39+00:00","dateModified":"2024-06-04T15:09:38+00:00","mainEntityOfPage":{"@id":"https:\/\/www.rentila.es\/support\/archives\/396"},"wordCount":309,"keywords":["Balance inquilino"],"articleSection":["Finanzas"],"inLanguage":"es"},{"@type":"WebPage","@id":"https:\/\/www.rentila.es\/support\/archives\/396","url":"https:\/\/www.rentila.es\/support\/archives\/396","name":"Registrar un pago utilizando el balance del inquilino Centro de Apoyo - Rentila","isPartOf":{"@id":"https:\/\/www.rentila.es\/support\/#website"},"datePublished":"2014-04-13T10:14:39+00:00","dateModified":"2024-06-04T15:09:38+00:00","author":{"@id":"https:\/\/www.rentila.es\/support\/#\/schema\/person\/93c91de0563e856d4f360178efd045e1"},"breadcrumb":{"@id":"https:\/\/www.rentila.es\/support\/archives\/396#breadcrumb"},"inLanguage":"es","potentialAction":[{"@type":"ReadAction","target":["https:\/\/www.rentila.es\/support\/archives\/396"]}]},{"@type":"BreadcrumbList","@id":"https:\/\/www.rentila.es\/support\/archives\/396#breadcrumb","itemListElement":[{"@type":"ListItem","position":1,"name":"Accueil","item":"https:\/\/www.rentila.es\/support\/"},{"@type":"ListItem","position":2,"name":"Registrar un pago utilizando el balance del inquilino"}]},{"@type":"WebSite","@id":"https:\/\/www.rentila.es\/support\/#website","url":"https:\/\/www.rentila.es\/support\/","name":"Centro de Apoyo - Rentila","description":"","potentialAction":[{"@type":"SearchAction","target":{"@type":"EntryPoint","urlTemplate":"https:\/\/www.rentila.es\/support\/?s={search_term_string}"},"query-input":{"@type":"PropertyValueSpecification","valueRequired":true,"valueName":"search_term_string"}}],"inLanguage":"es"},{"@type":"Person","@id":"https:\/\/www.rentila.es\/support\/#\/schema\/person\/93c91de0563e856d4f360178efd045e1","name":"admin","image":{"@type":"ImageObject","inLanguage":"es","@id":"https:\/\/secure.gravatar.com\/avatar\/20e4a7d3e81bf2b540f56b8c153cb632e62dc95802d33694aa38846415dc20d1?s=96&d=mm&r=g","url":"https:\/\/secure.gravatar.com\/avatar\/20e4a7d3e81bf2b540f56b8c153cb632e62dc95802d33694aa38846415dc20d1?s=96&d=mm&r=g","contentUrl":"https:\/\/secure.gravatar.com\/avatar\/20e4a7d3e81bf2b540f56b8c153cb632e62dc95802d33694aa38846415dc20d1?s=96&d=mm&r=g","caption":"admin"},"url":"https:\/\/www.rentila.es\/support\/archives\/author\/admin"}]}},"_links":{"self":[{"href":"https:\/\/www.rentila.es\/support\/wp-json\/wp\/v2\/posts\/396","targetHints":{"allow":["GET"]}}],"collection":[{"href":"https:\/\/www.rentila.es\/support\/wp-json\/wp\/v2\/posts"}],"about":[{"href":"https:\/\/www.rentila.es\/support\/wp-json\/wp\/v2\/types\/post"}],"author":[{"embeddable":true,"href":"https:\/\/www.rentila.es\/support\/wp-json\/wp\/v2\/users\/1"}],"replies":[{"embeddable":true,"href":"https:\/\/www.rentila.es\/support\/wp-json\/wp\/v2\/comments?post=396"}],"version-history":[{"count":23,"href":"https:\/\/www.rentila.es\/support\/wp-json\/wp\/v2\/posts\/396\/revisions"}],"predecessor-version":[{"id":3347,"href":"https:\/\/www.rentila.es\/support\/wp-json\/wp\/v2\/posts\/396\/revisions\/3347"}],"wp:attachment":[{"href":"https:\/\/www.rentila.es\/support\/wp-json\/wp\/v2\/media?parent=396"}],"wp:term":[{"taxonomy":"category","embeddable":true,"href":"https:\/\/www.rentila.es\/support\/wp-json\/wp\/v2\/categories?post=396"},{"taxonomy":"post_tag","embeddable":true,"href":"https:\/\/www.rentila.es\/support\/wp-json\/wp\/v2\/tags?post=396"}],"curies":[{"name":"wp","href":"https:\/\/api.w.org\/{rel}","templated":true}]}}