{"id":415,"date":"2014-08-09T17:34:53","date_gmt":"2014-08-09T15:34:53","guid":{"rendered":"http:\/\/support.rentila.com\/?p=415"},"modified":"2024-06-07T20:22:05","modified_gmt":"2024-06-07T18:22:05","slug":"invoice-for-a-holiday-rental","status":"publish","type":"post","link":"https:\/\/www.rentila.es\/support\/archives\/415","title":{"rendered":"Factura para un alquiler vacacional"},"content":{"rendered":"<p>Las reservas generan autom\u00e1ticamente una factura en la secci\u00f3n \u00abFinanzas\u00bb.<\/p>\n<p>Esta factura incluye los detalles y montos ingresados en el formulario de reserva, como la descripci\u00f3n, las referencias, los montos y los dep\u00f3sitos.<\/p>\n<p>Tienes la opci\u00f3n de enviar la factura por correo electr\u00f3nico a los inquilinos a trav\u00e9s de la interfaz del sitio o de descargar la versi\u00f3n en PDF para enviarla desde tu propio correo electr\u00f3nico.<\/p>\n<div class=\"alert alert info\">\n<p><span class=\"lead\">Informaci\u00f3n importante<\/span><\/p>\n<p>Recomendamos a los propietarios que practican el alquiler de temporada que emitan facturas para sus inquilinos. Esto permite que el inquilino obtenga todos los detalles relacionados con el pago de su alquiler, al mismo tiempo que mejora su imagen de seriedad y profesionalismo.<\/p>\n<\/div>\n","protected":false},"excerpt":{"rendered":"<p>Las reservas generan autom\u00e1ticamente una factura en la secci\u00f3n \u00abFinanzas\u00bb. Esta factura incluye los detalles y montos ingresados en el formulario de reserva, como la descripci\u00f3n, las referencias, los montos y los dep\u00f3sitos. Tienes la opci\u00f3n de enviar la factura por correo electr\u00f3nico a los inquilinos a trav\u00e9s de la interfaz del sitio o de<\/p>\n","protected":false},"author":1,"featured_media":0,"comment_status":"closed","ping_status":"closed","sticky":false,"template":"","format":"standard","meta":{"footnotes":""},"categories":[31],"tags":[259,113,271,126,243],"class_list":["post-415","post","type-post","status-publish","format-standard","hentry","category-bookings","tag-alquiler-a-corto-plazo","tag-airbnb","tag-booking","tag-factura","tag-vacaciones"],"yoast_head":"<!-- This site is optimized with the Yoast SEO plugin v27.3 - https:\/\/yoast.com\/product\/yoast-seo-wordpress\/ -->\n<title>Factura para un alquiler vacacional Centro de Apoyo - Rentila<\/title>\n<meta name=\"robots\" content=\"index, follow, max-snippet:-1, max-image-preview:large, max-video-preview:-1\" \/>\n<link rel=\"canonical\" href=\"https:\/\/www.rentila.es\/support\/archives\/415\" \/>\n<meta property=\"og:locale\" content=\"es_ES\" \/>\n<meta property=\"og:type\" content=\"article\" \/>\n<meta property=\"og:title\" content=\"Factura para un alquiler vacacional Centro de Apoyo - Rentila\" \/>\n<meta property=\"og:description\" content=\"Las reservas generan autom\u00e1ticamente una factura en la secci\u00f3n \u00abFinanzas\u00bb. Esta factura incluye los detalles y montos ingresados en el formulario de reserva, como la descripci\u00f3n, las referencias, los montos y los dep\u00f3sitos. Tienes la opci\u00f3n de enviar la factura por correo electr\u00f3nico a los inquilinos a trav\u00e9s de la interfaz del sitio o de\" \/>\n<meta property=\"og:url\" content=\"https:\/\/www.rentila.es\/support\/archives\/415\" \/>\n<meta property=\"og:site_name\" content=\"Centro de Apoyo - Rentila\" \/>\n<meta property=\"article:published_time\" content=\"2014-08-09T15:34:53+00:00\" \/>\n<meta property=\"article:modified_time\" content=\"2024-06-07T18:22:05+00:00\" \/>\n<meta name=\"author\" content=\"admin\" \/>\n<meta name=\"twitter:card\" content=\"summary_large_image\" \/>\n<meta name=\"twitter:label1\" content=\"Escrito por\" \/>\n\t<meta name=\"twitter:data1\" content=\"admin\" \/>\n\t<meta name=\"twitter:label2\" content=\"Tiempo de lectura\" \/>\n\t<meta name=\"twitter:data2\" content=\"1 minuto\" \/>\n<script type=\"application\/ld+json\" class=\"yoast-schema-graph\">{\"@context\":\"https:\\\/\\\/schema.org\",\"@graph\":[{\"@type\":\"Article\",\"@id\":\"https:\\\/\\\/www.rentila.es\\\/support\\\/archives\\\/415#article\",\"isPartOf\":{\"@id\":\"https:\\\/\\\/www.rentila.es\\\/support\\\/archives\\\/415\"},\"author\":{\"name\":\"admin\",\"@id\":\"https:\\\/\\\/www.rentila.es\\\/support\\\/#\\\/schema\\\/person\\\/93c91de0563e856d4f360178efd045e1\"},\"headline\":\"Factura para un alquiler vacacional\",\"datePublished\":\"2014-08-09T15:34:53+00:00\",\"dateModified\":\"2024-06-07T18:22:05+00:00\",\"mainEntityOfPage\":{\"@id\":\"https:\\\/\\\/www.rentila.es\\\/support\\\/archives\\\/415\"},\"wordCount\":127,\"keywords\":[\"\u00a0Alquiler a corto plazo\",\"Airbnb\",\"Booking\",\"Factura\",\"vacaciones\"],\"articleSection\":[\"Reservas\"],\"inLanguage\":\"es\"},{\"@type\":\"WebPage\",\"@id\":\"https:\\\/\\\/www.rentila.es\\\/support\\\/archives\\\/415\",\"url\":\"https:\\\/\\\/www.rentila.es\\\/support\\\/archives\\\/415\",\"name\":\"Factura para un alquiler vacacional Centro de Apoyo - Rentila\",\"isPartOf\":{\"@id\":\"https:\\\/\\\/www.rentila.es\\\/support\\\/#website\"},\"datePublished\":\"2014-08-09T15:34:53+00:00\",\"dateModified\":\"2024-06-07T18:22:05+00:00\",\"author\":{\"@id\":\"https:\\\/\\\/www.rentila.es\\\/support\\\/#\\\/schema\\\/person\\\/93c91de0563e856d4f360178efd045e1\"},\"breadcrumb\":{\"@id\":\"https:\\\/\\\/www.rentila.es\\\/support\\\/archives\\\/415#breadcrumb\"},\"inLanguage\":\"es\",\"potentialAction\":[{\"@type\":\"ReadAction\",\"target\":[\"https:\\\/\\\/www.rentila.es\\\/support\\\/archives\\\/415\"]}]},{\"@type\":\"BreadcrumbList\",\"@id\":\"https:\\\/\\\/www.rentila.es\\\/support\\\/archives\\\/415#breadcrumb\",\"itemListElement\":[{\"@type\":\"ListItem\",\"position\":1,\"name\":\"Accueil\",\"item\":\"https:\\\/\\\/www.rentila.es\\\/support\\\/\"},{\"@type\":\"ListItem\",\"position\":2,\"name\":\"Factura para un alquiler vacacional\"}]},{\"@type\":\"WebSite\",\"@id\":\"https:\\\/\\\/www.rentila.es\\\/support\\\/#website\",\"url\":\"https:\\\/\\\/www.rentila.es\\\/support\\\/\",\"name\":\"Centro de Apoyo - Rentila\",\"description\":\"\",\"potentialAction\":[{\"@type\":\"SearchAction\",\"target\":{\"@type\":\"EntryPoint\",\"urlTemplate\":\"https:\\\/\\\/www.rentila.es\\\/support\\\/?s={search_term_string}\"},\"query-input\":{\"@type\":\"PropertyValueSpecification\",\"valueRequired\":true,\"valueName\":\"search_term_string\"}}],\"inLanguage\":\"es\"},{\"@type\":\"Person\",\"@id\":\"https:\\\/\\\/www.rentila.es\\\/support\\\/#\\\/schema\\\/person\\\/93c91de0563e856d4f360178efd045e1\",\"name\":\"admin\",\"image\":{\"@type\":\"ImageObject\",\"inLanguage\":\"es\",\"@id\":\"https:\\\/\\\/secure.gravatar.com\\\/avatar\\\/20e4a7d3e81bf2b540f56b8c153cb632e62dc95802d33694aa38846415dc20d1?s=96&d=mm&r=g\",\"url\":\"https:\\\/\\\/secure.gravatar.com\\\/avatar\\\/20e4a7d3e81bf2b540f56b8c153cb632e62dc95802d33694aa38846415dc20d1?s=96&d=mm&r=g\",\"contentUrl\":\"https:\\\/\\\/secure.gravatar.com\\\/avatar\\\/20e4a7d3e81bf2b540f56b8c153cb632e62dc95802d33694aa38846415dc20d1?s=96&d=mm&r=g\",\"caption\":\"admin\"},\"url\":\"https:\\\/\\\/www.rentila.es\\\/support\\\/archives\\\/author\\\/admin\"}]}<\/script>\n<!-- \/ Yoast SEO plugin. -->","yoast_head_json":{"title":"Factura para un alquiler vacacional Centro de Apoyo - Rentila","robots":{"index":"index","follow":"follow","max-snippet":"max-snippet:-1","max-image-preview":"max-image-preview:large","max-video-preview":"max-video-preview:-1"},"canonical":"https:\/\/www.rentila.es\/support\/archives\/415","og_locale":"es_ES","og_type":"article","og_title":"Factura para un alquiler vacacional Centro de Apoyo - Rentila","og_description":"Las reservas generan autom\u00e1ticamente una factura en la secci\u00f3n \u00abFinanzas\u00bb. Esta factura incluye los detalles y montos ingresados en el formulario de reserva, como la descripci\u00f3n, las referencias, los montos y los dep\u00f3sitos. Tienes la opci\u00f3n de enviar la factura por correo electr\u00f3nico a los inquilinos a trav\u00e9s de la interfaz del sitio o de","og_url":"https:\/\/www.rentila.es\/support\/archives\/415","og_site_name":"Centro de Apoyo - Rentila","article_published_time":"2014-08-09T15:34:53+00:00","article_modified_time":"2024-06-07T18:22:05+00:00","author":"admin","twitter_card":"summary_large_image","twitter_misc":{"Escrito por":"admin","Tiempo de lectura":"1 minuto"},"schema":{"@context":"https:\/\/schema.org","@graph":[{"@type":"Article","@id":"https:\/\/www.rentila.es\/support\/archives\/415#article","isPartOf":{"@id":"https:\/\/www.rentila.es\/support\/archives\/415"},"author":{"name":"admin","@id":"https:\/\/www.rentila.es\/support\/#\/schema\/person\/93c91de0563e856d4f360178efd045e1"},"headline":"Factura para un alquiler vacacional","datePublished":"2014-08-09T15:34:53+00:00","dateModified":"2024-06-07T18:22:05+00:00","mainEntityOfPage":{"@id":"https:\/\/www.rentila.es\/support\/archives\/415"},"wordCount":127,"keywords":["\u00a0Alquiler a corto plazo","Airbnb","Booking","Factura","vacaciones"],"articleSection":["Reservas"],"inLanguage":"es"},{"@type":"WebPage","@id":"https:\/\/www.rentila.es\/support\/archives\/415","url":"https:\/\/www.rentila.es\/support\/archives\/415","name":"Factura para un alquiler vacacional Centro de Apoyo - Rentila","isPartOf":{"@id":"https:\/\/www.rentila.es\/support\/#website"},"datePublished":"2014-08-09T15:34:53+00:00","dateModified":"2024-06-07T18:22:05+00:00","author":{"@id":"https:\/\/www.rentila.es\/support\/#\/schema\/person\/93c91de0563e856d4f360178efd045e1"},"breadcrumb":{"@id":"https:\/\/www.rentila.es\/support\/archives\/415#breadcrumb"},"inLanguage":"es","potentialAction":[{"@type":"ReadAction","target":["https:\/\/www.rentila.es\/support\/archives\/415"]}]},{"@type":"BreadcrumbList","@id":"https:\/\/www.rentila.es\/support\/archives\/415#breadcrumb","itemListElement":[{"@type":"ListItem","position":1,"name":"Accueil","item":"https:\/\/www.rentila.es\/support\/"},{"@type":"ListItem","position":2,"name":"Factura para un alquiler vacacional"}]},{"@type":"WebSite","@id":"https:\/\/www.rentila.es\/support\/#website","url":"https:\/\/www.rentila.es\/support\/","name":"Centro de Apoyo - Rentila","description":"","potentialAction":[{"@type":"SearchAction","target":{"@type":"EntryPoint","urlTemplate":"https:\/\/www.rentila.es\/support\/?s={search_term_string}"},"query-input":{"@type":"PropertyValueSpecification","valueRequired":true,"valueName":"search_term_string"}}],"inLanguage":"es"},{"@type":"Person","@id":"https:\/\/www.rentila.es\/support\/#\/schema\/person\/93c91de0563e856d4f360178efd045e1","name":"admin","image":{"@type":"ImageObject","inLanguage":"es","@id":"https:\/\/secure.gravatar.com\/avatar\/20e4a7d3e81bf2b540f56b8c153cb632e62dc95802d33694aa38846415dc20d1?s=96&d=mm&r=g","url":"https:\/\/secure.gravatar.com\/avatar\/20e4a7d3e81bf2b540f56b8c153cb632e62dc95802d33694aa38846415dc20d1?s=96&d=mm&r=g","contentUrl":"https:\/\/secure.gravatar.com\/avatar\/20e4a7d3e81bf2b540f56b8c153cb632e62dc95802d33694aa38846415dc20d1?s=96&d=mm&r=g","caption":"admin"},"url":"https:\/\/www.rentila.es\/support\/archives\/author\/admin"}]}},"_links":{"self":[{"href":"https:\/\/www.rentila.es\/support\/wp-json\/wp\/v2\/posts\/415","targetHints":{"allow":["GET"]}}],"collection":[{"href":"https:\/\/www.rentila.es\/support\/wp-json\/wp\/v2\/posts"}],"about":[{"href":"https:\/\/www.rentila.es\/support\/wp-json\/wp\/v2\/types\/post"}],"author":[{"embeddable":true,"href":"https:\/\/www.rentila.es\/support\/wp-json\/wp\/v2\/users\/1"}],"replies":[{"embeddable":true,"href":"https:\/\/www.rentila.es\/support\/wp-json\/wp\/v2\/comments?post=415"}],"version-history":[{"count":12,"href":"https:\/\/www.rentila.es\/support\/wp-json\/wp\/v2\/posts\/415\/revisions"}],"predecessor-version":[{"id":3307,"href":"https:\/\/www.rentila.es\/support\/wp-json\/wp\/v2\/posts\/415\/revisions\/3307"}],"wp:attachment":[{"href":"https:\/\/www.rentila.es\/support\/wp-json\/wp\/v2\/media?parent=415"}],"wp:term":[{"taxonomy":"category","embeddable":true,"href":"https:\/\/www.rentila.es\/support\/wp-json\/wp\/v2\/categories?post=415"},{"taxonomy":"post_tag","embeddable":true,"href":"https:\/\/www.rentila.es\/support\/wp-json\/wp\/v2\/tags?post=415"}],"curies":[{"name":"wp","href":"https:\/\/api.w.org\/{rel}","templated":true}]}}