{"id":43,"date":"2014-05-08T17:24:12","date_gmt":"2014-05-08T15:24:12","guid":{"rendered":"http:\/\/support.rentila.com\/?p=43"},"modified":"2024-06-07T19:52:36","modified_gmt":"2024-06-07T17:52:36","slug":"locations","status":"publish","type":"post","link":"https:\/\/www.rentila.es\/support\/archives\/43","title":{"rendered":"Alquileres"},"content":{"rendered":"<p>En esta secci\u00f3n, puedes administrar tus contratos de alquiler.<\/p>\n<p>Puedes realizar las siguientes operaciones:<\/p>\n<ul>\n<li><strong>Crear<\/strong> un alquiler,<\/li>\n<li><strong>Modificar<\/strong> un alquiler,<\/li>\n<li><strong>Duplicar<\/strong> un alquiler,<\/li>\n<li><strong>Terminar<\/strong> un alquiler,<\/li>\n<li><strong>Desactivar<\/strong> un alquiler,<\/li>\n<li><strong>Archivar<\/strong> un alquiler,<\/li>\n<li><strong>Regularizar los gastos<\/strong> de alquiler,<\/li>\n<li><strong>Revisar el alquiler<\/strong>,<\/li>\n<li><strong>Regenerar<\/strong> los pagos,<\/li>\n<li>Ver las <strong>finanzas,<\/strong><\/li>\n<li><strong>Descargar<\/strong> un <strong>modelo de contrato<\/strong> prellenado,<\/li>\n<li><strong>Eliminar<\/strong> un alquiler.<\/li>\n<\/ul>\n<p>Tienes la opci\u00f3n de filtrar los registros utilizando varios criterios (propietario, propiedad, tipo de contrato de alquiler).<\/p>\n<p>Puedes exportar tus registros mediante la acci\u00f3n \u00abExportar\u00bb que se encuentra en la parte inferior de la tabla.<\/p>\n<h3>Modelo de contrato de alquiler<\/h3>\n<p>Cuando creas un nuevo contrato de alquiler en Rentila, el software genera autom\u00e1ticamente un modelo de contrato prellenado.<\/p>\n<p>Puedes previsualizar este modelo en el formulario de creaci\u00f3n y edici\u00f3n del alquiler.<\/p>\n<p>Adem\u00e1s, tienes la opci\u00f3n de descargarlo en formato Word, PDF o OpenOffice desde la secci\u00f3n \u00abAlquileres\u00bb accediendo a la columna \u00abModelos\u00bb en la parte derecha.<\/p>\n<p>El arrendador y el inquilino pueden firmar este contrato de alquiler de dos maneras:<\/p>\n<ul>\n<li>Realizar una <strong>firma digital<\/strong> en su espacio Rentila;<\/li>\n<li>Imprimirlo y <strong>firma en papel<\/strong>.<\/li>\n<\/ul>\n","protected":false},"excerpt":{"rendered":"<p>En esta secci\u00f3n, puedes administrar tus contratos de alquiler. Puedes realizar las siguientes operaciones: Crear un alquiler, Modificar un alquiler, Duplicar un alquiler, Terminar un alquiler, Desactivar un alquiler, Archivar un alquiler, Regularizar los gastos de alquiler, Revisar el alquiler, Regenerar los pagos, Ver las finanzas, Descargar un modelo de contrato prellenado, Eliminar un alquiler.<\/p>\n","protected":false},"author":1,"featured_media":0,"comment_status":"closed","ping_status":"closed","sticky":false,"template":"","format":"standard","meta":{"footnotes":""},"categories":[7],"tags":[227,25,229,233,231],"class_list":["post-43","post","type-post","status-publish","format-standard","hentry","category-tenancies","tag-activar","tag-alquiler","tag-archivar","tag-desactivar","tag-eliminar"],"yoast_head":"<!-- This site is optimized with the Yoast SEO plugin v27.3 - https:\/\/yoast.com\/product\/yoast-seo-wordpress\/ -->\n<title>Alquileres Centro de Apoyo - Rentila<\/title>\n<meta name=\"robots\" content=\"index, follow, max-snippet:-1, max-image-preview:large, max-video-preview:-1\" \/>\n<link rel=\"canonical\" href=\"https:\/\/www.rentila.es\/support\/archives\/43\" \/>\n<meta property=\"og:locale\" content=\"es_ES\" \/>\n<meta property=\"og:type\" content=\"article\" \/>\n<meta property=\"og:title\" content=\"Alquileres Centro de Apoyo - Rentila\" \/>\n<meta property=\"og:description\" content=\"En esta secci\u00f3n, puedes administrar tus contratos de alquiler. Puedes realizar las siguientes operaciones: Crear un alquiler, Modificar un alquiler, Duplicar un alquiler, Terminar un alquiler, Desactivar un alquiler, Archivar un alquiler, Regularizar los gastos de alquiler, Revisar el alquiler, Regenerar los pagos, Ver las finanzas, Descargar un modelo de contrato prellenado, Eliminar un alquiler.\" \/>\n<meta property=\"og:url\" content=\"https:\/\/www.rentila.es\/support\/archives\/43\" \/>\n<meta property=\"og:site_name\" content=\"Centro de Apoyo - Rentila\" \/>\n<meta property=\"article:published_time\" content=\"2014-05-08T15:24:12+00:00\" \/>\n<meta property=\"article:modified_time\" content=\"2024-06-07T17:52:36+00:00\" \/>\n<meta name=\"author\" content=\"admin\" \/>\n<meta name=\"twitter:card\" content=\"summary_large_image\" \/>\n<meta name=\"twitter:label1\" content=\"Escrito por\" \/>\n\t<meta name=\"twitter:data1\" content=\"admin\" \/>\n\t<meta name=\"twitter:label2\" content=\"Tiempo de lectura\" \/>\n\t<meta name=\"twitter:data2\" content=\"1 minuto\" \/>\n<script type=\"application\/ld+json\" class=\"yoast-schema-graph\">{\"@context\":\"https:\\\/\\\/schema.org\",\"@graph\":[{\"@type\":\"Article\",\"@id\":\"https:\\\/\\\/www.rentila.es\\\/support\\\/archives\\\/43#article\",\"isPartOf\":{\"@id\":\"https:\\\/\\\/www.rentila.es\\\/support\\\/archives\\\/43\"},\"author\":{\"name\":\"admin\",\"@id\":\"https:\\\/\\\/www.rentila.es\\\/support\\\/#\\\/schema\\\/person\\\/93c91de0563e856d4f360178efd045e1\"},\"headline\":\"Alquileres\",\"datePublished\":\"2014-05-08T15:24:12+00:00\",\"dateModified\":\"2024-06-07T17:52:36+00:00\",\"mainEntityOfPage\":{\"@id\":\"https:\\\/\\\/www.rentila.es\\\/support\\\/archives\\\/43\"},\"wordCount\":188,\"keywords\":[\"activar\",\"Alquiler\",\"archivar\",\"desactivar\",\"eliminar\"],\"articleSection\":[\"Alquileres\"],\"inLanguage\":\"es\"},{\"@type\":\"WebPage\",\"@id\":\"https:\\\/\\\/www.rentila.es\\\/support\\\/archives\\\/43\",\"url\":\"https:\\\/\\\/www.rentila.es\\\/support\\\/archives\\\/43\",\"name\":\"Alquileres Centro de Apoyo - Rentila\",\"isPartOf\":{\"@id\":\"https:\\\/\\\/www.rentila.es\\\/support\\\/#website\"},\"datePublished\":\"2014-05-08T15:24:12+00:00\",\"dateModified\":\"2024-06-07T17:52:36+00:00\",\"author\":{\"@id\":\"https:\\\/\\\/www.rentila.es\\\/support\\\/#\\\/schema\\\/person\\\/93c91de0563e856d4f360178efd045e1\"},\"breadcrumb\":{\"@id\":\"https:\\\/\\\/www.rentila.es\\\/support\\\/archives\\\/43#breadcrumb\"},\"inLanguage\":\"es\",\"potentialAction\":[{\"@type\":\"ReadAction\",\"target\":[\"https:\\\/\\\/www.rentila.es\\\/support\\\/archives\\\/43\"]}]},{\"@type\":\"BreadcrumbList\",\"@id\":\"https:\\\/\\\/www.rentila.es\\\/support\\\/archives\\\/43#breadcrumb\",\"itemListElement\":[{\"@type\":\"ListItem\",\"position\":1,\"name\":\"Accueil\",\"item\":\"https:\\\/\\\/www.rentila.es\\\/support\\\/\"},{\"@type\":\"ListItem\",\"position\":2,\"name\":\"Alquileres\"}]},{\"@type\":\"WebSite\",\"@id\":\"https:\\\/\\\/www.rentila.es\\\/support\\\/#website\",\"url\":\"https:\\\/\\\/www.rentila.es\\\/support\\\/\",\"name\":\"Centro de Apoyo - Rentila\",\"description\":\"\",\"potentialAction\":[{\"@type\":\"SearchAction\",\"target\":{\"@type\":\"EntryPoint\",\"urlTemplate\":\"https:\\\/\\\/www.rentila.es\\\/support\\\/?s={search_term_string}\"},\"query-input\":{\"@type\":\"PropertyValueSpecification\",\"valueRequired\":true,\"valueName\":\"search_term_string\"}}],\"inLanguage\":\"es\"},{\"@type\":\"Person\",\"@id\":\"https:\\\/\\\/www.rentila.es\\\/support\\\/#\\\/schema\\\/person\\\/93c91de0563e856d4f360178efd045e1\",\"name\":\"admin\",\"image\":{\"@type\":\"ImageObject\",\"inLanguage\":\"es\",\"@id\":\"https:\\\/\\\/secure.gravatar.com\\\/avatar\\\/20e4a7d3e81bf2b540f56b8c153cb632e62dc95802d33694aa38846415dc20d1?s=96&d=mm&r=g\",\"url\":\"https:\\\/\\\/secure.gravatar.com\\\/avatar\\\/20e4a7d3e81bf2b540f56b8c153cb632e62dc95802d33694aa38846415dc20d1?s=96&d=mm&r=g\",\"contentUrl\":\"https:\\\/\\\/secure.gravatar.com\\\/avatar\\\/20e4a7d3e81bf2b540f56b8c153cb632e62dc95802d33694aa38846415dc20d1?s=96&d=mm&r=g\",\"caption\":\"admin\"},\"url\":\"https:\\\/\\\/www.rentila.es\\\/support\\\/archives\\\/author\\\/admin\"}]}<\/script>\n<!-- \/ Yoast SEO plugin. -->","yoast_head_json":{"title":"Alquileres Centro de Apoyo - Rentila","robots":{"index":"index","follow":"follow","max-snippet":"max-snippet:-1","max-image-preview":"max-image-preview:large","max-video-preview":"max-video-preview:-1"},"canonical":"https:\/\/www.rentila.es\/support\/archives\/43","og_locale":"es_ES","og_type":"article","og_title":"Alquileres Centro de Apoyo - Rentila","og_description":"En esta secci\u00f3n, puedes administrar tus contratos de alquiler. Puedes realizar las siguientes operaciones: Crear un alquiler, Modificar un alquiler, Duplicar un alquiler, Terminar un alquiler, Desactivar un alquiler, Archivar un alquiler, Regularizar los gastos de alquiler, Revisar el alquiler, Regenerar los pagos, Ver las finanzas, Descargar un modelo de contrato prellenado, Eliminar un alquiler.","og_url":"https:\/\/www.rentila.es\/support\/archives\/43","og_site_name":"Centro de Apoyo - Rentila","article_published_time":"2014-05-08T15:24:12+00:00","article_modified_time":"2024-06-07T17:52:36+00:00","author":"admin","twitter_card":"summary_large_image","twitter_misc":{"Escrito por":"admin","Tiempo de lectura":"1 minuto"},"schema":{"@context":"https:\/\/schema.org","@graph":[{"@type":"Article","@id":"https:\/\/www.rentila.es\/support\/archives\/43#article","isPartOf":{"@id":"https:\/\/www.rentila.es\/support\/archives\/43"},"author":{"name":"admin","@id":"https:\/\/www.rentila.es\/support\/#\/schema\/person\/93c91de0563e856d4f360178efd045e1"},"headline":"Alquileres","datePublished":"2014-05-08T15:24:12+00:00","dateModified":"2024-06-07T17:52:36+00:00","mainEntityOfPage":{"@id":"https:\/\/www.rentila.es\/support\/archives\/43"},"wordCount":188,"keywords":["activar","Alquiler","archivar","desactivar","eliminar"],"articleSection":["Alquileres"],"inLanguage":"es"},{"@type":"WebPage","@id":"https:\/\/www.rentila.es\/support\/archives\/43","url":"https:\/\/www.rentila.es\/support\/archives\/43","name":"Alquileres Centro de Apoyo - Rentila","isPartOf":{"@id":"https:\/\/www.rentila.es\/support\/#website"},"datePublished":"2014-05-08T15:24:12+00:00","dateModified":"2024-06-07T17:52:36+00:00","author":{"@id":"https:\/\/www.rentila.es\/support\/#\/schema\/person\/93c91de0563e856d4f360178efd045e1"},"breadcrumb":{"@id":"https:\/\/www.rentila.es\/support\/archives\/43#breadcrumb"},"inLanguage":"es","potentialAction":[{"@type":"ReadAction","target":["https:\/\/www.rentila.es\/support\/archives\/43"]}]},{"@type":"BreadcrumbList","@id":"https:\/\/www.rentila.es\/support\/archives\/43#breadcrumb","itemListElement":[{"@type":"ListItem","position":1,"name":"Accueil","item":"https:\/\/www.rentila.es\/support\/"},{"@type":"ListItem","position":2,"name":"Alquileres"}]},{"@type":"WebSite","@id":"https:\/\/www.rentila.es\/support\/#website","url":"https:\/\/www.rentila.es\/support\/","name":"Centro de Apoyo - Rentila","description":"","potentialAction":[{"@type":"SearchAction","target":{"@type":"EntryPoint","urlTemplate":"https:\/\/www.rentila.es\/support\/?s={search_term_string}"},"query-input":{"@type":"PropertyValueSpecification","valueRequired":true,"valueName":"search_term_string"}}],"inLanguage":"es"},{"@type":"Person","@id":"https:\/\/www.rentila.es\/support\/#\/schema\/person\/93c91de0563e856d4f360178efd045e1","name":"admin","image":{"@type":"ImageObject","inLanguage":"es","@id":"https:\/\/secure.gravatar.com\/avatar\/20e4a7d3e81bf2b540f56b8c153cb632e62dc95802d33694aa38846415dc20d1?s=96&d=mm&r=g","url":"https:\/\/secure.gravatar.com\/avatar\/20e4a7d3e81bf2b540f56b8c153cb632e62dc95802d33694aa38846415dc20d1?s=96&d=mm&r=g","contentUrl":"https:\/\/secure.gravatar.com\/avatar\/20e4a7d3e81bf2b540f56b8c153cb632e62dc95802d33694aa38846415dc20d1?s=96&d=mm&r=g","caption":"admin"},"url":"https:\/\/www.rentila.es\/support\/archives\/author\/admin"}]}},"_links":{"self":[{"href":"https:\/\/www.rentila.es\/support\/wp-json\/wp\/v2\/posts\/43","targetHints":{"allow":["GET"]}}],"collection":[{"href":"https:\/\/www.rentila.es\/support\/wp-json\/wp\/v2\/posts"}],"about":[{"href":"https:\/\/www.rentila.es\/support\/wp-json\/wp\/v2\/types\/post"}],"author":[{"embeddable":true,"href":"https:\/\/www.rentila.es\/support\/wp-json\/wp\/v2\/users\/1"}],"replies":[{"embeddable":true,"href":"https:\/\/www.rentila.es\/support\/wp-json\/wp\/v2\/comments?post=43"}],"version-history":[{"count":13,"href":"https:\/\/www.rentila.es\/support\/wp-json\/wp\/v2\/posts\/43\/revisions"}],"predecessor-version":[{"id":3289,"href":"https:\/\/www.rentila.es\/support\/wp-json\/wp\/v2\/posts\/43\/revisions\/3289"}],"wp:attachment":[{"href":"https:\/\/www.rentila.es\/support\/wp-json\/wp\/v2\/media?parent=43"}],"wp:term":[{"taxonomy":"category","embeddable":true,"href":"https:\/\/www.rentila.es\/support\/wp-json\/wp\/v2\/categories?post=43"},{"taxonomy":"post_tag","embeddable":true,"href":"https:\/\/www.rentila.es\/support\/wp-json\/wp\/v2\/tags?post=43"}],"curies":[{"name":"wp","href":"https:\/\/api.w.org\/{rel}","templated":true}]}}