{"id":64,"date":"2014-08-08T20:30:21","date_gmt":"2014-08-08T18:30:21","guid":{"rendered":"http:\/\/support.rentila.com\/?p=64"},"modified":"2024-06-07T20:19:33","modified_gmt":"2024-06-07T18:19:33","slug":"rents-invoice-and-payment-notices","status":"publish","type":"post","link":"https:\/\/www.rentila.es\/support\/archives\/64","title":{"rendered":"Rentas, Facturas y Avisos de pago"},"content":{"rendered":"<h3>Generaci\u00f3n de Alquileres<\/h3>\n<p>Para cada contrato de arrendamiento, los alquileres y los avisos de vencimiento se generan autom\u00e1ticamente el primer d\u00eda del mes de forma predeterminada, a menos que se indique lo contrario. Tienes la posibilidad de definir la fecha en la que deseas generar el aviso y el alquiler, agregando un per\u00edodo de d\u00edas antes de la fecha de quita.<\/p>\n<p><strong>Fecha de quita<\/strong><\/p>\n<p>La fecha de quita (predeterminada el 1) establece el per\u00edodo de arrendamiento, y esta configuraci\u00f3n se realiza en la ficha de la ubicaci\u00f3n. Por ejemplo, si eliges el 1 del mes, el per\u00edodo en el recibo de alquiler ser\u00e1 desde el 1 hasta el \u00faltimo d\u00eda del mes en curso. Si eliges el 15 del mes, el per\u00edodo ser\u00e1 del 15 al 14 del mes siguiente.<\/p>\n<p><strong>Fecha de generaci\u00f3n del alquiler<\/strong><\/p>\n<p>La fecha de generaci\u00f3n del alquiler determina cu\u00e1ndo aparecer\u00e1 la l\u00ednea correspondiente en la secci\u00f3n de Finanzas. Por ejemplo, si eliges \u00abD-6\u00bb, el alquiler se generar\u00e1 6 d\u00edas antes de la fecha de quita. Esta configuraci\u00f3n tambi\u00e9n se realiza en la ficha de la ubicaci\u00f3n.<\/p>\n<p><strong>Fecha de pago<\/strong><\/p>\n<p>La fecha de pago en la ficha de la ubicaci\u00f3n indica la fecha en que el inquilino debe realizar el pago del alquiler (predeterminada el 1 del mes). Esta fecha se utiliza para determinar si un alquiler est\u00e1 atrasado. El sistema marcar\u00e1 un alquiler como \u00abAtrasado\u00bb 7 d\u00edas despu\u00e9s de la fecha de pago. Por ejemplo, si la fecha de pago del alquiler es el 6, se marcar\u00e1 como \u00abAtrasado\u00bb despu\u00e9s del 13.<\/p>\n<p><strong>T\u00edtulo del documento: Aviso, Recibo, Recibo de Alquiler<\/strong><\/p>\n<p>Una vez que el alquiler se marca como \u00abPagado\u00bb, el documento se convierte en un \u00abRecibo de Alquiler\u00bb.<\/p>\n<p>En caso de pago parcial, el documento ser\u00e1 un \u00abRecibo de Pago\u00bb. Este documento puede convertirse en una \u00abQuittance\u00bb si el propietario registra un pago que cubre el monto total del alquiler o si el saldo del inquilino es nulo o positivo.<\/p>\n<p>Cada alquiler puede asociarse a uno de los siguientes estados:<\/p>\n<ul>\n<li><strong>Pagado<\/strong>: El inquilino ha pagado completamente el alquiler.<\/li>\n<li><strong>En espera<\/strong>: El inquilino a\u00fan no ha pagado el alquiler, pero la fecha de vencimiento a\u00fan no ha pasado.<\/li>\n<li><strong>Atrasado<\/strong>: El inquilino no ha pagado el alquiler y la fecha de vencimiento ha pasado.<\/li>\n<li><strong>Parcial<\/strong>: Solo se ha pagado una parte del alquiler.<\/li>\n<li><strong>Impago<\/strong>: El alquiler no se ha pagado y es poco probable que se pague en el futuro.<\/li>\n<\/ul>\n<div class=\"alert alert-info\">\n    <span class=\"lead\">Crear un alquiler manualmente<\/span><\/p>\n<p>Puedes crear un alquiler manualmente en la secci\u00f3n de Finanzas. Para hacerlo, agrega un ingreso y selecciona el tipo \u00abAlquiler\u00bb, o duplica un alquiler existente.<\/p>\n<\/div>\n<h3>Quittance anticipado y atrasado<\/h3>\n<p>Los alquileres y los avisos de vencimiento se generan anticipadamente de forma predeterminada, es decir, al comienzo del per\u00edodo. T\u00fa decides cu\u00e1ndo registrar el pago y generar la quittance.<\/p>\n<p>Al crear el arrendamiento, tambi\u00e9n puedes elegir generar los alquileres de forma atrasada, es decir, al final del per\u00edodo.<\/p>\n<p>Tambi\u00e9n puedes configurar la fecha de generaci\u00f3n del alquiler al momento de crear la ubicaci\u00f3n en D+X, donde X es el n\u00famero de d\u00edas. Por ejemplo, para una fecha de quita el 1, que genera un alquiler del 1 al 31, el par\u00e1metro &#8216;D+20&#8217; desencadenar\u00e1 la generaci\u00f3n 20 d\u00edas despu\u00e9s del inicio del per\u00edodo, es decir, alrededor del 21.<\/p>\n<h3>Factura o recibo y numeraci\u00f3n<\/h3>\n<p>Al crear la ubicaci\u00f3n, en la pesta\u00f1a \u00abQuittance\u00bb, puedes elegir entre la etiqueta \u00abQuittance\u00bb o \u00abFactura\u00bb para el recibo de pago.<\/p>\n<p>Puedes activar una numeraci\u00f3n para las facturas. Esta numeraci\u00f3n puede ser:<\/p>\n<ul>\n<li>Distinta, \u00fanica para cada contrato de alquiler.<\/li>\n<li>Global para el propietario.<\/li>\n<\/ul>\n<p>Tambi\u00e9n puedes definir un prefijo (por ejemplo, \u00abFA23-\u00ab) y se agregar\u00e1 un contador autom\u00e1tico despu\u00e9s de este prefijo.<\/p>\n<p>Si modificas el prefijo en la ubicaci\u00f3n, el contador se reiniciar\u00e1 y comenzar\u00e1 desde 1. Esta funci\u00f3n es \u00fatil cuando cambias el prefijo cada a\u00f1o, por ejemplo, \u00abFA2023-\u00ab, \u00abFA2024-\u00ab.<\/p>\n<div class=\"alert alert-info\">\n    <span class=\"lead\">Informaci\u00f3n adicional<\/span><\/p>\n<p>Para alquileres comerciales con IVA, la opci\u00f3n \u00abFactura\u00bb est\u00e1 habilitada por defecto.<\/p>\n<p>Las facturas se numeran autom\u00e1ticamente, pero si deseas comenzar con un n\u00famero espec\u00edfico, encuentra el \u00faltimo pago generado en la secci\u00f3n de Finanzas y registra ese n\u00famero en el campo correspondiente. El pr\u00f3ximo alquiler se generar\u00e1 con un n\u00famero incrementado.<\/p>\n<\/div>\n<h3>Primer recibo para un alquiler parcial, prorrateado<\/h3>\n<p>Si tu contrato de arrendamiento comienza en una fecha que no es el 1 del mes, puedes configurar un primer alquiler parcial, que no cubre un mes completo.<\/p>\n<p>Tienes varias opciones:<\/p>\n<ul>\n<li>Puedes especificarlo al crear la ubicaci\u00f3n completando los campos correspondientes. El alquiler parcial se crear\u00e1 al crear el contrato de alquiler.<\/li>\n<li>Si un alquiler ya se ha generado en la secci\u00f3n de \u00abFinanzas\u00bb, puedes modificarlo ajustando las fechas y los montos.<\/li>\n<li>Otra opci\u00f3n es agregar manualmente un ingreso de tipo \u00abAlquiler\u00bb en la secci\u00f3n de \u00abFinanzas\u00bb.<\/li>\n<\/ul>\n<p>La f\u00f3rmula para calcular un alquiler parcial es: Alquiler mensual \/ N\u00famero de d\u00edas en el mes x N\u00famero de d\u00edas de ocupaci\u00f3n.<\/p>\n<h3>Direcci\u00f3n alternativa en la quittance<\/h3>\n<p>El inquilino toma la direcci\u00f3n de la propiedad arrendada por defecto, pero puede suceder que la direcci\u00f3n en la quittance no coincida con la de la propiedad arrendada.<\/p>\n<p>Para indicar una direcci\u00f3n alternativa, sigue estos pasos: ve a la secci\u00f3n \u00abUbicaciones\u00bb, edita la ubicaci\u00f3n en cuesti\u00f3n, ve a la pesta\u00f1a \u00abQuittances\u00bb y selecciona \u00abDirecci\u00f3n de quittancement\u00bb. Marca la casilla y ingresa la direcci\u00f3n de correspondencia del inquilino en el campo correspondiente.<\/p>\n<h3>Agregar un monto adicional a un alquiler<\/h3>\n<p>Puedes agregar montos adicionales a un alquiler. Estas l\u00edneas pueden ser de dos tipos: \u00abAlquiler\u00bb o \u00abCargos\u00bb, como limpieza, estacionamiento, impuestos y otros pagos excepcionales.<\/p>\n<p>Para hacerlo, simplemente proporciona la informaci\u00f3n en la secci\u00f3n \u00abOtros cargos\u00bb. Puedes agregarlos a un alquiler que ya se ha generado en la secci\u00f3n \u00abFinanzas\u00bb o al crear una ubicaci\u00f3n. Si los agregas a una ubicaci\u00f3n, estos pagos aparecer\u00e1n en el contrato de alquiler y en todas las quittances y avisos de vencimiento asociados.<\/p>\n<h3>Registrar un pago<\/h3>\n<p>Una vez que el alquiler se ha generado en la secci\u00f3n \u00abFinanzas\u00bb, tienes la opci\u00f3n de registrar uno o varios pagos, ya sean del inquilino, de subsidios o asignaciones recibidas directamente. Para hacerlo, utiliza la opci\u00f3n \u00abRegistrar un pago\u00bb disponible en el men\u00fa de acciones a la derecha.<\/p>\n<p>Para cada pago registrado, puedes ingresar la siguiente informaci\u00f3n:<\/p>\n<ul>\n<li>El <strong>monto,<\/strong><\/li>\n<li>El <strong>pagador,<\/strong><\/li>\n<li>El <strong>m\u00e9todo de pago,<\/strong><\/li>\n<li>La <strong>fecha de recepci\u00f3n.<\/strong><\/li>\n<\/ul>\n<div class=\"alert alert-info\">\n    <span class=\"lead\">Pago parcial o excedente<\/span><\/p>\n<p>Cuando los montos pagados superan el costo total del alquiler, el inquilino tendr\u00e1 un saldo positivo, un excedente. Si el pago es insuficiente, el saldo ser\u00e1 negativo. Al registrar el pago, tienes la opci\u00f3n de aplicar un excedente o un saldo negativo del inquilino al alquiler actual o al pr\u00f3ximo llamado de alquiler.<\/p>\n<p>La opci\u00f3n \u00abAplicar un pago\u00bb solo est\u00e1 disponible cuando el saldo del inquilino muestra un saldo, ya sea positivo o negativo.<\/p>\n<\/div>\n<h3>Env\u00edo de la Quittance y el Aviso de vencimiento<\/h3>\n<h4>Inquilinos invitados y conectados a Rentila<\/h4>\n<p>Los inquilinos invitados con acceso a Rentila reciben autom\u00e1ticamente una notificaci\u00f3n por correo electr\u00f3nico (esta opci\u00f3n se puede activar o desactivar en la ficha de la ubicaci\u00f3n) tan pronto como se genere su alquiler en la secci\u00f3n \u00abFinanzas\u00bb. El correo electr\u00f3nico contiene un enlace directo para descargar el documento, el aviso de vencimiento o la quittance.<\/p>\n<p>Una vez que el pago se marca como \u00abPagado\u00bb en la secci\u00f3n \u00abFinanzas\u00bb, puedes enviar manualmente la Quittance utilizando la acci\u00f3n \u00abEnviar la Quittance\u00bb a la derecha. El sistema enviar\u00e1 el correo electr\u00f3nico de notificaci\u00f3n con el enlace de descarga directa del documento.<\/p>\n<h4>Inquilinos no conectados o sin direcci\u00f3n de correo electr\u00f3nico<\/h4>\n<p>Para los inquilinos que no tienen una direcci\u00f3n de correo electr\u00f3nico o que no desean aceptar la invitaci\u00f3n, puedes:<\/p>\n<ul>\n<li>Descargar el documento (aviso de vencimiento o quittance) en formato PDF y enviarlo por correo electr\u00f3nico a trav\u00e9s de tu servicio de correo electr\u00f3nico.<\/li>\n<li>Descargar el documento (aviso de vencimiento o quittance) en formato PDF y enviarlo por correo postal.<\/li>\n<\/ul>\n<h3>Personalizaci\u00f3n de la quittance y el aviso de vencimiento<\/h3>\n<p>Puedes personalizar el logotipo y agregar una firma desde la secci\u00f3n \u00abMi cuenta\u00bb en \u00abMi perfil\u00bb. Si tienes varios propietarios en la secci\u00f3n \u00abMultipropietarios\u00bb, puedes personalizar el logotipo y la firma en la ficha de cada perfil.<\/p>\n<div class=\"alert alert-info\">\n    <span class=\"lead\">Informaci\u00f3n adicional<\/span><\/p>\n<p>Una vez que el inquilino ha pagado el alquiler y los cargos en su totalidad, el propietario arrendador est\u00e1 obligado a proporcionarle de forma gratuita una quittance de alquiler si este lo solicita. Este documento le permitir\u00e1 demostrar que paga regularmente su alquiler, lo que podr\u00eda necesitar para solicitar asistencia de vivienda.<\/p>\n<p>La quittance debe incluir la siguiente informaci\u00f3n:<\/p>\n<ul>\n<li>Detalles de la propiedad en cuesti\u00f3n.<\/li>\n<li>Detalles del inquilino.<\/li>\n<li>Detalles del propietario o administrador de la vivienda.<\/li>\n<li>El per\u00edodo cubierto por los pagos (generalmente la misma frecuencia que el pago del alquiler).<\/li>\n<li>El monto y los detalles de los servicios pagados (alquiler, cargos, subsidios y asignaciones recibidas directamente, etc.).<\/li>\n<\/ul>\n<\/div>\n","protected":false},"excerpt":{"rendered":"<p>Generaci\u00f3n de Alquileres Para cada contrato de arrendamiento, los alquileres y los avisos de vencimiento se generan autom\u00e1ticamente el primer d\u00eda del mes de forma predeterminada, a menos que se indique lo contrario. Tienes la posibilidad de definir la fecha en la que deseas generar el aviso y el alquiler, agregando un per\u00edodo de d\u00edas<\/p>\n","protected":false},"author":1,"featured_media":0,"comment_status":"closed","ping_status":"closed","sticky":false,"template":"","format":"standard","meta":{"footnotes":""},"categories":[7,9],"tags":[267,269,126,139,265],"class_list":["post-64","post","type-post","status-publish","format-standard","hentry","category-tenancies","category-finance","tag-aviso","tag-recibo","tag-factura","tag-pagos","tag-personalizar"],"yoast_head":"<!-- This site is optimized with the Yoast SEO plugin v27.3 - https:\/\/yoast.com\/product\/yoast-seo-wordpress\/ -->\n<title>Rentas, Facturas y Avisos de pago Centro de Apoyo - Rentila<\/title>\n<meta name=\"robots\" content=\"index, follow, max-snippet:-1, max-image-preview:large, max-video-preview:-1\" \/>\n<link rel=\"canonical\" href=\"https:\/\/www.rentila.es\/support\/archives\/64\" \/>\n<meta property=\"og:locale\" content=\"es_ES\" \/>\n<meta property=\"og:type\" content=\"article\" \/>\n<meta property=\"og:title\" content=\"Rentas, Facturas y Avisos de pago Centro de Apoyo - Rentila\" \/>\n<meta property=\"og:description\" content=\"Generaci\u00f3n de Alquileres Para cada contrato de arrendamiento, los alquileres y los avisos de vencimiento se generan autom\u00e1ticamente el primer d\u00eda del mes de forma predeterminada, a menos que se indique lo contrario. Tienes la posibilidad de definir la fecha en la que deseas generar el aviso y el alquiler, agregando un per\u00edodo de d\u00edas\" \/>\n<meta property=\"og:url\" content=\"https:\/\/www.rentila.es\/support\/archives\/64\" \/>\n<meta property=\"og:site_name\" content=\"Centro de Apoyo - Rentila\" \/>\n<meta property=\"article:published_time\" content=\"2014-08-08T18:30:21+00:00\" \/>\n<meta property=\"article:modified_time\" content=\"2024-06-07T18:19:33+00:00\" \/>\n<meta name=\"author\" content=\"admin\" \/>\n<meta name=\"twitter:card\" content=\"summary_large_image\" \/>\n<meta name=\"twitter:label1\" content=\"Escrito por\" \/>\n\t<meta name=\"twitter:data1\" content=\"admin\" \/>\n\t<meta name=\"twitter:label2\" content=\"Tiempo de lectura\" \/>\n\t<meta name=\"twitter:data2\" content=\"2 minutos\" \/>\n<script type=\"application\/ld+json\" class=\"yoast-schema-graph\">{\"@context\":\"https:\\\/\\\/schema.org\",\"@graph\":[{\"@type\":\"Article\",\"@id\":\"https:\\\/\\\/www.rentila.es\\\/support\\\/archives\\\/64#article\",\"isPartOf\":{\"@id\":\"https:\\\/\\\/www.rentila.es\\\/support\\\/archives\\\/64\"},\"author\":{\"name\":\"admin\",\"@id\":\"https:\\\/\\\/www.rentila.es\\\/support\\\/#\\\/schema\\\/person\\\/93c91de0563e856d4f360178efd045e1\"},\"headline\":\"Rentas, Facturas y Avisos de pago\",\"datePublished\":\"2014-08-08T18:30:21+00:00\",\"dateModified\":\"2024-06-07T18:19:33+00:00\",\"mainEntityOfPage\":{\"@id\":\"https:\\\/\\\/www.rentila.es\\\/support\\\/archives\\\/64\"},\"wordCount\":1576,\"keywords\":[\"\u00a0Aviso\",\"\u00a0Recibo\",\"Factura\",\"Pagos\",\"Personalizar\"],\"articleSection\":[\"Alquileres\",\"Finanzas\"],\"inLanguage\":\"es\"},{\"@type\":\"WebPage\",\"@id\":\"https:\\\/\\\/www.rentila.es\\\/support\\\/archives\\\/64\",\"url\":\"https:\\\/\\\/www.rentila.es\\\/support\\\/archives\\\/64\",\"name\":\"Rentas, Facturas y Avisos de pago Centro de Apoyo - Rentila\",\"isPartOf\":{\"@id\":\"https:\\\/\\\/www.rentila.es\\\/support\\\/#website\"},\"datePublished\":\"2014-08-08T18:30:21+00:00\",\"dateModified\":\"2024-06-07T18:19:33+00:00\",\"author\":{\"@id\":\"https:\\\/\\\/www.rentila.es\\\/support\\\/#\\\/schema\\\/person\\\/93c91de0563e856d4f360178efd045e1\"},\"breadcrumb\":{\"@id\":\"https:\\\/\\\/www.rentila.es\\\/support\\\/archives\\\/64#breadcrumb\"},\"inLanguage\":\"es\",\"potentialAction\":[{\"@type\":\"ReadAction\",\"target\":[\"https:\\\/\\\/www.rentila.es\\\/support\\\/archives\\\/64\"]}]},{\"@type\":\"BreadcrumbList\",\"@id\":\"https:\\\/\\\/www.rentila.es\\\/support\\\/archives\\\/64#breadcrumb\",\"itemListElement\":[{\"@type\":\"ListItem\",\"position\":1,\"name\":\"Accueil\",\"item\":\"https:\\\/\\\/www.rentila.es\\\/support\\\/\"},{\"@type\":\"ListItem\",\"position\":2,\"name\":\"Rentas, Facturas y Avisos de pago\"}]},{\"@type\":\"WebSite\",\"@id\":\"https:\\\/\\\/www.rentila.es\\\/support\\\/#website\",\"url\":\"https:\\\/\\\/www.rentila.es\\\/support\\\/\",\"name\":\"Centro de Apoyo - Rentila\",\"description\":\"\",\"potentialAction\":[{\"@type\":\"SearchAction\",\"target\":{\"@type\":\"EntryPoint\",\"urlTemplate\":\"https:\\\/\\\/www.rentila.es\\\/support\\\/?s={search_term_string}\"},\"query-input\":{\"@type\":\"PropertyValueSpecification\",\"valueRequired\":true,\"valueName\":\"search_term_string\"}}],\"inLanguage\":\"es\"},{\"@type\":\"Person\",\"@id\":\"https:\\\/\\\/www.rentila.es\\\/support\\\/#\\\/schema\\\/person\\\/93c91de0563e856d4f360178efd045e1\",\"name\":\"admin\",\"image\":{\"@type\":\"ImageObject\",\"inLanguage\":\"es\",\"@id\":\"https:\\\/\\\/secure.gravatar.com\\\/avatar\\\/20e4a7d3e81bf2b540f56b8c153cb632e62dc95802d33694aa38846415dc20d1?s=96&d=mm&r=g\",\"url\":\"https:\\\/\\\/secure.gravatar.com\\\/avatar\\\/20e4a7d3e81bf2b540f56b8c153cb632e62dc95802d33694aa38846415dc20d1?s=96&d=mm&r=g\",\"contentUrl\":\"https:\\\/\\\/secure.gravatar.com\\\/avatar\\\/20e4a7d3e81bf2b540f56b8c153cb632e62dc95802d33694aa38846415dc20d1?s=96&d=mm&r=g\",\"caption\":\"admin\"},\"url\":\"https:\\\/\\\/www.rentila.es\\\/support\\\/archives\\\/author\\\/admin\"}]}<\/script>\n<!-- \/ Yoast SEO plugin. -->","yoast_head_json":{"title":"Rentas, Facturas y Avisos de pago Centro de Apoyo - Rentila","robots":{"index":"index","follow":"follow","max-snippet":"max-snippet:-1","max-image-preview":"max-image-preview:large","max-video-preview":"max-video-preview:-1"},"canonical":"https:\/\/www.rentila.es\/support\/archives\/64","og_locale":"es_ES","og_type":"article","og_title":"Rentas, Facturas y Avisos de pago Centro de Apoyo - Rentila","og_description":"Generaci\u00f3n de Alquileres Para cada contrato de arrendamiento, los alquileres y los avisos de vencimiento se generan autom\u00e1ticamente el primer d\u00eda del mes de forma predeterminada, a menos que se indique lo contrario. Tienes la posibilidad de definir la fecha en la que deseas generar el aviso y el alquiler, agregando un per\u00edodo de d\u00edas","og_url":"https:\/\/www.rentila.es\/support\/archives\/64","og_site_name":"Centro de Apoyo - Rentila","article_published_time":"2014-08-08T18:30:21+00:00","article_modified_time":"2024-06-07T18:19:33+00:00","author":"admin","twitter_card":"summary_large_image","twitter_misc":{"Escrito por":"admin","Tiempo de lectura":"2 minutos"},"schema":{"@context":"https:\/\/schema.org","@graph":[{"@type":"Article","@id":"https:\/\/www.rentila.es\/support\/archives\/64#article","isPartOf":{"@id":"https:\/\/www.rentila.es\/support\/archives\/64"},"author":{"name":"admin","@id":"https:\/\/www.rentila.es\/support\/#\/schema\/person\/93c91de0563e856d4f360178efd045e1"},"headline":"Rentas, Facturas y Avisos de pago","datePublished":"2014-08-08T18:30:21+00:00","dateModified":"2024-06-07T18:19:33+00:00","mainEntityOfPage":{"@id":"https:\/\/www.rentila.es\/support\/archives\/64"},"wordCount":1576,"keywords":["\u00a0Aviso","\u00a0Recibo","Factura","Pagos","Personalizar"],"articleSection":["Alquileres","Finanzas"],"inLanguage":"es"},{"@type":"WebPage","@id":"https:\/\/www.rentila.es\/support\/archives\/64","url":"https:\/\/www.rentila.es\/support\/archives\/64","name":"Rentas, Facturas y Avisos de pago Centro de Apoyo - Rentila","isPartOf":{"@id":"https:\/\/www.rentila.es\/support\/#website"},"datePublished":"2014-08-08T18:30:21+00:00","dateModified":"2024-06-07T18:19:33+00:00","author":{"@id":"https:\/\/www.rentila.es\/support\/#\/schema\/person\/93c91de0563e856d4f360178efd045e1"},"breadcrumb":{"@id":"https:\/\/www.rentila.es\/support\/archives\/64#breadcrumb"},"inLanguage":"es","potentialAction":[{"@type":"ReadAction","target":["https:\/\/www.rentila.es\/support\/archives\/64"]}]},{"@type":"BreadcrumbList","@id":"https:\/\/www.rentila.es\/support\/archives\/64#breadcrumb","itemListElement":[{"@type":"ListItem","position":1,"name":"Accueil","item":"https:\/\/www.rentila.es\/support\/"},{"@type":"ListItem","position":2,"name":"Rentas, Facturas y Avisos de pago"}]},{"@type":"WebSite","@id":"https:\/\/www.rentila.es\/support\/#website","url":"https:\/\/www.rentila.es\/support\/","name":"Centro de Apoyo - Rentila","description":"","potentialAction":[{"@type":"SearchAction","target":{"@type":"EntryPoint","urlTemplate":"https:\/\/www.rentila.es\/support\/?s={search_term_string}"},"query-input":{"@type":"PropertyValueSpecification","valueRequired":true,"valueName":"search_term_string"}}],"inLanguage":"es"},{"@type":"Person","@id":"https:\/\/www.rentila.es\/support\/#\/schema\/person\/93c91de0563e856d4f360178efd045e1","name":"admin","image":{"@type":"ImageObject","inLanguage":"es","@id":"https:\/\/secure.gravatar.com\/avatar\/20e4a7d3e81bf2b540f56b8c153cb632e62dc95802d33694aa38846415dc20d1?s=96&d=mm&r=g","url":"https:\/\/secure.gravatar.com\/avatar\/20e4a7d3e81bf2b540f56b8c153cb632e62dc95802d33694aa38846415dc20d1?s=96&d=mm&r=g","contentUrl":"https:\/\/secure.gravatar.com\/avatar\/20e4a7d3e81bf2b540f56b8c153cb632e62dc95802d33694aa38846415dc20d1?s=96&d=mm&r=g","caption":"admin"},"url":"https:\/\/www.rentila.es\/support\/archives\/author\/admin"}]}},"_links":{"self":[{"href":"https:\/\/www.rentila.es\/support\/wp-json\/wp\/v2\/posts\/64","targetHints":{"allow":["GET"]}}],"collection":[{"href":"https:\/\/www.rentila.es\/support\/wp-json\/wp\/v2\/posts"}],"about":[{"href":"https:\/\/www.rentila.es\/support\/wp-json\/wp\/v2\/types\/post"}],"author":[{"embeddable":true,"href":"https:\/\/www.rentila.es\/support\/wp-json\/wp\/v2\/users\/1"}],"replies":[{"embeddable":true,"href":"https:\/\/www.rentila.es\/support\/wp-json\/wp\/v2\/comments?post=64"}],"version-history":[{"count":32,"href":"https:\/\/www.rentila.es\/support\/wp-json\/wp\/v2\/posts\/64\/revisions"}],"predecessor-version":[{"id":3263,"href":"https:\/\/www.rentila.es\/support\/wp-json\/wp\/v2\/posts\/64\/revisions\/3263"}],"wp:attachment":[{"href":"https:\/\/www.rentila.es\/support\/wp-json\/wp\/v2\/media?parent=64"}],"wp:term":[{"taxonomy":"category","embeddable":true,"href":"https:\/\/www.rentila.es\/support\/wp-json\/wp\/v2\/categories?post=64"},{"taxonomy":"post_tag","embeddable":true,"href":"https:\/\/www.rentila.es\/support\/wp-json\/wp\/v2\/tags?post=64"}],"curies":[{"name":"wp","href":"https:\/\/api.w.org\/{rel}","templated":true}]}}