{"id":983,"date":"2015-03-07T20:16:25","date_gmt":"2015-03-07T19:16:25","guid":{"rendered":"http:\/\/support.rentila.com\/?p=983"},"modified":"2024-06-04T19:08:29","modified_gmt":"2024-06-04T17:08:29","slug":"location-desactivee-suite-a-inactivite-compte","status":"publish","type":"post","link":"https:\/\/www.rentila.es\/support\/archives\/983","title":{"rendered":"Desactivar un alquiler"},"content":{"rendered":"<h3>Desactivar un alquiler<\/h3>\n<p>Tienes la opci\u00f3n de desactivar un alquiler, lo que evitar\u00e1 que el sistema genere nuevos alquileres. Luego podr\u00e1s archivarlo.<\/p>\n<p>Si deseas desactivar un alquiler existente, ve a la secci\u00f3n \u00abAlquileres\u00bb, haz clic en la acci\u00f3n \u00abDesactivar\u00bb a la derecha del alquiler en cuesti\u00f3n.<\/p>\n<h3>Alquiler desactivado por el sistema<\/h3>\n<p>Un alquiler puede ser desactivado autom\u00e1ticamente por el sistema por las siguientes razones:<\/p>\n<ul>\n<li><strong>El alquiler ha terminado.<\/strong> Cuando el alquiler ha finalizado, es decir, la fecha de finalizaci\u00f3n ha pasado y la casilla \u00abRenovaci\u00f3n autom\u00e1tica\u00bb no est\u00e1 marcada.<\/li>\n<li><strong>En caso de inactividad prolongada de la cuenta.<\/strong> Si no has accedido a tu cuenta durante varios meses, el software desactiva autom\u00e1ticamente los alquileres.<\/li>\n<\/ul>\n<h3>Reactivar un alquiler<\/h3>\n<ul>\n<li>Para <strong>reactivar un alquiler que ha terminado<\/strong>, haz clic en la acci\u00f3n \u00abModificar\u00bb a la derecha del alquiler en cuesti\u00f3n, marca la casilla \u00abRenovaci\u00f3n autom\u00e1tica\u00bb y guarda los cambios. Luego, para reactivarlo, ve nuevamente a las acciones a la derecha y haz clic en \u00abActivar\u00bb.<\/li>\n<li>Para <strong>reactivar un alquiler desactivado debido a la inactividad de la cuenta<\/strong>, haz clic en la acci\u00f3n \u00abActivar\u00bb a la derecha del alquiler en cuesti\u00f3n.<\/li>\n<\/ul>\n","protected":false},"excerpt":{"rendered":"<p>Desactivar un alquiler Tienes la opci\u00f3n de desactivar un alquiler, lo que evitar\u00e1 que el sistema genere nuevos alquileres. Luego podr\u00e1s archivarlo. Si deseas desactivar un alquiler existente, ve a la secci\u00f3n \u00abAlquileres\u00bb, haz clic en la acci\u00f3n \u00abDesactivar\u00bb a la derecha del alquiler en cuesti\u00f3n. Alquiler desactivado por el sistema Un alquiler puede ser<\/p>\n","protected":false},"author":1,"featured_media":0,"comment_status":"closed","ping_status":"closed","sticky":false,"template":"","format":"standard","meta":{"footnotes":""},"categories":[7],"tags":[25],"class_list":["post-983","post","type-post","status-publish","format-standard","hentry","category-tenancies","tag-alquiler"],"yoast_head":"<!-- This site is optimized with the Yoast SEO plugin v27.3 - https:\/\/yoast.com\/product\/yoast-seo-wordpress\/ -->\n<title>Desactivar un alquiler Centro de Apoyo - Rentila<\/title>\n<meta name=\"robots\" content=\"index, follow, max-snippet:-1, max-image-preview:large, max-video-preview:-1\" \/>\n<link rel=\"canonical\" href=\"https:\/\/www.rentila.es\/support\/archives\/983\" \/>\n<meta property=\"og:locale\" content=\"es_ES\" \/>\n<meta property=\"og:type\" content=\"article\" \/>\n<meta property=\"og:title\" content=\"Desactivar un alquiler Centro de Apoyo - Rentila\" \/>\n<meta property=\"og:description\" content=\"Desactivar un alquiler Tienes la opci\u00f3n de desactivar un alquiler, lo que evitar\u00e1 que el sistema genere nuevos alquileres. Luego podr\u00e1s archivarlo. Si deseas desactivar un alquiler existente, ve a la secci\u00f3n \u00abAlquileres\u00bb, haz clic en la acci\u00f3n \u00abDesactivar\u00bb a la derecha del alquiler en cuesti\u00f3n. Alquiler desactivado por el sistema Un alquiler puede ser\" \/>\n<meta property=\"og:url\" content=\"https:\/\/www.rentila.es\/support\/archives\/983\" \/>\n<meta property=\"og:site_name\" content=\"Centro de Apoyo - Rentila\" \/>\n<meta property=\"article:published_time\" content=\"2015-03-07T19:16:25+00:00\" \/>\n<meta property=\"article:modified_time\" content=\"2024-06-04T17:08:29+00:00\" \/>\n<meta name=\"author\" content=\"admin\" \/>\n<meta name=\"twitter:card\" content=\"summary_large_image\" \/>\n<meta name=\"twitter:label1\" content=\"Escrito por\" \/>\n\t<meta name=\"twitter:data1\" content=\"admin\" \/>\n\t<meta name=\"twitter:label2\" content=\"Tiempo de lectura\" \/>\n\t<meta name=\"twitter:data2\" content=\"1 minuto\" \/>\n<script type=\"application\/ld+json\" class=\"yoast-schema-graph\">{\"@context\":\"https:\\\/\\\/schema.org\",\"@graph\":[{\"@type\":\"Article\",\"@id\":\"https:\\\/\\\/www.rentila.es\\\/support\\\/archives\\\/983#article\",\"isPartOf\":{\"@id\":\"https:\\\/\\\/www.rentila.es\\\/support\\\/archives\\\/983\"},\"author\":{\"name\":\"admin\",\"@id\":\"https:\\\/\\\/www.rentila.es\\\/support\\\/#\\\/schema\\\/person\\\/93c91de0563e856d4f360178efd045e1\"},\"headline\":\"Desactivar un alquiler\",\"datePublished\":\"2015-03-07T19:16:25+00:00\",\"dateModified\":\"2024-06-04T17:08:29+00:00\",\"mainEntityOfPage\":{\"@id\":\"https:\\\/\\\/www.rentila.es\\\/support\\\/archives\\\/983\"},\"wordCount\":205,\"keywords\":[\"Alquiler\"],\"articleSection\":[\"Alquileres\"],\"inLanguage\":\"es\"},{\"@type\":\"WebPage\",\"@id\":\"https:\\\/\\\/www.rentila.es\\\/support\\\/archives\\\/983\",\"url\":\"https:\\\/\\\/www.rentila.es\\\/support\\\/archives\\\/983\",\"name\":\"Desactivar un alquiler Centro de Apoyo - Rentila\",\"isPartOf\":{\"@id\":\"https:\\\/\\\/www.rentila.es\\\/support\\\/#website\"},\"datePublished\":\"2015-03-07T19:16:25+00:00\",\"dateModified\":\"2024-06-04T17:08:29+00:00\",\"author\":{\"@id\":\"https:\\\/\\\/www.rentila.es\\\/support\\\/#\\\/schema\\\/person\\\/93c91de0563e856d4f360178efd045e1\"},\"breadcrumb\":{\"@id\":\"https:\\\/\\\/www.rentila.es\\\/support\\\/archives\\\/983#breadcrumb\"},\"inLanguage\":\"es\",\"potentialAction\":[{\"@type\":\"ReadAction\",\"target\":[\"https:\\\/\\\/www.rentila.es\\\/support\\\/archives\\\/983\"]}]},{\"@type\":\"BreadcrumbList\",\"@id\":\"https:\\\/\\\/www.rentila.es\\\/support\\\/archives\\\/983#breadcrumb\",\"itemListElement\":[{\"@type\":\"ListItem\",\"position\":1,\"name\":\"Accueil\",\"item\":\"https:\\\/\\\/www.rentila.es\\\/support\\\/\"},{\"@type\":\"ListItem\",\"position\":2,\"name\":\"Desactivar un alquiler\"}]},{\"@type\":\"WebSite\",\"@id\":\"https:\\\/\\\/www.rentila.es\\\/support\\\/#website\",\"url\":\"https:\\\/\\\/www.rentila.es\\\/support\\\/\",\"name\":\"Centro de Apoyo - Rentila\",\"description\":\"\",\"potentialAction\":[{\"@type\":\"SearchAction\",\"target\":{\"@type\":\"EntryPoint\",\"urlTemplate\":\"https:\\\/\\\/www.rentila.es\\\/support\\\/?s={search_term_string}\"},\"query-input\":{\"@type\":\"PropertyValueSpecification\",\"valueRequired\":true,\"valueName\":\"search_term_string\"}}],\"inLanguage\":\"es\"},{\"@type\":\"Person\",\"@id\":\"https:\\\/\\\/www.rentila.es\\\/support\\\/#\\\/schema\\\/person\\\/93c91de0563e856d4f360178efd045e1\",\"name\":\"admin\",\"image\":{\"@type\":\"ImageObject\",\"inLanguage\":\"es\",\"@id\":\"https:\\\/\\\/secure.gravatar.com\\\/avatar\\\/20e4a7d3e81bf2b540f56b8c153cb632e62dc95802d33694aa38846415dc20d1?s=96&d=mm&r=g\",\"url\":\"https:\\\/\\\/secure.gravatar.com\\\/avatar\\\/20e4a7d3e81bf2b540f56b8c153cb632e62dc95802d33694aa38846415dc20d1?s=96&d=mm&r=g\",\"contentUrl\":\"https:\\\/\\\/secure.gravatar.com\\\/avatar\\\/20e4a7d3e81bf2b540f56b8c153cb632e62dc95802d33694aa38846415dc20d1?s=96&d=mm&r=g\",\"caption\":\"admin\"},\"url\":\"https:\\\/\\\/www.rentila.es\\\/support\\\/archives\\\/author\\\/admin\"}]}<\/script>\n<!-- \/ Yoast SEO plugin. -->","yoast_head_json":{"title":"Desactivar un alquiler Centro de Apoyo - Rentila","robots":{"index":"index","follow":"follow","max-snippet":"max-snippet:-1","max-image-preview":"max-image-preview:large","max-video-preview":"max-video-preview:-1"},"canonical":"https:\/\/www.rentila.es\/support\/archives\/983","og_locale":"es_ES","og_type":"article","og_title":"Desactivar un alquiler Centro de Apoyo - Rentila","og_description":"Desactivar un alquiler Tienes la opci\u00f3n de desactivar un alquiler, lo que evitar\u00e1 que el sistema genere nuevos alquileres. Luego podr\u00e1s archivarlo. Si deseas desactivar un alquiler existente, ve a la secci\u00f3n \u00abAlquileres\u00bb, haz clic en la acci\u00f3n \u00abDesactivar\u00bb a la derecha del alquiler en cuesti\u00f3n. Alquiler desactivado por el sistema Un alquiler puede ser","og_url":"https:\/\/www.rentila.es\/support\/archives\/983","og_site_name":"Centro de Apoyo - Rentila","article_published_time":"2015-03-07T19:16:25+00:00","article_modified_time":"2024-06-04T17:08:29+00:00","author":"admin","twitter_card":"summary_large_image","twitter_misc":{"Escrito por":"admin","Tiempo de lectura":"1 minuto"},"schema":{"@context":"https:\/\/schema.org","@graph":[{"@type":"Article","@id":"https:\/\/www.rentila.es\/support\/archives\/983#article","isPartOf":{"@id":"https:\/\/www.rentila.es\/support\/archives\/983"},"author":{"name":"admin","@id":"https:\/\/www.rentila.es\/support\/#\/schema\/person\/93c91de0563e856d4f360178efd045e1"},"headline":"Desactivar un alquiler","datePublished":"2015-03-07T19:16:25+00:00","dateModified":"2024-06-04T17:08:29+00:00","mainEntityOfPage":{"@id":"https:\/\/www.rentila.es\/support\/archives\/983"},"wordCount":205,"keywords":["Alquiler"],"articleSection":["Alquileres"],"inLanguage":"es"},{"@type":"WebPage","@id":"https:\/\/www.rentila.es\/support\/archives\/983","url":"https:\/\/www.rentila.es\/support\/archives\/983","name":"Desactivar un alquiler Centro de Apoyo - Rentila","isPartOf":{"@id":"https:\/\/www.rentila.es\/support\/#website"},"datePublished":"2015-03-07T19:16:25+00:00","dateModified":"2024-06-04T17:08:29+00:00","author":{"@id":"https:\/\/www.rentila.es\/support\/#\/schema\/person\/93c91de0563e856d4f360178efd045e1"},"breadcrumb":{"@id":"https:\/\/www.rentila.es\/support\/archives\/983#breadcrumb"},"inLanguage":"es","potentialAction":[{"@type":"ReadAction","target":["https:\/\/www.rentila.es\/support\/archives\/983"]}]},{"@type":"BreadcrumbList","@id":"https:\/\/www.rentila.es\/support\/archives\/983#breadcrumb","itemListElement":[{"@type":"ListItem","position":1,"name":"Accueil","item":"https:\/\/www.rentila.es\/support\/"},{"@type":"ListItem","position":2,"name":"Desactivar un alquiler"}]},{"@type":"WebSite","@id":"https:\/\/www.rentila.es\/support\/#website","url":"https:\/\/www.rentila.es\/support\/","name":"Centro de Apoyo - Rentila","description":"","potentialAction":[{"@type":"SearchAction","target":{"@type":"EntryPoint","urlTemplate":"https:\/\/www.rentila.es\/support\/?s={search_term_string}"},"query-input":{"@type":"PropertyValueSpecification","valueRequired":true,"valueName":"search_term_string"}}],"inLanguage":"es"},{"@type":"Person","@id":"https:\/\/www.rentila.es\/support\/#\/schema\/person\/93c91de0563e856d4f360178efd045e1","name":"admin","image":{"@type":"ImageObject","inLanguage":"es","@id":"https:\/\/secure.gravatar.com\/avatar\/20e4a7d3e81bf2b540f56b8c153cb632e62dc95802d33694aa38846415dc20d1?s=96&d=mm&r=g","url":"https:\/\/secure.gravatar.com\/avatar\/20e4a7d3e81bf2b540f56b8c153cb632e62dc95802d33694aa38846415dc20d1?s=96&d=mm&r=g","contentUrl":"https:\/\/secure.gravatar.com\/avatar\/20e4a7d3e81bf2b540f56b8c153cb632e62dc95802d33694aa38846415dc20d1?s=96&d=mm&r=g","caption":"admin"},"url":"https:\/\/www.rentila.es\/support\/archives\/author\/admin"}]}},"_links":{"self":[{"href":"https:\/\/www.rentila.es\/support\/wp-json\/wp\/v2\/posts\/983","targetHints":{"allow":["GET"]}}],"collection":[{"href":"https:\/\/www.rentila.es\/support\/wp-json\/wp\/v2\/posts"}],"about":[{"href":"https:\/\/www.rentila.es\/support\/wp-json\/wp\/v2\/types\/post"}],"author":[{"embeddable":true,"href":"https:\/\/www.rentila.es\/support\/wp-json\/wp\/v2\/users\/1"}],"replies":[{"embeddable":true,"href":"https:\/\/www.rentila.es\/support\/wp-json\/wp\/v2\/comments?post=983"}],"version-history":[{"count":12,"href":"https:\/\/www.rentila.es\/support\/wp-json\/wp\/v2\/posts\/983\/revisions"}],"predecessor-version":[{"id":3417,"href":"https:\/\/www.rentila.es\/support\/wp-json\/wp\/v2\/posts\/983\/revisions\/3417"}],"wp:attachment":[{"href":"https:\/\/www.rentila.es\/support\/wp-json\/wp\/v2\/media?parent=983"}],"wp:term":[{"taxonomy":"category","embeddable":true,"href":"https:\/\/www.rentila.es\/support\/wp-json\/wp\/v2\/categories?post=983"},{"taxonomy":"post_tag","embeddable":true,"href":"https:\/\/www.rentila.es\/support\/wp-json\/wp\/v2\/tags?post=983"}],"curies":[{"name":"wp","href":"https:\/\/api.w.org\/{rel}","templated":true}]}}